{"id":2089,"date":"2020-10-04T16:00:45","date_gmt":"2020-10-04T16:00:45","guid":{"rendered":"http:\/\/aep61-74.org\/?p=2089"},"modified":"2022-12-02T14:47:30","modified_gmt":"2022-12-02T14:47:30","slug":"exilios-caleidoscopio-de-memorias","status":"publish","type":"post","link":"https:\/\/nsf.pt\/index.php\/2020\/10\/04\/exilios-caleidoscopio-de-memorias\/","title":{"rendered":"EX\u00cdLIOS | Caleidosc\u00f3pio de mem\u00f3rias"},"content":{"rendered":"\n<p><mark style=\"background-color:rgba(0, 0, 0, 0)\" class=\"has-inline-color has-vivid-red-color\">Sem Fronteiras <\/mark>| 4 de outubro 2020 | Projeto EX\u00cdLIOS F &#8211; Ex\u00edlios no feminino.<\/p>\n\n\n\n<p>Juntam-se como se estivessem \u00e0 volta da fogueira e conversam. As mem\u00f3rias dos tempos do ex\u00edlio emergem ao ritmo de um caleidosc\u00f3pio descontrolado. Aqui, em pleno Campo Grande, com ao painel cer\u00e2mico da Maria Em\u00edlia Silva Ara\u00fajo ali ao lado a inspirar diversidade, procuram dar fio \u00e0 meada, mas o cora\u00e7\u00e3o, patife e omnipotente,  engana a mem\u00f3ria. \u00c0s tantas \u00e9 a escuta que prevalece. Quem relata, recorda, revive, ouve-se bem mais, do que fala. Sim porque a voz tamb\u00e9m \u00e9 sil\u00eancio quando o passado \u00e9 percorrido com serenidade, \u00e0 imagem dos barcos do lago, ali mesmo em frente, que rasgam as \u00e1guas lentamente em travessias desordenadas.<\/p>\n\n\n\n<p>Beatriz, Em\u00edlia, Helena, Fernanda, Irene, Helena, Am\u00e9lia d\u00e3o tempo ao tempo. Ali o <em>drive-in<\/em> que viabilizou a recente recupera\u00e7\u00e3o do espa\u00e7o concebido em 1971 por Nuno San Payo n\u00e3o \u00e9 grande fonte de inspira\u00e7\u00e3o. Aqui seria mais <em>drive-slow<\/em> porque o objetivo, para al\u00e9m da narrativa das hist\u00f3rias de um ex\u00edlio vivido no feminino, \u00e9 tamb\u00e9m o conhecimento m\u00fatuo e o desejo de realizar algo que resulte de uma co-constru\u00e7\u00e3o que incorpore dimens\u00f5es verdadeiramente sentidas e assumidas pelo grupo no seu conjunto.<\/p>\n\n\n\n<p>Ex\u00edlios F &#8211; Ex\u00edlios no feminino, como projeto editorial, transporta o eco de uma ideia que surgiu logo a seguir \u00e0 publica\u00e7\u00e3o do livro Ex\u00edlios I. Circunst\u00e2ncias diversas dificultaram e impediram mesmo que a ideia original se concretizasse. Mas o projeto est\u00e1 a\u00ed. A dar os primeiros passos. Na estrutura\u00e7\u00e3o da vers\u00e3o atual afirma-se: <strong>a ideia de realizar uma publica\u00e7\u00e3o espec\u00edfica sobre Mulheres do Ex\u00edlio resulta de uma avalia\u00e7\u00e3o, quer da abordagem t\u00edmida que as publica\u00e7\u00f5es anteriores desenvolveram sobre a especificidade do tema, quer ainda da inten\u00e7\u00e3o de destacar uma rela\u00e7\u00e3o mais forte entre as experi\u00eancias no ex\u00edlio e as participa\u00e7\u00f5es posteriores em diversos dom\u00ednios da sociedade portuguesa das mulheres que viveram noutros pa\u00edses antes do 25 de abril.<\/strong><\/p>\n\n\n\n<p>Os pr\u00f3ximos tempos ir\u00e3o fornecer os elementos necess\u00e1rios para a dinamiza\u00e7\u00e3o da segunda fase de um projeto que promete e que pretende envolver outras experi\u00eancias e colabora\u00e7\u00f5es quando tal for oportuno.<\/p>\n\n\n\n<div style=\"height:15px\" aria-hidden=\"true\" class=\"wp-block-spacer\"><\/div>\n\n\n\n<figure class=\"wp-block-gallery has-nested-images columns-default is-cropped wp-block-gallery-1 is-layout-flex wp-block-gallery-is-layout-flex\">\n<figure class=\"wp-block-image size-large is-style-default\"><img decoding=\"async\" loading=\"lazy\" width=\"300\" height=\"155\" data-id=\"8515\" src=\"https:\/\/semfronteiras.eu\/wp-content\/uploads\/2022\/12\/exilios-F_img1-300x155-1.png\" alt=\"\" class=\"wp-image-8515\"\/><\/figure>\n<\/figure>\n\n\n\n<p>(Esq. para a Dir.) Fernanda Marques, Am\u00e9lia Resende, Beatriz Abrantes, Maria Em\u00edlia Brederode dos Santos, Am\u00e9lia Rato, Helena cabe\u00e7adas e Irene Pimentel.<\/p>\n\n\n\n<p><em>Foto : cedida pelo Grupo Ex\u00edlios F &#8211; Ex\u00edlios oa Feminino.<\/em><\/p>\n","protected":false},"excerpt":{"rendered":"<p>Sem Fronteiras | 4 de outubro 2020 | Projeto EX\u00cdLIOS F &#8211; Ex\u00edlios no feminino&#8230;.<\/p>\n","protected":false},"author":2,"featured_media":2091,"comment_status":"closed","ping_status":"closed","sticky":false,"template":"","format":"standard","meta":{"sfsi_plus_gutenberg_text_before_share":"","sfsi_plus_gutenberg_show_text_before_share":"","sfsi_plus_gutenberg_icon_type":"","sfsi_plus_gutenberg_icon_alignemt":"","sfsi_plus_gutenburg_max_per_row":"","ngg_post_thumbnail":0,"footnotes":""},"categories":[381],"tags":[71,92],"featured_image_urls":{"full":["https:\/\/nsf.pt\/wp-content\/uploads\/2020\/10\/exilios-F_img1.png",1267,654,false],"thumbnail":["https:\/\/nsf.pt\/wp-content\/uploads\/2020\/10\/exilios-F_img1-150x150.png",150,150,true],"medium":["https:\/\/nsf.pt\/wp-content\/uploads\/2020\/10\/exilios-F_img1-300x155.png",300,155,true],"medium_large":["https:\/\/nsf.pt\/wp-content\/uploads\/2020\/10\/exilios-F_img1-768x396.png",640,330,true],"large":["https:\/\/nsf.pt\/wp-content\/uploads\/2020\/10\/exilios-F_img1-1024x529.png",640,331,true],"1536x1536":["https:\/\/nsf.pt\/wp-content\/uploads\/2020\/10\/exilios-F_img1.png",1267,654,false],"2048x2048":["https:\/\/nsf.pt\/wp-content\/uploads\/2020\/10\/exilios-F_img1.png",1267,654,false],"covernews-slider-full":["https:\/\/nsf.pt\/wp-content\/uploads\/2020\/10\/exilios-F_img1.png",1115,576,false],"covernews-slider-center":["https:\/\/nsf.pt\/wp-content\/uploads\/2020\/10\/exilios-F_img1.png",800,413,false],"covernews-featured":["https:\/\/nsf.pt\/wp-content\/uploads\/2020\/10\/exilios-F_img1.png",1024,529,false],"covernews-medium":["https:\/\/nsf.pt\/wp-content\/uploads\/2020\/10\/exilios-F_img1.png",540,279,false],"covernews-medium-square":["https:\/\/nsf.pt\/wp-content\/uploads\/2020\/10\/exilios-F_img1.png",400,206,false]},"author_info":{"info":["Carlos Ribeiro"]},"category_info":"<a href=\"https:\/\/nsf.pt\/index.php\/category\/livros-do-exilio\/\" rel=\"category tag\">Livros do Ex\u00edlio<\/a>","tag_info":"Livros do Ex\u00edlio","comment_count":"0","_links":{"self":[{"href":"https:\/\/nsf.pt\/index.php\/wp-json\/wp\/v2\/posts\/2089"}],"collection":[{"href":"https:\/\/nsf.pt\/index.php\/wp-json\/wp\/v2\/posts"}],"about":[{"href":"https:\/\/nsf.pt\/index.php\/wp-json\/wp\/v2\/types\/post"}],"author":[{"embeddable":true,"href":"https:\/\/nsf.pt\/index.php\/wp-json\/wp\/v2\/users\/2"}],"replies":[{"embeddable":true,"href":"https:\/\/nsf.pt\/index.php\/wp-json\/wp\/v2\/comments?post=2089"}],"version-history":[{"count":2,"href":"https:\/\/nsf.pt\/index.php\/wp-json\/wp\/v2\/posts\/2089\/revisions"}],"predecessor-version":[{"id":8516,"href":"https:\/\/nsf.pt\/index.php\/wp-json\/wp\/v2\/posts\/2089\/revisions\/8516"}],"wp:featuredmedia":[{"embeddable":true,"href":"https:\/\/nsf.pt\/index.php\/wp-json\/wp\/v2\/media\/2091"}],"wp:attachment":[{"href":"https:\/\/nsf.pt\/index.php\/wp-json\/wp\/v2\/media?parent=2089"}],"wp:term":[{"taxonomy":"category","embeddable":true,"href":"https:\/\/nsf.pt\/index.php\/wp-json\/wp\/v2\/categories?post=2089"},{"taxonomy":"post_tag","embeddable":true,"href":"https:\/\/nsf.pt\/index.php\/wp-json\/wp\/v2\/tags?post=2089"}],"curies":[{"name":"wp","href":"https:\/\/api.w.org\/{rel}","templated":true}]}}