{"id":2173,"date":"2020-10-27T01:23:12","date_gmt":"2020-10-27T01:23:12","guid":{"rendered":"http:\/\/aep61-74.org\/?p=2173"},"modified":"2020-12-29T00:04:34","modified_gmt":"2020-12-29T00:04:34","slug":"projetos-jornadas-vao-valorizar-memorias-locais-em-braganca","status":"publish","type":"post","link":"https:\/\/nsf.pt\/index.php\/2020\/10\/27\/projetos-jornadas-vao-valorizar-memorias-locais-em-braganca\/","title":{"rendered":"PROJETOS | Jornadas v\u00e3o valorizar mem\u00f3rias locais em Bragan\u00e7a"},"content":{"rendered":"\n<p>SEM FRONTEIRAS | 27 de outubro | OFICINAS DAS MEM\u00d3RIAS LOCAIS | O Museu do Abade de Ba\u00e7al, em Bragan\u00e7a,  acolheu  uma delega\u00e7\u00e3o da Associa\u00e7\u00e3o de Exilados Pol\u00edticos Portugueses para estabelecer um programa conjunto que venha a mobilizar as popula\u00e7\u00f5es locais para iniciativas culturais e educativas em torno de mem\u00f3rias relacionadas com a imigra\u00e7\u00e3o, o salto nas fronteiras de proximidade e os movimentos locais de contesta\u00e7\u00e3o e combate aos regimes ditaturiais quer em Portugal, quer em Espanha.<\/p>\n\n\n\n<p>N\u00e3o ser\u00e1 a primeira iniciativa que procurar\u00e1 recuperar temas de um passado recente relacionado com a imigra\u00e7\u00e3o e a pobreza que antes do 25 de abril marcavam a vida na regi\u00e3o. Desta feita a abordagem que poder\u00e1 ser central, na coopera\u00e7\u00e3o entre a AEP e o Museu do Abade de Ba\u00e7al, residir\u00e1 na vontade conjunta de dar protagonismo \u00e0s popula\u00e7\u00f5es das aldeias mais afetadas ou envolvidas nos acontecimentos passados, promovendo a sua  auto-organiza\u00e7\u00e3o na dinamiza\u00e7\u00e3o de  iniciativas, muitas delas ainda por definir. <\/p>\n\n\n\n<p>Pretende-se que as atividades a realizar se enquadram no conceito program\u00e1tico das Oficinas das Mem\u00f3rias Locais que a associa\u00e7\u00e3o de exilados quer promover em todo o  territ\u00f3rio nacional com os seguintes objetivos:<\/p>\n\n\n\n<ul><li>Identificar e estruturar formas e express\u00f5es do patrim\u00f3nio imaterial local para valorizar os territ\u00f3rios e refor\u00e7ar as suas dimens\u00f5es identit\u00e1rias;<\/li><li>dinamizar processos de auto-organiza\u00e7\u00e3o das popula\u00e7\u00f5es locais em torno do seu patrim\u00f3nio imaterial para facilitar outras iniciativas de natureza econ\u00f3mica, social, ambiental e cultural;<\/li><li>produzir evid\u00eancias do patrim\u00f3nio identificado para as relacionar com as institui\u00e7\u00f5es dos territ\u00f3rios, criando instrumentos de anima\u00e7\u00e3o pedag\u00f3gica e social de um patrim\u00f3nio vivo.<\/li><\/ul>\n\n\n\n<figure class=\"wp-block-image size-large\"><img decoding=\"async\" loading=\"lazy\" width=\"1024\" height=\"768\" src=\"http:\/\/aep61-74.org\/wp-content\/uploads\/2020\/10\/20201014_151534-1024x768.jpg\" alt=\"\" class=\"wp-image-2183\" srcset=\"https:\/\/nsf.pt\/wp-content\/uploads\/2020\/10\/20201014_151534-1024x768.jpg 1024w, https:\/\/nsf.pt\/wp-content\/uploads\/2020\/10\/20201014_151534-300x225.jpg 300w, https:\/\/nsf.pt\/wp-content\/uploads\/2020\/10\/20201014_151534-768x576.jpg 768w, https:\/\/nsf.pt\/wp-content\/uploads\/2020\/10\/20201014_151534-1536x1152.jpg 1536w, https:\/\/nsf.pt\/wp-content\/uploads\/2020\/10\/20201014_151534-2048x1536.jpg 2048w, https:\/\/nsf.pt\/wp-content\/uploads\/2020\/10\/20201014_151534-678x509.jpg 678w, https:\/\/nsf.pt\/wp-content\/uploads\/2020\/10\/20201014_151534-326x245.jpg 326w, https:\/\/nsf.pt\/wp-content\/uploads\/2020\/10\/20201014_151534-80x60.jpg 80w\" sizes=\"(max-width: 1024px) 100vw, 1024px\" \/><figcaption>Bragan\u00e7a e o seu rico patrim\u00f3nio edificado<\/figcaption><\/figure>\n\n\n\n<p>O protagonismo das popula\u00e7\u00f5es locais tamb\u00e9m poder\u00e1 estar presente numa  previs\u00edvel realiza\u00e7\u00e3o dos Encontros Imagin\u00e1rios de Bragan\u00e7a, na base do modelo desenvolvido pelo Grupo de Teatro A Barraca, envolvendo figuras p\u00fablicas do territ\u00f3rio e recuperando acontecimentos e situa\u00e7\u00f5es cr\u00edticas do percurso hist\u00f3rico bragantino.<\/p>\n\n\n\n<p>Museu do Abade de Ba\u00e7al e AEP v\u00e3o desenvolver esfor\u00e7os conjuntos para estabelecer um programa que incorpore o sentido de museu vivo por um lado e a perspetiva de combatividade e de inconformismo que a associa\u00e7\u00e3o de exilados pol\u00edticos portugueses pretende promover em defesa da democracia, da paz, dos direitos humanos e da coopera\u00e7\u00e3o transnacional contra os regimes ditaturiais e autorit\u00e1rios.<\/p>\n\n\n\n<figure class=\"wp-block-image size-large\"><img decoding=\"async\" loading=\"lazy\" width=\"1024\" height=\"768\" src=\"http:\/\/aep61-74.org\/wp-content\/uploads\/2020\/10\/20201014_174729-1024x768.jpg\" alt=\"\" class=\"wp-image-2185\" srcset=\"https:\/\/nsf.pt\/wp-content\/uploads\/2020\/10\/20201014_174729-1024x768.jpg 1024w, https:\/\/nsf.pt\/wp-content\/uploads\/2020\/10\/20201014_174729-300x225.jpg 300w, https:\/\/nsf.pt\/wp-content\/uploads\/2020\/10\/20201014_174729-768x576.jpg 768w, https:\/\/nsf.pt\/wp-content\/uploads\/2020\/10\/20201014_174729-1536x1152.jpg 1536w, https:\/\/nsf.pt\/wp-content\/uploads\/2020\/10\/20201014_174729-2048x1536.jpg 2048w, https:\/\/nsf.pt\/wp-content\/uploads\/2020\/10\/20201014_174729-678x509.jpg 678w, https:\/\/nsf.pt\/wp-content\/uploads\/2020\/10\/20201014_174729-326x245.jpg 326w, https:\/\/nsf.pt\/wp-content\/uploads\/2020\/10\/20201014_174729-80x60.jpg 80w\" sizes=\"(max-width: 1024px) 100vw, 1024px\" \/><figcaption>Grupo de s\u00f3cios e amigos da AEP em Bragan\u00e7a<\/figcaption><\/figure>\n\n\n\n<figure class=\"wp-block-image size-large\"><img decoding=\"async\" loading=\"lazy\" width=\"1024\" height=\"768\" src=\"http:\/\/aep61-74.org\/wp-content\/uploads\/2020\/10\/20201014_174816-1-1024x768.jpg\" alt=\"\" class=\"wp-image-2188\" srcset=\"https:\/\/nsf.pt\/wp-content\/uploads\/2020\/10\/20201014_174816-1-1024x768.jpg 1024w, https:\/\/nsf.pt\/wp-content\/uploads\/2020\/10\/20201014_174816-1-300x225.jpg 300w, https:\/\/nsf.pt\/wp-content\/uploads\/2020\/10\/20201014_174816-1-768x576.jpg 768w, https:\/\/nsf.pt\/wp-content\/uploads\/2020\/10\/20201014_174816-1-1536x1152.jpg 1536w, https:\/\/nsf.pt\/wp-content\/uploads\/2020\/10\/20201014_174816-1-2048x1536.jpg 2048w, https:\/\/nsf.pt\/wp-content\/uploads\/2020\/10\/20201014_174816-1-678x509.jpg 678w, https:\/\/nsf.pt\/wp-content\/uploads\/2020\/10\/20201014_174816-1-326x245.jpg 326w, https:\/\/nsf.pt\/wp-content\/uploads\/2020\/10\/20201014_174816-1-80x60.jpg 80w\" sizes=\"(max-width: 1024px) 100vw, 1024px\" \/><figcaption>Museu do Abade de Ba\u00e7al<\/figcaption><\/figure>\n\n\n\n<p><em>Fotos\u00a9 Carlos Ribeiro<\/em><\/p>\n","protected":false},"excerpt":{"rendered":"<p>SEM FRONTEIRAS | 27 de outubro | OFICINAS DAS MEM\u00d3RIAS LOCAIS | O Museu do&#8230;<\/p>\n","protected":false},"author":2,"featured_media":2186,"comment_status":"closed","ping_status":"closed","sticky":false,"template":"","format":"standard","meta":{"sfsi_plus_gutenberg_text_before_share":"","sfsi_plus_gutenberg_show_text_before_share":"","sfsi_plus_gutenberg_icon_type":"","sfsi_plus_gutenberg_icon_alignemt":"","sfsi_plus_gutenburg_max_per_row":"","ngg_post_thumbnail":0,"footnotes":""},"categories":[1],"tags":[84,69,92],"featured_image_urls":{"full":["https:\/\/nsf.pt\/wp-content\/uploads\/2020\/10\/20201014_163711-1-scaled.jpg",2560,1920,false],"thumbnail":["https:\/\/nsf.pt\/wp-content\/uploads\/2020\/10\/20201014_163711-1-150x150.jpg",150,150,true],"medium":["https:\/\/nsf.pt\/wp-content\/uploads\/2020\/10\/20201014_163711-1-300x225.jpg",300,225,true],"medium_large":["https:\/\/nsf.pt\/wp-content\/uploads\/2020\/10\/20201014_163711-1-768x576.jpg",640,480,true],"large":["https:\/\/nsf.pt\/wp-content\/uploads\/2020\/10\/20201014_163711-1-1024x768.jpg",640,480,true],"1536x1536":["https:\/\/nsf.pt\/wp-content\/uploads\/2020\/10\/20201014_163711-1-1536x1152.jpg",1536,1152,true],"2048x2048":["https:\/\/nsf.pt\/wp-content\/uploads\/2020\/10\/20201014_163711-1-2048x1536.jpg",2048,1536,true],"covernews-slider-full":["https:\/\/nsf.pt\/wp-content\/uploads\/2020\/10\/20201014_163711-1-scaled.jpg",953,715,false],"covernews-slider-center":["https:\/\/nsf.pt\/wp-content\/uploads\/2020\/10\/20201014_163711-1-scaled.jpg",667,500,false],"covernews-featured":["https:\/\/nsf.pt\/wp-content\/uploads\/2020\/10\/20201014_163711-1-scaled.jpg",1024,768,false],"covernews-medium":["https:\/\/nsf.pt\/wp-content\/uploads\/2020\/10\/20201014_163711-1-scaled.jpg",453,340,false],"covernews-medium-square":["https:\/\/nsf.pt\/wp-content\/uploads\/2020\/10\/20201014_163711-1-scaled.jpg",333,250,false]},"author_info":{"info":["Carlos Ribeiro"]},"category_info":"<a href=\"https:\/\/nsf.pt\/index.php\/category\/uncategorized\/\" rel=\"category tag\">Uncategorized<\/a>","tag_info":"Uncategorized","comment_count":"0","_links":{"self":[{"href":"https:\/\/nsf.pt\/index.php\/wp-json\/wp\/v2\/posts\/2173"}],"collection":[{"href":"https:\/\/nsf.pt\/index.php\/wp-json\/wp\/v2\/posts"}],"about":[{"href":"https:\/\/nsf.pt\/index.php\/wp-json\/wp\/v2\/types\/post"}],"author":[{"embeddable":true,"href":"https:\/\/nsf.pt\/index.php\/wp-json\/wp\/v2\/users\/2"}],"replies":[{"embeddable":true,"href":"https:\/\/nsf.pt\/index.php\/wp-json\/wp\/v2\/comments?post=2173"}],"version-history":[{"count":2,"href":"https:\/\/nsf.pt\/index.php\/wp-json\/wp\/v2\/posts\/2173\/revisions"}],"predecessor-version":[{"id":2189,"href":"https:\/\/nsf.pt\/index.php\/wp-json\/wp\/v2\/posts\/2173\/revisions\/2189"}],"wp:featuredmedia":[{"embeddable":true,"href":"https:\/\/nsf.pt\/index.php\/wp-json\/wp\/v2\/media\/2186"}],"wp:attachment":[{"href":"https:\/\/nsf.pt\/index.php\/wp-json\/wp\/v2\/media?parent=2173"}],"wp:term":[{"taxonomy":"category","embeddable":true,"href":"https:\/\/nsf.pt\/index.php\/wp-json\/wp\/v2\/categories?post=2173"},{"taxonomy":"post_tag","embeddable":true,"href":"https:\/\/nsf.pt\/index.php\/wp-json\/wp\/v2\/tags?post=2173"}],"curies":[{"name":"wp","href":"https:\/\/api.w.org\/{rel}","templated":true}]}}