{"id":2213,"date":"2020-10-30T15:24:08","date_gmt":"2020-10-30T15:24:08","guid":{"rendered":"http:\/\/aep61-74.org\/?p=2213"},"modified":"2020-12-29T00:04:00","modified_gmt":"2020-12-29T00:04:00","slug":"projetos-camara-de-braganca-estuda-projetos-com-a-aep","status":"publish","type":"post","link":"https:\/\/nsf.pt\/index.php\/2020\/10\/30\/projetos-camara-de-braganca-estuda-projetos-com-a-aep\/","title":{"rendered":"PROJETOS | C\u00e2mara de Bragan\u00e7a estuda projetos com a AEP"},"content":{"rendered":"\n<h4 class=\"wp-block-heading\"><span class=\"has-inline-color has-luminous-vivid-amber-color\"><strong>SEM FRONTEIRAS<\/strong><\/span> | INICIATIVAS AEP | Oficina das Mem\u00f3rias | A articula\u00e7\u00e3o entre as mem\u00f3rias locais e  desenvolvimento  dos territ\u00f3rios \u00e9 mat\u00e9ria de co-constru\u00e7\u00e3o. Trabalha-se na especificidade de cada local. Foi esta atua\u00e7\u00e3o explorat\u00f3ria que levou a AEP a reunir com o Presidente da C\u00e2mara de Bragan\u00e7a, na sede da autarquia local. <\/h4>\n\n\n\n<p>Hern\u00e2ni Dias acolheu a delega\u00e7\u00e3o da AEP &#8211; Associa\u00e7\u00e3o de Exilados Pol\u00edticos Portugueses com interesse e adiantou que os pontos de partida apresentados para a defini\u00e7\u00e3o de um programa de iniciativas locais se encaixam \u00e0 perfei\u00e7\u00e3o nas diversas atividades em curso ou programadas para 2021, com iniciativa ou apoio do munic\u00edpio.<\/p>\n\n\n\n<p>Bragan\u00e7a esteve no centro das abordagens e os elementos hist\u00f3ricos que poder\u00e3o vir a ser mobilizados para a\u00e7\u00f5es futuras em favor das popula\u00e7\u00f5es locais foram identificados e ser\u00e3o objeto de uma proposta concreta que surgir\u00e1  do trabalho conjunto com o Museu do Abade de Ba\u00e7al.<\/p>\n\n\n\n<figure class=\"wp-block-gallery alignwide columns-2 is-cropped wp-block-gallery-1 is-layout-flex wp-block-gallery-is-layout-flex\"><ul class=\"blocks-gallery-grid\"><li class=\"blocks-gallery-item\"><figure><img decoding=\"async\" loading=\"lazy\" width=\"1024\" height=\"768\" src=\"http:\/\/aep61-74.org\/wp-content\/uploads\/2020\/10\/20201030_141433-1024x768.jpg\" alt=\"\" data-id=\"2217\" data-full-url=\"http:\/\/aep61-74.org\/wp-content\/uploads\/2020\/10\/20201030_141433-scaled.jpg\" data-link=\"http:\/\/aep61-74.org\/?attachment_id=2217\" class=\"wp-image-2217\" srcset=\"https:\/\/nsf.pt\/wp-content\/uploads\/2020\/10\/20201030_141433-1024x768.jpg 1024w, https:\/\/nsf.pt\/wp-content\/uploads\/2020\/10\/20201030_141433-300x225.jpg 300w, https:\/\/nsf.pt\/wp-content\/uploads\/2020\/10\/20201030_141433-768x576.jpg 768w, https:\/\/nsf.pt\/wp-content\/uploads\/2020\/10\/20201030_141433-1536x1152.jpg 1536w, https:\/\/nsf.pt\/wp-content\/uploads\/2020\/10\/20201030_141433-2048x1536.jpg 2048w, https:\/\/nsf.pt\/wp-content\/uploads\/2020\/10\/20201030_141433-678x509.jpg 678w, https:\/\/nsf.pt\/wp-content\/uploads\/2020\/10\/20201030_141433-326x245.jpg 326w, https:\/\/nsf.pt\/wp-content\/uploads\/2020\/10\/20201030_141433-80x60.jpg 80w\" sizes=\"(max-width: 1024px) 100vw, 1024px\" \/><\/figure><\/li><li class=\"blocks-gallery-item\"><figure><img decoding=\"async\" loading=\"lazy\" width=\"1024\" height=\"768\" src=\"http:\/\/aep61-74.org\/wp-content\/uploads\/2020\/10\/20201030_141452-1024x768.jpg\" alt=\"\" data-id=\"2216\" data-full-url=\"http:\/\/aep61-74.org\/wp-content\/uploads\/2020\/10\/20201030_141452-scaled.jpg\" data-link=\"http:\/\/aep61-74.org\/?attachment_id=2216\" class=\"wp-image-2216\" srcset=\"https:\/\/nsf.pt\/wp-content\/uploads\/2020\/10\/20201030_141452-1024x768.jpg 1024w, https:\/\/nsf.pt\/wp-content\/uploads\/2020\/10\/20201030_141452-300x225.jpg 300w, https:\/\/nsf.pt\/wp-content\/uploads\/2020\/10\/20201030_141452-768x576.jpg 768w, https:\/\/nsf.pt\/wp-content\/uploads\/2020\/10\/20201030_141452-1536x1152.jpg 1536w, https:\/\/nsf.pt\/wp-content\/uploads\/2020\/10\/20201030_141452-2048x1536.jpg 2048w, https:\/\/nsf.pt\/wp-content\/uploads\/2020\/10\/20201030_141452-678x509.jpg 678w, https:\/\/nsf.pt\/wp-content\/uploads\/2020\/10\/20201030_141452-326x245.jpg 326w, https:\/\/nsf.pt\/wp-content\/uploads\/2020\/10\/20201030_141452-80x60.jpg 80w\" sizes=\"(max-width: 1024px) 100vw, 1024px\" \/><\/figure><\/li><\/ul><\/figure>\n\n\n\n<p>Uma publica\u00e7\u00e3o de elevada qualidade sobre Bragan\u00e7a foi oferecida aos representantes da AEP. O seu design, baseado na fotografia, facilita o  percurso pelos diversos dom\u00ednios que fazem de Bragan\u00e7a um territ\u00f3rio marcado pela genuinidade e pela rela\u00e7\u00e3o din\u00e2mica tradi\u00e7\u00e3o-inova\u00e7\u00e3o.<\/p>\n\n\n\n<figure class=\"wp-block-gallery alignwide columns-1 is-cropped wp-block-gallery-3 is-layout-flex wp-block-gallery-is-layout-flex\"><ul class=\"blocks-gallery-grid\"><li class=\"blocks-gallery-item\"><figure><img decoding=\"async\" loading=\"lazy\" width=\"1024\" height=\"768\" src=\"http:\/\/aep61-74.org\/wp-content\/uploads\/2020\/10\/20201015_102458-3-1024x768.jpg\" alt=\"\" data-id=\"2223\" data-full-url=\"http:\/\/aep61-74.org\/wp-content\/uploads\/2020\/10\/20201015_102458-3-scaled.jpg\" data-link=\"http:\/\/aep61-74.org\/?attachment_id=2223\" class=\"wp-image-2223\" srcset=\"https:\/\/nsf.pt\/wp-content\/uploads\/2020\/10\/20201015_102458-3-1024x768.jpg 1024w, https:\/\/nsf.pt\/wp-content\/uploads\/2020\/10\/20201015_102458-3-300x225.jpg 300w, https:\/\/nsf.pt\/wp-content\/uploads\/2020\/10\/20201015_102458-3-768x576.jpg 768w, https:\/\/nsf.pt\/wp-content\/uploads\/2020\/10\/20201015_102458-3-1536x1152.jpg 1536w, https:\/\/nsf.pt\/wp-content\/uploads\/2020\/10\/20201015_102458-3-2048x1536.jpg 2048w, https:\/\/nsf.pt\/wp-content\/uploads\/2020\/10\/20201015_102458-3-678x509.jpg 678w, https:\/\/nsf.pt\/wp-content\/uploads\/2020\/10\/20201015_102458-3-326x245.jpg 326w, https:\/\/nsf.pt\/wp-content\/uploads\/2020\/10\/20201015_102458-3-80x60.jpg 80w\" sizes=\"(max-width: 1024px) 100vw, 1024px\" \/><\/figure><\/li><\/ul><\/figure>\n\n\n\n<p><em>Imagens da publica\u00e7\u00e3o Bragan\u00e7a. Diferentes olhares e perspectivas<\/em><\/p>\n","protected":false},"excerpt":{"rendered":"<p>SEM FRONTEIRAS | INICIATIVAS AEP | Oficina das Mem\u00f3rias | A articula\u00e7\u00e3o entre as mem\u00f3rias&#8230;<\/p>\n","protected":false},"author":2,"featured_media":2224,"comment_status":"closed","ping_status":"closed","sticky":false,"template":"","format":"standard","meta":{"sfsi_plus_gutenberg_text_before_share":"","sfsi_plus_gutenberg_show_text_before_share":"","sfsi_plus_gutenberg_icon_type":"","sfsi_plus_gutenberg_icon_alignemt":"","sfsi_plus_gutenburg_max_per_row":"","ngg_post_thumbnail":0,"footnotes":""},"categories":[1],"tags":[84,92],"featured_image_urls":{"full":["https:\/\/nsf.pt\/wp-content\/uploads\/2020\/10\/20201015_101541-scaled.jpg",2560,1920,false],"thumbnail":["https:\/\/nsf.pt\/wp-content\/uploads\/2020\/10\/20201015_101541-150x150.jpg",150,150,true],"medium":["https:\/\/nsf.pt\/wp-content\/uploads\/2020\/10\/20201015_101541-300x225.jpg",300,225,true],"medium_large":["https:\/\/nsf.pt\/wp-content\/uploads\/2020\/10\/20201015_101541-768x576.jpg",640,480,true],"large":["https:\/\/nsf.pt\/wp-content\/uploads\/2020\/10\/20201015_101541-1024x768.jpg",640,480,true],"1536x1536":["https:\/\/nsf.pt\/wp-content\/uploads\/2020\/10\/20201015_101541-1536x1152.jpg",1536,1152,true],"2048x2048":["https:\/\/nsf.pt\/wp-content\/uploads\/2020\/10\/20201015_101541-2048x1536.jpg",2048,1536,true],"covernews-slider-full":["https:\/\/nsf.pt\/wp-content\/uploads\/2020\/10\/20201015_101541-scaled.jpg",953,715,false],"covernews-slider-center":["https:\/\/nsf.pt\/wp-content\/uploads\/2020\/10\/20201015_101541-scaled.jpg",667,500,false],"covernews-featured":["https:\/\/nsf.pt\/wp-content\/uploads\/2020\/10\/20201015_101541-scaled.jpg",1024,768,false],"covernews-medium":["https:\/\/nsf.pt\/wp-content\/uploads\/2020\/10\/20201015_101541-scaled.jpg",453,340,false],"covernews-medium-square":["https:\/\/nsf.pt\/wp-content\/uploads\/2020\/10\/20201015_101541-scaled.jpg",333,250,false]},"author_info":{"info":["Carlos Ribeiro"]},"category_info":"<a href=\"https:\/\/nsf.pt\/index.php\/category\/uncategorized\/\" rel=\"category tag\">Uncategorized<\/a>","tag_info":"Uncategorized","comment_count":"0","_links":{"self":[{"href":"https:\/\/nsf.pt\/index.php\/wp-json\/wp\/v2\/posts\/2213"}],"collection":[{"href":"https:\/\/nsf.pt\/index.php\/wp-json\/wp\/v2\/posts"}],"about":[{"href":"https:\/\/nsf.pt\/index.php\/wp-json\/wp\/v2\/types\/post"}],"author":[{"embeddable":true,"href":"https:\/\/nsf.pt\/index.php\/wp-json\/wp\/v2\/users\/2"}],"replies":[{"embeddable":true,"href":"https:\/\/nsf.pt\/index.php\/wp-json\/wp\/v2\/comments?post=2213"}],"version-history":[{"count":2,"href":"https:\/\/nsf.pt\/index.php\/wp-json\/wp\/v2\/posts\/2213\/revisions"}],"predecessor-version":[{"id":2226,"href":"https:\/\/nsf.pt\/index.php\/wp-json\/wp\/v2\/posts\/2213\/revisions\/2226"}],"wp:featuredmedia":[{"embeddable":true,"href":"https:\/\/nsf.pt\/index.php\/wp-json\/wp\/v2\/media\/2224"}],"wp:attachment":[{"href":"https:\/\/nsf.pt\/index.php\/wp-json\/wp\/v2\/media?parent=2213"}],"wp:term":[{"taxonomy":"category","embeddable":true,"href":"https:\/\/nsf.pt\/index.php\/wp-json\/wp\/v2\/categories?post=2213"},{"taxonomy":"post_tag","embeddable":true,"href":"https:\/\/nsf.pt\/index.php\/wp-json\/wp\/v2\/tags?post=2213"}],"curies":[{"name":"wp","href":"https:\/\/api.w.org\/{rel}","templated":true}]}}