{"id":2308,"date":"2020-11-12T21:17:15","date_gmt":"2020-11-12T21:17:15","guid":{"rendered":"http:\/\/aep61-74.org\/?p=2308"},"modified":"2020-12-29T00:02:26","modified_gmt":"2020-12-29T00:02:26","slug":"agenda-nazare-tanto-e-primeiro-como-e-quarto","status":"publish","type":"post","link":"https:\/\/nsf.pt\/index.php\/2020\/11\/12\/agenda-nazare-tanto-e-primeiro-como-e-quarto\/","title":{"rendered":"AGENDA | Nazar\u00e9 tanto \u00e9  primeiro como \u00e9 quarto"},"content":{"rendered":"\n<p>SEM FRONTEIRAS | 12 de novembro 2020 | ENCONTROS IMAGIN\u00c1RIOS | A Barraca<\/p>\n\n\n\n<p>\u00c9 j\u00e1 no pr\u00f3ximo dia 23 de novembro que se realizam uns Encontros Imagin\u00e1rios de resist\u00eancia. A Barraca n\u00e3o pode ficar imobilizada pela pandemia, N\u00f3s divulg\u00e1mos um cartaz duplo com um objetivo simples: se n\u00e3o puder ir por raz\u00f5es justificadas, envie o segundo cartaz a um amigo e diga-lhe que a Barraca espera por ele.<\/p>\n\n\n\n<p>Rui Nery, Manuel Marcelino e Lu\u00eds Nazar\u00e9 acompanham Helder Costa.<\/p>\n\n\n\n<p><strong>Debates entre personagens marcantes da HIST\u00d3RIA UNIVERSAL<\/strong><\/p>\n\n\n\n<p><strong>PARTICIPA\u00c7\u00c3O DA SOCIEDADE CIVIL<\/strong><\/p>\n\n\n\n<p><\/p>\n\n\n\n<h4 class=\"wp-block-heading\">Brasil I<\/h4>\n\n\n\n<p><strong>Pedro \u00c1lvares Cabral<\/strong><sup>&nbsp;<\/sup>(Belmonte,&nbsp;1467&nbsp;ou&nbsp;1468&nbsp;\u2013&nbsp;Santar\u00e9m,&nbsp;c.&nbsp;1520) foi um&nbsp;fidalgo,&nbsp;comandante militar, navegador e&nbsp;explorador&nbsp;portugu\u00eas, creditado como o&nbsp;descobridor do Brasil. Realizou a primeira explora\u00e7\u00e3o significativa da costa nordeste da&nbsp;Am\u00e9rica do Sul, reivindicando-a para&nbsp;Portugal. Foi nomeado para chefiar uma expedi\u00e7\u00e3o \u00e0&nbsp;\u00cdndia&nbsp;em&nbsp;1500, seguindo a rota rec\u00e9m-inaugurada por&nbsp;Vasco da Gama, contornando a&nbsp;\u00c1frica. A sua frota &nbsp;afastou-se bastante da costa africana, &nbsp;e descobriram as terras &nbsp;que mais tarde constituiriam o&nbsp;Brasil. Interpreta\u00e7\u00e3o do music\u00f3logo&nbsp;<strong>Rui Nery<\/strong><\/p>\n\n\n\n<p><\/p>\n\n\n\n<h4 class=\"wp-block-heading\">Brasil II<\/h4>\n\n\n\n<p><strong>D. Jo\u00e3o VI (<\/strong>Lisboa, 13 de maio de 1767 \u2014 Lisboa, 10 de mar\u00e7o de 1826), cognominado&nbsp;<em>O Clemente<\/em>, foi&nbsp;rei do Reino Unido de Portugal, Brasil e Algarves&nbsp;de 1816 a 1822 (quando da independ\u00eancia do Brasil &#8211; que redundou na extin\u00e7\u00e3o do Reino Unido at\u00e9 ent\u00e3o existente). Obrigado a fugir de Portugal quando as&nbsp;tropas napole\u00f4nicas&nbsp;invadiram o pa\u00eds, no Brasil enfrentou revoltas&nbsp;liberais. Provou-se que morreu envenenado. Deixou uma marca duradoura no&nbsp;Brasil, sendo considerado por muitos pesquisadores o verdadeiro mentor do moderno&nbsp;Estado brasileiro.&nbsp; Interpreta\u00e7\u00e3o do gestor&nbsp;<strong>Manuel Marcelino<\/strong><\/p>\n\n\n\n<p><\/p>\n\n\n\n<h4 class=\"wp-block-heading\">Brasil III<\/h4>\n\n\n\n<p><strong>Pedro I do Brasil<\/strong>&nbsp;e&nbsp;<strong>Pedro IV de Portugal<\/strong>&nbsp;(Queluz,&nbsp;12 de outubro&nbsp;de&nbsp;1798&nbsp;\u2013 Queluz,&nbsp;24 de setembro&nbsp;de&nbsp;1834), apelidado de &#8220;o Libertador&#8221; e &#8220;o Rei Soldado&#8221;, foi o primeiro&nbsp;Imperador do Brasil&nbsp;como&nbsp;<strong>Pedro I<\/strong>&nbsp;de 1822 at\u00e9 sua abdica\u00e7\u00e3o em 1831, e tamb\u00e9m&nbsp;Rei de Portugal e Algarvescomo&nbsp;<strong>Pedro IV<\/strong>&nbsp;entre mar\u00e7o e maio de 1826.A eclos\u00e3o da&nbsp;Revolu\u00e7\u00e3o Liberal do Porto, em 1820, for\u00e7ou a volta de Jo\u00e3o VI para Portugal em abril do ano seguinte, ficando Pedro II no Brasil como seu regente. Declarou a&nbsp;Independ\u00eancia do Brasil&nbsp;em&nbsp;7 de setembro&nbsp;de&nbsp;1822. Mais tarde,&nbsp; D. Miguel, irm\u00e3o mais novo de Pedro, era aclamado como Rei de Portugal pelas cortes. D. Pedro partiu para a&nbsp;Europa, iniciando uma guerra civil contra o seu irm\u00e3o&nbsp; que venceu derrotando o Absolutismo e transformando \u2013 se em D. PedroIV. Interpreta\u00e7\u00e3o do gestor&nbsp;<strong>Lu\u00eds Nazar\u00e9<\/strong><\/p>\n\n\n\n<p>Devido \u00e0 lota\u00e7\u00e3o reduzida e a obrigatoriedade de lugares marcados na sala, para cumprimento das regras de distanciamento f\u00edsico, os bilhetes devem ser levantados at\u00e9 \u00e0s 21h00.<\/p>\n\n\n\n<p>em cumprimento da legisla\u00e7\u00e3o em vigor, obrigat\u00f3rio o uso de m\u00e1scara<\/p>\n\n\n\n<p><em>Foto \u00a9 A Barraca<\/em><\/p>\n","protected":false},"excerpt":{"rendered":"<p>SEM FRONTEIRAS | 12 de novembro 2020 | ENCONTROS IMAGIN\u00c1RIOS | A Barraca \u00c9 j\u00e1&#8230;<\/p>\n","protected":false},"author":2,"featured_media":2309,"comment_status":"open","ping_status":"open","sticky":false,"template":"","format":"standard","meta":{"sfsi_plus_gutenberg_text_before_share":"","sfsi_plus_gutenberg_show_text_before_share":"","sfsi_plus_gutenberg_icon_type":"","sfsi_plus_gutenberg_icon_alignemt":"","sfsi_plus_gutenburg_max_per_row":"","ngg_post_thumbnail":0,"footnotes":""},"categories":[1],"tags":[69],"featured_image_urls":{"full":["https:\/\/nsf.pt\/wp-content\/uploads\/2020\/11\/encontros-imagina\u0301rios.png",1180,831,false],"thumbnail":["https:\/\/nsf.pt\/wp-content\/uploads\/2020\/11\/encontros-imagina\u0301rios-150x150.png",150,150,true],"medium":["https:\/\/nsf.pt\/wp-content\/uploads\/2020\/11\/encontros-imagina\u0301rios-300x211.png",300,211,true],"medium_large":["https:\/\/nsf.pt\/wp-content\/uploads\/2020\/11\/encontros-imagina\u0301rios-768x541.png",640,451,true],"large":["https:\/\/nsf.pt\/wp-content\/uploads\/2020\/11\/encontros-imagina\u0301rios-1024x721.png",640,451,true],"1536x1536":["https:\/\/nsf.pt\/wp-content\/uploads\/2020\/11\/encontros-imagina\u0301rios.png",1180,831,false],"2048x2048":["https:\/\/nsf.pt\/wp-content\/uploads\/2020\/11\/encontros-imagina\u0301rios.png",1180,831,false],"covernews-slider-full":["https:\/\/nsf.pt\/wp-content\/uploads\/2020\/11\/encontros-imagina\u0301rios.png",1015,715,false],"covernews-slider-center":["https:\/\/nsf.pt\/wp-content\/uploads\/2020\/11\/encontros-imagina\u0301rios.png",710,500,false],"covernews-featured":["https:\/\/nsf.pt\/wp-content\/uploads\/2020\/11\/encontros-imagina\u0301rios.png",1024,721,false],"covernews-medium":["https:\/\/nsf.pt\/wp-content\/uploads\/2020\/11\/encontros-imagina\u0301rios.png",483,340,false],"covernews-medium-square":["https:\/\/nsf.pt\/wp-content\/uploads\/2020\/11\/encontros-imagina\u0301rios.png",355,250,false]},"author_info":{"info":["Carlos Ribeiro"]},"category_info":"<a href=\"https:\/\/nsf.pt\/index.php\/category\/uncategorized\/\" rel=\"category tag\">Uncategorized<\/a>","tag_info":"Uncategorized","comment_count":"0","_links":{"self":[{"href":"https:\/\/nsf.pt\/index.php\/wp-json\/wp\/v2\/posts\/2308"}],"collection":[{"href":"https:\/\/nsf.pt\/index.php\/wp-json\/wp\/v2\/posts"}],"about":[{"href":"https:\/\/nsf.pt\/index.php\/wp-json\/wp\/v2\/types\/post"}],"author":[{"embeddable":true,"href":"https:\/\/nsf.pt\/index.php\/wp-json\/wp\/v2\/users\/2"}],"replies":[{"embeddable":true,"href":"https:\/\/nsf.pt\/index.php\/wp-json\/wp\/v2\/comments?post=2308"}],"version-history":[{"count":2,"href":"https:\/\/nsf.pt\/index.php\/wp-json\/wp\/v2\/posts\/2308\/revisions"}],"predecessor-version":[{"id":2311,"href":"https:\/\/nsf.pt\/index.php\/wp-json\/wp\/v2\/posts\/2308\/revisions\/2311"}],"wp:featuredmedia":[{"embeddable":true,"href":"https:\/\/nsf.pt\/index.php\/wp-json\/wp\/v2\/media\/2309"}],"wp:attachment":[{"href":"https:\/\/nsf.pt\/index.php\/wp-json\/wp\/v2\/media?parent=2308"}],"wp:term":[{"taxonomy":"category","embeddable":true,"href":"https:\/\/nsf.pt\/index.php\/wp-json\/wp\/v2\/categories?post=2308"},{"taxonomy":"post_tag","embeddable":true,"href":"https:\/\/nsf.pt\/index.php\/wp-json\/wp\/v2\/tags?post=2308"}],"curies":[{"name":"wp","href":"https:\/\/api.w.org\/{rel}","templated":true}]}}