{"id":2386,"date":"2020-11-30T20:10:58","date_gmt":"2020-11-30T20:10:58","guid":{"rendered":"http:\/\/aep61-74.org\/?p=2386"},"modified":"2021-01-20T21:17:27","modified_gmt":"2021-01-20T21:17:27","slug":"internacional-libertem-nassima","status":"publish","type":"post","link":"https:\/\/nsf.pt\/index.php\/2020\/11\/30\/internacional-libertem-nassima\/","title":{"rendered":"INTERNACIONAL | Libertem Nassima!"},"content":{"rendered":"\n<p><span class=\"has-inline-color has-vivid-red-color\">SEM FRONTEIRAS<\/span> | 30 de novembro | Internacional | Amnistia Internacional<\/p>\n\n\n\n<p><strong>A den\u00fancia da situa\u00e7\u00e3o atual de Nassima al-Sada percorre o mundo. Est\u00e1 na pris\u00e3o, na Ar\u00e1bia Saudita. Uma mulher que disse n\u00e3o \u00e0 imposi\u00e7\u00e3o de um guardi\u00e3o do sexo masculino que vigiaria e tutelaria a sua vida e a quem ela teria que pedir autoriza\u00e7\u00e3o para tratar os seus assuntos di\u00e1rios. Nassima defende pacificamente os direitos das mulheres do seu pa\u00eds e est\u00e1 presa. <\/strong><\/p>\n\n\n\n<p>fonte <strong><em><a href=\"https:\/\/www.amnistia.pt\/peticao\/presa-por-defender-a-liberdade-das-mulheres\/?fbclid=IwAR0sKdfSelRMBKizWiH28VCEAxibkuxqWWtBCwfjdpvI97HlUKoXrdUDHUs\">Amnistia Internacional<\/a><\/em><\/strong><\/p>\n\n\n\n<p>Nassima est\u00e1 na pris\u00e3o pelo seu trabalho pac\u00edfico de defesa dos direitos das mulheres na Ar\u00e1bia Saudita. Passam meses sem que possa ver os seus filhos ou o seu advogado. Queremos a sua liberdade imediata.<\/p>\n\n\n\n<p>Nassima al-Sada tinha pequenos prazeres na vida, um deles era passar horas no jardim de sua casa e estar com os seus animais. Ainda hoje, na cela onde est\u00e1 presa faz quest\u00e3o de manter esses prazeres, quando poss\u00edvel. A sua \u00fanica liga\u00e7\u00e3o com o exterior \u00e9 uma planta impecavelmente cuidada, que lhe faz companhia.<\/p>\n\n\n\n<p>Durante muito tempo, Nassima fez campanha pela liberdade das mulheres na Ar\u00e1bia Saudita. Mas, ao faz\u00ea-lo, perdeu a sua. \u00c9 uma das v\u00e1rias proeminentes ativistas que defenderam o direito das mulheres a conduzirem e a tratarem dos assuntos di\u00e1rios sem precisarem de autoriza\u00e7\u00e3o do seu \u201cguardi\u00e3o\u201d do sexo masculino.<\/p>\n\n\n\n<h4 class=\"wp-block-heading\">Porque \u00e9 que um rapaz menor de idade deveria ser o guardi\u00e3o de uma mulher adulta? Porque \u00e9 que n\u00e3o existe uma idade em que a mulher se torna adulta, respons\u00e1vel pelas suas decis\u00f5es e pela sua vida? Porque \u00e9 que deveria existir um homem respons\u00e1vel pela sua vida? <em>Nassima al-Sada<\/em><\/h4>\n\n\n\n<p>O sistema de guardi\u00f5es na Ar\u00e1bia Saudita exigia que as mulheres pedissem permiss\u00e3o a um homem para sair ou para outras atividades b\u00e1sicas rotineiras. Apesar destas leis se terem tornado mais flex\u00edveis nos \u00faltimos meses, as mulheres que agiram para p\u00f4r um fim a este sistema permanecem atr\u00e1s das grades.<\/p>\n\n\n\n<p><strong>Nassima foi presa, pelo seu trabalho pac\u00edfico em direitos humanos, em julho de 2018. Na pris\u00e3o, foi v\u00edtima de maus-tratos e, durante um ano, ficou numa pequena cela, em regime de solit\u00e1ria, completamente isolada de outras pessoas. \u00c9 lhe permitido apenas um telefonema por semana \u00e0 fam\u00edlia, mas n\u00e3o pode receber visitas, nem do seu pr\u00f3prio advogado.<\/strong><\/p>\n\n\n\n<p>Ainda assim, Nassima e a fam\u00edlia n\u00e3o desistem de exigir liberdade. E n\u00f3s tamb\u00e9m n\u00e3o.<\/p>\n\n\n\n<h2 class=\"wp-block-heading\"><span class=\"has-inline-color has-vivid-red-color\">PETI\u00c7\u00c3O<\/span><\/h2>\n\n\n\n<p>Assine a<a href=\"https:\/\/www.amnistia.pt\/peticao\/presa-por-defender-a-liberdade-das-mulheres\/?fbclid=IwAR1y0iBYqosrCec1elKbG7zuhlNSrDRYJC5DoHq1Mk84INOFKDSiCqT1MTc\"> peti\u00e7\u00e3o e apele ao rei da Ar\u00e1bia Saudita <\/a>para que retire todas as acusa\u00e7\u00f5es contra&nbsp;Nassima e a liberte imediata e incondicionalmente, bem como as outras mulheres defensoras de direitos humanos.<\/p>\n\n\n\n<p>Todas as assinaturas ser\u00e3o enviadas pela Amnistia Internacional.<\/p>\n\n\n\n<h4 class=\"wp-block-heading\">TEXTO DA CARTA A ENVIAR<\/h4>\n\n\n\n<p>Majestade,<\/p>\n\n\n\n<p>Rei Salman bin Abdul Aziz Al Saud,<\/p>\n\n\n\n<p>A Ar\u00e1bia Saudita deveria ter um grande orgulho na mulher que \u00e9 Nassima al-Sada. A sua miss\u00e3o de vida tem sido dedicada \u00e0 melhoria das liberdades das mulheres e \u00e0 sua vis\u00e3o delas enquanto membros ativos de uma sociedade aberta e vibrante.<\/p>\n\n\n\n<p>Mas em vez de acolher a Sra. al-Sada, as autoridades prenderam-na em julho de 2018 e colocaram-na em regime de solit\u00e1ria, durante um ano. Hoje, ainda est\u00e1 atr\u00e1s das grades. Apelo, respeitosamente, a que liberte a Sra. al-Sada e as outras mulheres defensoras de direitos humanos, imediatamente e sem quaisquer condicionantes.<\/p>\n\n\n\n<p>Atentamente,<\/p>\n\n\n\n<p><a href=\"https:\/\/www.amnistia.pt\/peticao\/presa-por-defender-a-liberdade-das-mulheres\/?fbclid=IwAR0sKdfSelRMBKizWiH28VCEAxibkuxqWWtBCwfjdpvI97HlUKoXrdUDHUs\">Amnistia Internacional<\/a><\/p>\n","protected":false},"excerpt":{"rendered":"<p>SEM FRONTEIRAS | 30 de novembro | Internacional | Amnistia Internacional A den\u00fancia da situa\u00e7\u00e3o&#8230;<\/p>\n","protected":false},"author":2,"featured_media":2388,"comment_status":"open","ping_status":"open","sticky":false,"template":"","format":"standard","meta":{"sfsi_plus_gutenberg_text_before_share":"","sfsi_plus_gutenberg_show_text_before_share":"","sfsi_plus_gutenberg_icon_type":"","sfsi_plus_gutenberg_icon_alignemt":"","sfsi_plus_gutenburg_max_per_row":"","ngg_post_thumbnail":0,"footnotes":""},"categories":[1],"tags":[73,119],"featured_image_urls":{"full":["https:\/\/nsf.pt\/wp-content\/uploads\/2020\/11\/nassina.png",394,232,false],"thumbnail":["https:\/\/nsf.pt\/wp-content\/uploads\/2020\/11\/nassina-150x150.png",150,150,true],"medium":["https:\/\/nsf.pt\/wp-content\/uploads\/2020\/11\/nassina-300x177.png",300,177,true],"medium_large":["https:\/\/nsf.pt\/wp-content\/uploads\/2020\/11\/nassina.png",394,232,false],"large":["https:\/\/nsf.pt\/wp-content\/uploads\/2020\/11\/nassina.png",394,232,false],"1536x1536":["https:\/\/nsf.pt\/wp-content\/uploads\/2020\/11\/nassina.png",394,232,false],"2048x2048":["https:\/\/nsf.pt\/wp-content\/uploads\/2020\/11\/nassina.png",394,232,false],"covernews-slider-full":["https:\/\/nsf.pt\/wp-content\/uploads\/2020\/11\/nassina.png",394,232,false],"covernews-slider-center":["https:\/\/nsf.pt\/wp-content\/uploads\/2020\/11\/nassina.png",394,232,false],"covernews-featured":["https:\/\/nsf.pt\/wp-content\/uploads\/2020\/11\/nassina.png",394,232,false],"covernews-medium":["https:\/\/nsf.pt\/wp-content\/uploads\/2020\/11\/nassina.png",394,232,false],"covernews-medium-square":["https:\/\/nsf.pt\/wp-content\/uploads\/2020\/11\/nassina.png",394,232,false]},"author_info":{"info":["Carlos Ribeiro"]},"category_info":"<a href=\"https:\/\/nsf.pt\/index.php\/category\/uncategorized\/\" rel=\"category tag\">Uncategorized<\/a>","tag_info":"Uncategorized","comment_count":"0","_links":{"self":[{"href":"https:\/\/nsf.pt\/index.php\/wp-json\/wp\/v2\/posts\/2386"}],"collection":[{"href":"https:\/\/nsf.pt\/index.php\/wp-json\/wp\/v2\/posts"}],"about":[{"href":"https:\/\/nsf.pt\/index.php\/wp-json\/wp\/v2\/types\/post"}],"author":[{"embeddable":true,"href":"https:\/\/nsf.pt\/index.php\/wp-json\/wp\/v2\/users\/2"}],"replies":[{"embeddable":true,"href":"https:\/\/nsf.pt\/index.php\/wp-json\/wp\/v2\/comments?post=2386"}],"version-history":[{"count":2,"href":"https:\/\/nsf.pt\/index.php\/wp-json\/wp\/v2\/posts\/2386\/revisions"}],"predecessor-version":[{"id":2389,"href":"https:\/\/nsf.pt\/index.php\/wp-json\/wp\/v2\/posts\/2386\/revisions\/2389"}],"wp:featuredmedia":[{"embeddable":true,"href":"https:\/\/nsf.pt\/index.php\/wp-json\/wp\/v2\/media\/2388"}],"wp:attachment":[{"href":"https:\/\/nsf.pt\/index.php\/wp-json\/wp\/v2\/media?parent=2386"}],"wp:term":[{"taxonomy":"category","embeddable":true,"href":"https:\/\/nsf.pt\/index.php\/wp-json\/wp\/v2\/categories?post=2386"},{"taxonomy":"post_tag","embeddable":true,"href":"https:\/\/nsf.pt\/index.php\/wp-json\/wp\/v2\/tags?post=2386"}],"curies":[{"name":"wp","href":"https:\/\/api.w.org\/{rel}","templated":true}]}}