{"id":2440,"date":"2020-12-10T16:19:39","date_gmt":"2020-12-10T16:19:39","guid":{"rendered":"http:\/\/aep61-74.org\/?p=2440"},"modified":"2021-02-07T12:10:28","modified_gmt":"2021-02-07T12:10:28","slug":"opiniao-a-resposta-de-merkel-a-ascensao-nazi","status":"publish","type":"post","link":"https:\/\/nsf.pt\/index.php\/2020\/12\/10\/opiniao-a-resposta-de-merkel-a-ascensao-nazi\/","title":{"rendered":"OPINI\u00c3O |  A resposta de Merkel \u00e0 ascens\u00e3o nazi"},"content":{"rendered":"\n<p>SEM FRONTEIRAS | 10 de dezembro 2020 | Opini\u00e3o | Helder Costa<\/p>\n\n\n\n<h3 class=\"wp-block-heading\"><strong>Uma gargalhada e uma frase<\/strong><\/h3>\n\n\n\n<p>por <strong>Helder Costa<\/strong>, dramaturgo<\/p>\n\n\n\n<p><strong><em>Olha, hoje j\u00e1 nem precisamos de ir ao gin\u00e1sio<\/em><\/strong>!, disse um dos torturadores e homicidas do ucraniano nos servi\u00e7os do SEF. <\/p>\n\n\n\n<p>\u00c9 normal recordar outros exageros e abusos, como os que se passam na instru\u00e7\u00e3o militar e com outros factos internacionais: o pol\u00edcia assassino do Floyd e a ac\u00e7\u00e3o repressiva dos supremacistas instigados pelo fac\u00ednora Trump.<\/p>\n\n\n\n<p>Mas, na nossa Europa, houve uma resposta na Alemanha. Com a ascens\u00e3o  nazi em elei\u00e7\u00f5es, Merkel percebeu que o problema era grave. E, por isso, investigou as suas for\u00e7as militares e policiais. <\/p>\n\n\n\n<p><span class=\"has-inline-color has-vivid-red-color\"><strong>Descobriram centenas de soldados e pol\u00edcias que pertenciam a esses grupos e expulsaram -nos.<\/strong><\/span><\/p>\n\n\n\n<p>Aqui \u00e9 que est\u00e1 a quest\u00e3o fundamental: <\/p>\n\n\n\n<ul><li>quais s\u00e3o os crit\u00e9rios de recrutamento para essas for\u00e7as da <strong><em>ordem<\/em><\/strong>? <\/li><li>n\u00e3o se investigam h\u00e1bitos, comportamentos, filia\u00e7\u00f5es partid\u00e1rias? <\/li><li>continua a velha hist\u00f3ria de se deixar destruir a democracia com total impunidade?<\/li><\/ul>\n\n\n\n<p>Helder Costa, 10 de dezembro 2020<\/p>\n","protected":false},"excerpt":{"rendered":"<p>SEM FRONTEIRAS | 10 de dezembro 2020 | Opini\u00e3o | Helder Costa Uma gargalhada e&#8230;<\/p>\n","protected":false},"author":2,"featured_media":2075,"comment_status":"open","ping_status":"open","sticky":false,"template":"","format":"standard","meta":{"sfsi_plus_gutenberg_text_before_share":"","sfsi_plus_gutenberg_show_text_before_share":"","sfsi_plus_gutenberg_icon_type":"","sfsi_plus_gutenberg_icon_alignemt":"","sfsi_plus_gutenburg_max_per_row":"","ngg_post_thumbnail":0,"footnotes":""},"categories":[1],"tags":[126],"featured_image_urls":{"full":["https:\/\/nsf.pt\/wp-content\/uploads\/2020\/09\/2-1.png",2560,1440,false],"thumbnail":["https:\/\/nsf.pt\/wp-content\/uploads\/2020\/09\/2-1-150x150.png",150,150,true],"medium":["https:\/\/nsf.pt\/wp-content\/uploads\/2020\/09\/2-1-300x169.png",300,169,true],"medium_large":["https:\/\/nsf.pt\/wp-content\/uploads\/2020\/09\/2-1-768x432.png",640,360,true],"large":["https:\/\/nsf.pt\/wp-content\/uploads\/2020\/09\/2-1-1024x576.png",640,360,true],"1536x1536":["https:\/\/nsf.pt\/wp-content\/uploads\/2020\/09\/2-1-1536x864.png",1536,864,true],"2048x2048":["https:\/\/nsf.pt\/wp-content\/uploads\/2020\/09\/2-1-2048x1152.png",2048,1152,true],"covernews-slider-full":["https:\/\/nsf.pt\/wp-content\/uploads\/2020\/09\/2-1.png",1115,627,false],"covernews-slider-center":["https:\/\/nsf.pt\/wp-content\/uploads\/2020\/09\/2-1.png",800,450,false],"covernews-featured":["https:\/\/nsf.pt\/wp-content\/uploads\/2020\/09\/2-1.png",1024,576,false],"covernews-medium":["https:\/\/nsf.pt\/wp-content\/uploads\/2020\/09\/2-1.png",540,304,false],"covernews-medium-square":["https:\/\/nsf.pt\/wp-content\/uploads\/2020\/09\/2-1.png",400,225,false]},"author_info":{"info":["Carlos Ribeiro"]},"category_info":"<a href=\"https:\/\/nsf.pt\/index.php\/category\/uncategorized\/\" rel=\"category tag\">Uncategorized<\/a>","tag_info":"Uncategorized","comment_count":"0","_links":{"self":[{"href":"https:\/\/nsf.pt\/index.php\/wp-json\/wp\/v2\/posts\/2440"}],"collection":[{"href":"https:\/\/nsf.pt\/index.php\/wp-json\/wp\/v2\/posts"}],"about":[{"href":"https:\/\/nsf.pt\/index.php\/wp-json\/wp\/v2\/types\/post"}],"author":[{"embeddable":true,"href":"https:\/\/nsf.pt\/index.php\/wp-json\/wp\/v2\/users\/2"}],"replies":[{"embeddable":true,"href":"https:\/\/nsf.pt\/index.php\/wp-json\/wp\/v2\/comments?post=2440"}],"version-history":[{"count":1,"href":"https:\/\/nsf.pt\/index.php\/wp-json\/wp\/v2\/posts\/2440\/revisions"}],"predecessor-version":[{"id":2441,"href":"https:\/\/nsf.pt\/index.php\/wp-json\/wp\/v2\/posts\/2440\/revisions\/2441"}],"wp:featuredmedia":[{"embeddable":true,"href":"https:\/\/nsf.pt\/index.php\/wp-json\/wp\/v2\/media\/2075"}],"wp:attachment":[{"href":"https:\/\/nsf.pt\/index.php\/wp-json\/wp\/v2\/media?parent=2440"}],"wp:term":[{"taxonomy":"category","embeddable":true,"href":"https:\/\/nsf.pt\/index.php\/wp-json\/wp\/v2\/categories?post=2440"},{"taxonomy":"post_tag","embeddable":true,"href":"https:\/\/nsf.pt\/index.php\/wp-json\/wp\/v2\/tags?post=2440"}],"curies":[{"name":"wp","href":"https:\/\/api.w.org\/{rel}","templated":true}]}}