{"id":2586,"date":"2020-12-23T15:57:44","date_gmt":"2020-12-23T15:57:44","guid":{"rendered":"http:\/\/aep61-74.org\/?p=2586"},"modified":"2021-02-25T19:47:06","modified_gmt":"2021-02-25T19:47:06","slug":"opiniao-manipulacoes-de-gente-fina","status":"publish","type":"post","link":"https:\/\/nsf.pt\/index.php\/2020\/12\/23\/opiniao-manipulacoes-de-gente-fina\/","title":{"rendered":"OPINI\u00c3O |Manipula\u00e7\u00f5es de &#8220;gente fina&#8221;"},"content":{"rendered":"\n<p><span class=\"has-inline-color has-vivid-red-color\"><strong>SEM FRONTEIRAS<\/strong><\/span>  |  23 de dezembro 2020 | Opini\u00e3o<\/p>\n\n\n\n<p>por<strong> Helder Costa<\/strong>, dramaturgo<\/p>\n\n\n\n<p><strong>Numa entrevista da RTP \u00e0 candidata Ana Gomes, foi -lhe perguntado se apoiava a Eutan\u00e1sia, ela disse que sim , e ent\u00e3o o jornalista perguntou se era &#8221; ideol\u00f3gico&#8221;, ela disse que n\u00e3o, era humanismo.<\/strong> <\/p>\n\n\n\n<p>E o Inquisidor meteu a viola no saco. O que senti foi que essa palavra <em><strong>ideol\u00f3gico<\/strong><\/em> foi usada como um insulto! Como \u00e9 poss\u00edvel tanto analfabetismo pol\u00edtico! A Ideologia est\u00e1 presente em qualquer actividade humana. <\/p>\n\n\n\n<p class=\"has-large-font-size\"><\/p>\n\n\n\n<p><\/p>\n\n\n\n<h3 class=\"wp-block-heading\"><span class=\"has-inline-color has-vivid-red-color\">Trump e os mercen\u00e1rios<\/span><\/h3>\n\n\n\n<p>Quando o Trump acaba de perdoar centenas de mercen\u00e1rios da <em>Blackwater<\/em> respons\u00e1veis por massacres no Iraque e outras selvajarias, tamb\u00e9m usa o seu manto protector sobre dezenas de deputados e pol\u00edticos Republicanos acusados de corrup\u00e7\u00e3o e outras  <em>malandrices<\/em>, isso n\u00e3o \u00e9 ideol\u00f3gico? E quando o Papa Francisco pede uma vacina gratuita e universal tamb\u00e9m n\u00e3o \u00e9 ideol\u00f3gico? <\/p>\n\n\n\n<p class=\"has-large-font-size\"><\/p>\n\n\n\n<h3 class=\"wp-block-heading\"><span class=\"has-inline-color has-vivid-red-color\">O AltRight do Bannon<\/span><\/h3>\n\n\n\n<p>Eu percebo de onde vem este m\u00e9todo de iludir a verdade dos factos. Ter pensamento progressista dizem que \u00e9 ideol\u00f3gico, se usam a mentira dizem que \u00e9 <em><strong>verdade alternativa <\/strong><\/em>na linha do <em>AltRight<\/em> do Bannon; j\u00e1 havia h\u00e1 tempos, a <strong><em>inverdade <\/em><\/strong>e outras habilidades como designar os calotes \u00e0 Banca como<em><strong> imparidades<\/strong><\/em>. Tudo para favorecer a confus\u00e3o e acusar a situa\u00e7\u00e3o de <strong><em>caos <\/em><\/strong>para dar o tapete vermelho ao ressuscitado Cavaco e ao glorioso Passos Coelho que amaram tanto o seu pa\u00eds que lhe viraram as costas. <\/p>\n\n\n\n<p><strong>Mas a arrog\u00e2ncia e o descaramento est\u00e3o em ascens\u00e3o. Se n\u00e3o temos cuidado, isto ainda vai acabar mal.<\/strong><\/p>\n","protected":false},"excerpt":{"rendered":"<p>SEM FRONTEIRAS | 23 de dezembro 2020 | Opini\u00e3o por Helder Costa, dramaturgo Numa entrevista&#8230;<\/p>\n","protected":false},"author":2,"featured_media":2075,"comment_status":"open","ping_status":"open","sticky":false,"template":"","format":"standard","meta":{"sfsi_plus_gutenberg_text_before_share":"","sfsi_plus_gutenberg_show_text_before_share":"","sfsi_plus_gutenberg_icon_type":"","sfsi_plus_gutenberg_icon_alignemt":"","sfsi_plus_gutenburg_max_per_row":"","ngg_post_thumbnail":0,"footnotes":""},"categories":[1],"tags":[66],"featured_image_urls":{"full":["https:\/\/nsf.pt\/wp-content\/uploads\/2020\/09\/2-1.png",2560,1440,false],"thumbnail":["https:\/\/nsf.pt\/wp-content\/uploads\/2020\/09\/2-1-150x150.png",150,150,true],"medium":["https:\/\/nsf.pt\/wp-content\/uploads\/2020\/09\/2-1-300x169.png",300,169,true],"medium_large":["https:\/\/nsf.pt\/wp-content\/uploads\/2020\/09\/2-1-768x432.png",640,360,true],"large":["https:\/\/nsf.pt\/wp-content\/uploads\/2020\/09\/2-1-1024x576.png",640,360,true],"1536x1536":["https:\/\/nsf.pt\/wp-content\/uploads\/2020\/09\/2-1-1536x864.png",1536,864,true],"2048x2048":["https:\/\/nsf.pt\/wp-content\/uploads\/2020\/09\/2-1-2048x1152.png",2048,1152,true],"covernews-slider-full":["https:\/\/nsf.pt\/wp-content\/uploads\/2020\/09\/2-1.png",1115,627,false],"covernews-slider-center":["https:\/\/nsf.pt\/wp-content\/uploads\/2020\/09\/2-1.png",800,450,false],"covernews-featured":["https:\/\/nsf.pt\/wp-content\/uploads\/2020\/09\/2-1.png",1024,576,false],"covernews-medium":["https:\/\/nsf.pt\/wp-content\/uploads\/2020\/09\/2-1.png",540,304,false],"covernews-medium-square":["https:\/\/nsf.pt\/wp-content\/uploads\/2020\/09\/2-1.png",400,225,false]},"author_info":{"info":["Carlos Ribeiro"]},"category_info":"<a href=\"https:\/\/nsf.pt\/index.php\/category\/uncategorized\/\" rel=\"category tag\">Uncategorized<\/a>","tag_info":"Uncategorized","comment_count":"0","_links":{"self":[{"href":"https:\/\/nsf.pt\/index.php\/wp-json\/wp\/v2\/posts\/2586"}],"collection":[{"href":"https:\/\/nsf.pt\/index.php\/wp-json\/wp\/v2\/posts"}],"about":[{"href":"https:\/\/nsf.pt\/index.php\/wp-json\/wp\/v2\/types\/post"}],"author":[{"embeddable":true,"href":"https:\/\/nsf.pt\/index.php\/wp-json\/wp\/v2\/users\/2"}],"replies":[{"embeddable":true,"href":"https:\/\/nsf.pt\/index.php\/wp-json\/wp\/v2\/comments?post=2586"}],"version-history":[{"count":2,"href":"https:\/\/nsf.pt\/index.php\/wp-json\/wp\/v2\/posts\/2586\/revisions"}],"predecessor-version":[{"id":2588,"href":"https:\/\/nsf.pt\/index.php\/wp-json\/wp\/v2\/posts\/2586\/revisions\/2588"}],"wp:featuredmedia":[{"embeddable":true,"href":"https:\/\/nsf.pt\/index.php\/wp-json\/wp\/v2\/media\/2075"}],"wp:attachment":[{"href":"https:\/\/nsf.pt\/index.php\/wp-json\/wp\/v2\/media?parent=2586"}],"wp:term":[{"taxonomy":"category","embeddable":true,"href":"https:\/\/nsf.pt\/index.php\/wp-json\/wp\/v2\/categories?post=2586"},{"taxonomy":"post_tag","embeddable":true,"href":"https:\/\/nsf.pt\/index.php\/wp-json\/wp\/v2\/tags?post=2586"}],"curies":[{"name":"wp","href":"https:\/\/api.w.org\/{rel}","templated":true}]}}