{"id":2626,"date":"2020-12-27T17:55:37","date_gmt":"2020-12-27T17:55:37","guid":{"rendered":"http:\/\/aep61-74.org\/?p=2626"},"modified":"2021-02-27T21:50:43","modified_gmt":"2021-02-27T21:50:43","slug":"pr3-presidenciais-a-esquerda","status":"publish","type":"post","link":"https:\/\/nsf.pt\/index.php\/2020\/12\/27\/pr3-presidenciais-a-esquerda\/","title":{"rendered":"PR3 | Presidenciais \u00e0 esquerda"},"content":{"rendered":"\n<p><span class=\"has-inline-color has-vivid-red-color\"><strong>SEM FRONTEIRAS <\/strong><\/span>|  27 de dezembro 2020 |PR3 <\/p>\n\n\n\n<p>Com o debate sobre as Presidenciais a surgir no espa\u00e7o p\u00fablico de forma mais intensa, quisemos no SEM FRONTEIRAS dar um contributo num processo que se desenvolve naturalmente em cen\u00e1rios medi\u00e1ticos pr\u00e9-institu\u00eddos e que integra um quadro de refer\u00eancias quer ideol\u00f3gico, quer pol\u00edtico, quer ainda partid\u00e1rio que \u00e9 pr\u00f3prio dos acontecimentos eleitorais.<\/p>\n\n\n\n<p>Uma coisa \u00e9 certa, nada que tenha a ver com o funcionamento das institui\u00e7\u00f5es democr\u00e1ticas deve ser colocado em segundo plano. A batalha  pela democracia e pela liberdade no per\u00edodo salazarista e marcelista teve como primeira meta a realiza\u00e7\u00e3o de elei\u00e7\u00f5es livres, objetivo que o 25 de Abril cumpriu devolvendo a cidadania b\u00e1sica a milh\u00f5es de portugueses.<\/p>\n\n\n\n<p>Participar neste processo torna-se um imperativo. N\u00e3o o fazer de forma &#8220;partid\u00e1ria&#8221; torna-se uma exig\u00eancia de seriedade face ao compromisso maior que nos move: combater de forma unit\u00e1ria a extrema-direita e criar condi\u00e7\u00f5es para que todas as formas de mem\u00f3rias vivas relacionadas com o combate \u00e0 guerra colonial, com o combate antifascista, com o combate pela paz, com as a\u00e7\u00f5es em favor dos direitos humanos e com as iniciativas de apoio a refugiados, a exilados e imigrantes sem direitos reforcem a luta contra as ditaduras e e em favor da justi\u00e7a social.<\/p>\n\n\n\n<p><strong>ORGANIZAR O DEBATE<\/strong><\/p>\n\n\n\n<ul><li>Presidenciais \u00e0 esquerda com 3 protagonistas<\/li><li>Ana Gomes | Jo\u00e3o Ferreira | Marisa Matias<\/li><li>Votamos \u00e0 esquerda \u2013 VE3<\/li><\/ul>\n\n\n\n<p><strong>OBJETIVOS GERA<\/strong>IS<\/p>\n\n\n\n<p>Refor\u00e7ar na sociedade portuguesa uma corrente ativa de combate \u00e0 extrema-direita.<\/p>\n\n\n\n<p>Identificar e sistematizar as pol\u00edticas presidenciais, atendendo \u00e0s suas fun\u00e7\u00f5es e aos poderes como \u00f3rg\u00e3o de soberania, que podem constituir uma base de atua\u00e7\u00e3o apropriada, num quadro democr\u00e1tico, ao combate \u00e0 ascens\u00e3o da extrema-direita.na sociedade portuguesa.  <\/p>\n\n\n\n<p>A ideia- for\u00e7a \u00e9:<\/p>\n\n\n\n<ul><li>Valorizar o voto \u00e0 esquerda por ser \u00fatil e refer\u00eancia fundamental no combate \u00e0 extrema-direita;<\/li><li>Ouvir e debater as diversas opini\u00f5es e propostas neste campo;<\/li><li>Ter expetativas que o combate \u00e0 extrema-direita se torne um ponto de converg\u00eancia nesta \u00e1rea e que os debates favore\u00e7am essa corrente unit\u00e1ria contra a extrema-direita.<\/li><\/ul>\n\n\n\n<p><strong>OBJETIVOS ESPEC\u00cdFICOS<\/strong><\/p>\n\n\n\n<ul><li>Publicar posi\u00e7\u00f5es, opini\u00f5es e argumentos que incentivem e enrique\u00e7am o debate<\/li><li>Promover debates online<\/li><li>Informar das agendas dos candidatos VE3<\/li><li>Fazer propostas aos candidatos para tomadas de posi\u00e7\u00e3o conjuntas ou em associa\u00e7\u00e3o de inten\u00e7\u00f5es, quando tal se justificar.<\/li><\/ul>\n\n\n\n<p>A organiza\u00e7\u00e3o do debate poder\u00e1 ter 4 fases:<\/p>\n\n\n\n<ul><li>1\u00aa divulgar, dar a conhecer, as posi\u00e7\u00f5es institucionais dos candidatos;<\/li><li>2\u00aa definir as quest\u00f5es cr\u00edticas fundamentais que justificar\u00e3o a publica\u00e7\u00e3o de textos e opini\u00f5es em regime de contradit\u00f3rio com a participa\u00e7\u00e3o dos leitores e colaboradores;<\/li><li>3\u00aa Ouvir e publicar as opini\u00f5es dos candidatos;<\/li><li>4\u00ba Fazer uma s\u00edntese do debate antes do ato eleitoral.<\/li><\/ul>\n\n\n\n<p>No ponto dois a ideia \u00e9 incentivar o debate livre e at\u00e9 pol\u00e9mico procurando que a liberdade de express\u00e3o de opini\u00f5es seja a regra, estabelecendo no entanto regras editoriais que passam pelo limite de caracteres  com espa\u00e7os 6000 e pela autoriza\u00e7\u00e3o de edi\u00e7\u00e3o concedida ao Sem Fronteiras (que se compromete a n\u00e3o interferir nos conte\u00fados).<\/p>\n\n\n\n<p><\/p>\n","protected":false},"excerpt":{"rendered":"<p>SEM FRONTEIRAS | 27 de dezembro 2020 |PR3 Com o debate sobre as Presidenciais a&#8230;<\/p>\n","protected":false},"author":2,"featured_media":2630,"comment_status":"open","ping_status":"open","sticky":false,"template":"","format":"standard","meta":{"sfsi_plus_gutenberg_text_before_share":"","sfsi_plus_gutenberg_show_text_before_share":"","sfsi_plus_gutenberg_icon_type":"","sfsi_plus_gutenberg_icon_alignemt":"","sfsi_plus_gutenburg_max_per_row":"","ngg_post_thumbnail":0,"footnotes":""},"categories":[1],"tags":[148,147],"featured_image_urls":{"full":["https:\/\/nsf.pt\/wp-content\/uploads\/2020\/12\/pr3_banner.png",992,560,false],"thumbnail":["https:\/\/nsf.pt\/wp-content\/uploads\/2020\/12\/pr3_banner-150x150.png",150,150,true],"medium":["https:\/\/nsf.pt\/wp-content\/uploads\/2020\/12\/pr3_banner-300x169.png",300,169,true],"medium_large":["https:\/\/nsf.pt\/wp-content\/uploads\/2020\/12\/pr3_banner-768x434.png",640,362,true],"large":["https:\/\/nsf.pt\/wp-content\/uploads\/2020\/12\/pr3_banner.png",640,361,false],"1536x1536":["https:\/\/nsf.pt\/wp-content\/uploads\/2020\/12\/pr3_banner.png",992,560,false],"2048x2048":["https:\/\/nsf.pt\/wp-content\/uploads\/2020\/12\/pr3_banner.png",992,560,false],"covernews-slider-full":["https:\/\/nsf.pt\/wp-content\/uploads\/2020\/12\/pr3_banner.png",992,560,false],"covernews-slider-center":["https:\/\/nsf.pt\/wp-content\/uploads\/2020\/12\/pr3_banner.png",800,452,false],"covernews-featured":["https:\/\/nsf.pt\/wp-content\/uploads\/2020\/12\/pr3_banner.png",992,560,false],"covernews-medium":["https:\/\/nsf.pt\/wp-content\/uploads\/2020\/12\/pr3_banner.png",540,305,false],"covernews-medium-square":["https:\/\/nsf.pt\/wp-content\/uploads\/2020\/12\/pr3_banner.png",400,226,false]},"author_info":{"info":["Carlos Ribeiro"]},"category_info":"<a href=\"https:\/\/nsf.pt\/index.php\/category\/uncategorized\/\" rel=\"category tag\">Uncategorized<\/a>","tag_info":"Uncategorized","comment_count":"0","_links":{"self":[{"href":"https:\/\/nsf.pt\/index.php\/wp-json\/wp\/v2\/posts\/2626"}],"collection":[{"href":"https:\/\/nsf.pt\/index.php\/wp-json\/wp\/v2\/posts"}],"about":[{"href":"https:\/\/nsf.pt\/index.php\/wp-json\/wp\/v2\/types\/post"}],"author":[{"embeddable":true,"href":"https:\/\/nsf.pt\/index.php\/wp-json\/wp\/v2\/users\/2"}],"replies":[{"embeddable":true,"href":"https:\/\/nsf.pt\/index.php\/wp-json\/wp\/v2\/comments?post=2626"}],"version-history":[{"count":3,"href":"https:\/\/nsf.pt\/index.php\/wp-json\/wp\/v2\/posts\/2626\/revisions"}],"predecessor-version":[{"id":2631,"href":"https:\/\/nsf.pt\/index.php\/wp-json\/wp\/v2\/posts\/2626\/revisions\/2631"}],"wp:featuredmedia":[{"embeddable":true,"href":"https:\/\/nsf.pt\/index.php\/wp-json\/wp\/v2\/media\/2630"}],"wp:attachment":[{"href":"https:\/\/nsf.pt\/index.php\/wp-json\/wp\/v2\/media?parent=2626"}],"wp:term":[{"taxonomy":"category","embeddable":true,"href":"https:\/\/nsf.pt\/index.php\/wp-json\/wp\/v2\/categories?post=2626"},{"taxonomy":"post_tag","embeddable":true,"href":"https:\/\/nsf.pt\/index.php\/wp-json\/wp\/v2\/tags?post=2626"}],"curies":[{"name":"wp","href":"https:\/\/api.w.org\/{rel}","templated":true}]}}