{"id":2678,"date":"2020-12-31T12:06:01","date_gmt":"2020-12-31T12:06:01","guid":{"rendered":"http:\/\/aep61-74.org\/?p=2678"},"modified":"2021-02-27T21:50:30","modified_gmt":"2021-02-27T21:50:30","slug":"opiniao-optimismo-e-pessimismo","status":"publish","type":"post","link":"https:\/\/nsf.pt\/index.php\/2020\/12\/31\/opiniao-optimismo-e-pessimismo\/","title":{"rendered":"OPINI\u00c3O |Optimismo e pessimismo"},"content":{"rendered":"\n<p><span class=\"has-inline-color has-vivid-red-color\"><strong>SEM FRONTEIRAS <\/strong><\/span>| 31 de dezembro 2020 | Opini\u00e3o <\/p>\n\n\n\n<p>por<a href=\"https:\/\/www.facebook.com\/helder.costa.7921\"> Helder Costa<\/a>, dramaturgo<\/p>\n\n\n\n<p>\u00c9 fascinante ver a alegria indisfar\u00e7\u00e1vel com que o analista (ou <em>His master voice<\/em> ) da Sic anuncia a inevit\u00e1vel bancarrota de Portugal (s\u00f3 faltam os Vampiros do Zeca).<\/p>\n\n\n\n<p>E alegria, porqu\u00ea? Porque essa gente sabe e cultiva m\u00e1s not\u00edcias \u2013 ou previs\u00f5es, ou desejos -, para espalhar o <strong>pessimismo<\/strong>. E com essa carga negativa, surgem o <strong>medo,<\/strong> a <strong>descren\u00e7a<\/strong>, e as pessoas estando mais inseguras, s\u00e3o mais manipul\u00e1veis.<\/p>\n\n\n\n<p>Recentemente surgiram umas vozes amaldi\u00e7oando o an\u00e1tema dito <em>marxismo cultural<\/em>. Pois, o <strong>Marx<\/strong> tem as costas largas, mas deixem o homem em paz. Se querem perceber um pouco da Hist\u00f3ria do pensamento progressista, podem come\u00e7ar pelo <strong>Dem\u00f3crito<\/strong>,  <em>o Fil\u00f3sofo que ri<\/em>, <strong>Epicuro<\/strong>,  <em>O elogio da Loucura<\/em> de <strong>Erasmo<\/strong>, <em>Utopia <\/em>de <strong>Thomas More<\/strong>, mais recentemente <em>O nome da rosa<\/em> de <strong>Umberto Ecco<\/strong> onde assassinatos num convento surgiam porque era preciso eliminar p\u00e1ginas que elogiavam a alegria num livro cl\u00e1ssico\u2026<\/p>\n\n\n\n<p>Estas breves refer\u00eancias servem para referir o <strong>optimismo<\/strong> como arma de transforma\u00e7\u00e3o social e cultural. Curiosamente, surgem v\u00e1rias frases que tentam travar essa reac\u00e7\u00e3o emocional\u2026 <em>muito riso, pouco siso<\/em> e <em>s\u00e3o jovens, n\u00e3o pensam<\/em>; o mais interessante \u00e9 que esses comportamentos at\u00e9 t\u00eam a sua dose de verdade. E s\u00e3o mais frequentes nos jovens, mais afectivos, directos e de f\u00e1cil indigna\u00e7\u00e3o. E por isso, dispostos a arriscar nas lutas dif\u00edceis. Recordo os movimentos estudantis dos anos 60, surgiram quando se percebeu que o <strong>pessimismo<\/strong> tinha sido o caldo cultural alicerce do nosso fascismo de 48 anos. E a juventude dos <em>Capit\u00e3es de Abril<\/em>, as v\u00e1rias lutas contra a guerra Colonial\u2026<\/p>\n\n\n\n<p>Fernando Pessoa escreveu <em><strong>se o cora\u00e7\u00e3o pudesse pensar, parava<\/strong><\/em>. Felizmente , o cora\u00e7\u00e3o est\u00e1 bem vivo para nos insuflar de <strong>optimismo<\/strong>, e tamb\u00e9m n\u00e3o se perde nada em pensar um bocadinho\u2026.<\/p>\n\n\n\n<p>Termino com uma convic\u00e7\u00e3o: <strong><em>O Humor \u00e9 a seiva do Revolucion\u00e1rio<\/em><\/strong><br><\/p>\n\n\n\n<p>Nota do Helder Costa: <em>TEXTO ESCRITO H\u00c0 2 ANOS, que me parece infelizmente MUTO ACTUAL.<\/em><\/p>\n","protected":false},"excerpt":{"rendered":"<p>SEM FRONTEIRAS | 31 de dezembro 2020 | Opini\u00e3o por Helder Costa, dramaturgo \u00c9 fascinante&#8230;<\/p>\n","protected":false},"author":2,"featured_media":2075,"comment_status":"open","ping_status":"open","sticky":false,"template":"","format":"standard","meta":{"sfsi_plus_gutenberg_text_before_share":"","sfsi_plus_gutenberg_show_text_before_share":"","sfsi_plus_gutenberg_icon_type":"","sfsi_plus_gutenberg_icon_alignemt":"","sfsi_plus_gutenburg_max_per_row":"","ngg_post_thumbnail":0,"footnotes":""},"categories":[99],"tags":[66],"featured_image_urls":{"full":["https:\/\/nsf.pt\/wp-content\/uploads\/2020\/09\/2-1.png",2560,1440,false],"thumbnail":["https:\/\/nsf.pt\/wp-content\/uploads\/2020\/09\/2-1-150x150.png",150,150,true],"medium":["https:\/\/nsf.pt\/wp-content\/uploads\/2020\/09\/2-1-300x169.png",300,169,true],"medium_large":["https:\/\/nsf.pt\/wp-content\/uploads\/2020\/09\/2-1-768x432.png",640,360,true],"large":["https:\/\/nsf.pt\/wp-content\/uploads\/2020\/09\/2-1-1024x576.png",640,360,true],"1536x1536":["https:\/\/nsf.pt\/wp-content\/uploads\/2020\/09\/2-1-1536x864.png",1536,864,true],"2048x2048":["https:\/\/nsf.pt\/wp-content\/uploads\/2020\/09\/2-1-2048x1152.png",2048,1152,true],"covernews-slider-full":["https:\/\/nsf.pt\/wp-content\/uploads\/2020\/09\/2-1.png",1115,627,false],"covernews-slider-center":["https:\/\/nsf.pt\/wp-content\/uploads\/2020\/09\/2-1.png",800,450,false],"covernews-featured":["https:\/\/nsf.pt\/wp-content\/uploads\/2020\/09\/2-1.png",1024,576,false],"covernews-medium":["https:\/\/nsf.pt\/wp-content\/uploads\/2020\/09\/2-1.png",540,304,false],"covernews-medium-square":["https:\/\/nsf.pt\/wp-content\/uploads\/2020\/09\/2-1.png",400,225,false]},"author_info":{"info":["Carlos Ribeiro"]},"category_info":"<a href=\"https:\/\/nsf.pt\/index.php\/category\/opiniao\/\" rel=\"category tag\">OPINI\u00c3O<\/a>","tag_info":"OPINI\u00c3O","comment_count":"0","_links":{"self":[{"href":"https:\/\/nsf.pt\/index.php\/wp-json\/wp\/v2\/posts\/2678"}],"collection":[{"href":"https:\/\/nsf.pt\/index.php\/wp-json\/wp\/v2\/posts"}],"about":[{"href":"https:\/\/nsf.pt\/index.php\/wp-json\/wp\/v2\/types\/post"}],"author":[{"embeddable":true,"href":"https:\/\/nsf.pt\/index.php\/wp-json\/wp\/v2\/users\/2"}],"replies":[{"embeddable":true,"href":"https:\/\/nsf.pt\/index.php\/wp-json\/wp\/v2\/comments?post=2678"}],"version-history":[{"count":1,"href":"https:\/\/nsf.pt\/index.php\/wp-json\/wp\/v2\/posts\/2678\/revisions"}],"predecessor-version":[{"id":2679,"href":"https:\/\/nsf.pt\/index.php\/wp-json\/wp\/v2\/posts\/2678\/revisions\/2679"}],"wp:featuredmedia":[{"embeddable":true,"href":"https:\/\/nsf.pt\/index.php\/wp-json\/wp\/v2\/media\/2075"}],"wp:attachment":[{"href":"https:\/\/nsf.pt\/index.php\/wp-json\/wp\/v2\/media?parent=2678"}],"wp:term":[{"taxonomy":"category","embeddable":true,"href":"https:\/\/nsf.pt\/index.php\/wp-json\/wp\/v2\/categories?post=2678"},{"taxonomy":"post_tag","embeddable":true,"href":"https:\/\/nsf.pt\/index.php\/wp-json\/wp\/v2\/tags?post=2678"}],"curies":[{"name":"wp","href":"https:\/\/api.w.org\/{rel}","templated":true}]}}