{"id":3428,"date":"2021-05-08T09:35:46","date_gmt":"2021-05-08T09:35:46","guid":{"rendered":"http:\/\/aep61-74.org\/?p=3428"},"modified":"2021-10-05T12:26:31","modified_gmt":"2021-10-05T12:26:31","slug":"a-partir-do-passado-reflectir-sobre-o-presente-e-pensar-o-futuro","status":"publish","type":"post","link":"https:\/\/nsf.pt\/index.php\/2021\/05\/08\/a-partir-do-passado-reflectir-sobre-o-presente-e-pensar-o-futuro\/","title":{"rendered":"A partir do passado, reflectir sobre o presente e pensar o futuro"},"content":{"rendered":"\n<h4 class=\"wp-block-heading\">OPINI\u00c3O | <strong>Joana Gomes Cardoso<\/strong><\/h4>\n\n\n\n<p>O <a href=\"https:\/\/www.museudoaljube.pt\/\">Museu do Aljube -Resist\u00eancia e Liberdade,<\/a> antiga pris\u00e3o do Estado Novo por onde passaram muitos presos pol\u00edticos,\u00a0t\u00eam uma miss\u00e3o, ou mesmo obriga\u00e7\u00e3o,\u00a0 especial de preservar e homenagear a mem\u00f3ria dos e das resistentes. Mas isso n\u00e3o significa que deva ficar preso no passado.<\/p>\n\n\n\n<p><\/p>\n\n\n\n<h2 class=\"wp-block-heading\">Mulheres e Resist\u00eancia \u2013 Novas Cartas Portuguesas e outras lutas<\/h2>\n\n\n\n<p><\/p>\n\n\n\n<p>A exposi\u00e7\u00e3o que inaugurou esta semana, sobre as Novas Cartas Portuguesas, \u00e9 um bom exemplo de como se pode, a partir do passado, reflectir sobre o presente e pensar o futuro.\u00a0Para quem n\u00e3o saiba (e devem ser muitas pessoas, sobretudo as mais jovens): h\u00e1 50 anos, tr\u00eas mulheres, Maria Isabel Barreno,\u00a0Maria Teresa Horta e Maria Velho da Costa publicaram um livro sobre a condi\u00e7\u00e3o das mulheres portuguesas que foi censurado e destru\u00eddo tr\u00eas dias depois do seu lan\u00e7amento. <\/p>\n\n\n\n<p>As tr\u00eas &#8220;Marias&#8221; como o caso ficou conhecido pelo mundo fora, foram levadas a tribunal, acusadas de terem\u00a0escrito um livro pornogr\u00e1fico e atentat\u00f3rio da moral p\u00fablica e bons costumes.Nesta exposi\u00e7\u00e3o, os visitantes podem ver os originais do livro, bem como os coment\u00e1rios dos censores e das figuras do regime, e ouvir na primeira voz os testemunhos das tr\u00eas autoras. <\/p>\n\n\n\n<p><\/p>\n\n\n\n<div class=\"wp-block-cover alignwide has-background-dim-20 has-background-dim is-position-center-center\" style=\"min-height:375px\"><img decoding=\"async\" loading=\"lazy\" width=\"377\" height=\"211\" class=\"wp-block-cover__image-background wp-image-3430\" alt=\"\" src=\"http:\/\/aep61-74.org\/wp-content\/uploads\/2021\/05\/3-marias-1.png\" style=\"object-position:40% 26%\" data-object-fit=\"cover\" data-object-position=\"40% 26%\" srcset=\"https:\/\/nsf.pt\/wp-content\/uploads\/2021\/05\/3-marias-1.png 377w, https:\/\/nsf.pt\/wp-content\/uploads\/2021\/05\/3-marias-1-300x168.png 300w\" sizes=\"(max-width: 377px) 100vw, 377px\" \/><div class=\"wp-block-cover__inner-container is-layout-flow wp-block-cover-is-layout-flow\">\n<p class=\"has-text-align-center has-text-color\" style=\"color:#fffffa;font-size:74px;line-height:1.1\"><\/p>\n<\/div><\/div>\n\n\n\n<p><\/p>\n\n\n\n<h2 class=\"wp-block-heading\">De Nova Iorque a Paris<\/h2>\n\n\n\n<p><\/p>\n\n\n\n<p>Recriaram-se posters com os slogans que, de Nova Iorque a Paris, estiveram solid\u00e1rios com as &#8220;three Marias&#8221; (mantiveram-se os erros ortogr\u00e1ficos dos originais). E recorda-se a falta de direitos que as mulheres tinham naquela altura. Pensando nos dias de hoje se, por um lado, \u00e9 evidente que existiram v\u00e1rias conquistas, basta pensar nas desigualdades salariais e na viol\u00eancia dom\u00e9stica para concluir que, ainda assim, ainda h\u00e1 muito caminho para fazer. E a partir desta exposi\u00e7\u00e3o percebe-se melhor as raz\u00f5es e as causas dessa discrimina\u00e7\u00e3o. <\/p>\n\n\n\n<div class=\"wp-block-cover alignwide has-background-dim-20 has-background-dim is-position-center-center\" style=\"min-height:375px\"><img decoding=\"async\" loading=\"lazy\" width=\"626\" height=\"299\" class=\"wp-block-cover__image-background wp-image-3431\" alt=\"\" src=\"http:\/\/aep61-74.org\/wp-content\/uploads\/2021\/05\/maria1.png\" style=\"object-position:60% 64%\" data-object-fit=\"cover\" data-object-position=\"60% 64%\" srcset=\"https:\/\/nsf.pt\/wp-content\/uploads\/2021\/05\/maria1.png 626w, https:\/\/nsf.pt\/wp-content\/uploads\/2021\/05\/maria1-300x143.png 300w\" sizes=\"(max-width: 626px) 100vw, 626px\" \/><div class=\"wp-block-cover__inner-container is-layout-flow wp-block-cover-is-layout-flow\">\n<p class=\"has-text-align-center has-text-color\" style=\"color:#fffffa;font-size:74px;line-height:1.1\"><\/p>\n<\/div><\/div>\n\n\n\n<p><em>Fotos : utilizada pelo Museu do Aljube Resist\u00eancia e Liberdade e Joana Gomes Cardoso<\/em><\/p>\n\n\n\n<p>Opini\u00e3o Joana Gomes Cardoso | Editado CR-Sem Fronteiras, 8 de maio 2021<\/p>\n","protected":false},"excerpt":{"rendered":"<p>OPINI\u00c3O | Joana Gomes Cardoso O Museu do Aljube -Resist\u00eancia e Liberdade, antiga pris\u00e3o do&#8230;<\/p>\n","protected":false},"author":2,"featured_media":3432,"comment_status":"open","ping_status":"open","sticky":true,"template":"","format":"standard","meta":{"sfsi_plus_gutenberg_text_before_share":"","sfsi_plus_gutenberg_show_text_before_share":"","sfsi_plus_gutenberg_icon_type":"","sfsi_plus_gutenberg_icon_alignemt":"","sfsi_plus_gutenburg_max_per_row":"","ngg_post_thumbnail":0,"footnotes":""},"categories":[99],"tags":[68,245],"featured_image_urls":{"full":["https:\/\/nsf.pt\/wp-content\/uploads\/2021\/05\/opinia-JGC.png",1025,582,false],"thumbnail":["https:\/\/nsf.pt\/wp-content\/uploads\/2021\/05\/opinia-JGC-150x150.png",150,150,true],"medium":["https:\/\/nsf.pt\/wp-content\/uploads\/2021\/05\/opinia-JGC-300x170.png",300,170,true],"medium_large":["https:\/\/nsf.pt\/wp-content\/uploads\/2021\/05\/opinia-JGC-768x436.png",640,363,true],"large":["https:\/\/nsf.pt\/wp-content\/uploads\/2021\/05\/opinia-JGC.png",640,363,false],"1536x1536":["https:\/\/nsf.pt\/wp-content\/uploads\/2021\/05\/opinia-JGC.png",1025,582,false],"2048x2048":["https:\/\/nsf.pt\/wp-content\/uploads\/2021\/05\/opinia-JGC.png",1025,582,false],"covernews-slider-full":["https:\/\/nsf.pt\/wp-content\/uploads\/2021\/05\/opinia-JGC.png",1025,582,false],"covernews-slider-center":["https:\/\/nsf.pt\/wp-content\/uploads\/2021\/05\/opinia-JGC.png",800,454,false],"covernews-featured":["https:\/\/nsf.pt\/wp-content\/uploads\/2021\/05\/opinia-JGC.png",1024,581,false],"covernews-medium":["https:\/\/nsf.pt\/wp-content\/uploads\/2021\/05\/opinia-JGC.png",540,307,false],"covernews-medium-square":["https:\/\/nsf.pt\/wp-content\/uploads\/2021\/05\/opinia-JGC.png",400,227,false]},"author_info":{"info":["Carlos Ribeiro"]},"category_info":"<a href=\"https:\/\/nsf.pt\/index.php\/category\/opiniao\/\" rel=\"category tag\">OPINI\u00c3O<\/a>","tag_info":"OPINI\u00c3O","comment_count":"0","_links":{"self":[{"href":"https:\/\/nsf.pt\/index.php\/wp-json\/wp\/v2\/posts\/3428"}],"collection":[{"href":"https:\/\/nsf.pt\/index.php\/wp-json\/wp\/v2\/posts"}],"about":[{"href":"https:\/\/nsf.pt\/index.php\/wp-json\/wp\/v2\/types\/post"}],"author":[{"embeddable":true,"href":"https:\/\/nsf.pt\/index.php\/wp-json\/wp\/v2\/users\/2"}],"replies":[{"embeddable":true,"href":"https:\/\/nsf.pt\/index.php\/wp-json\/wp\/v2\/comments?post=3428"}],"version-history":[{"count":3,"href":"https:\/\/nsf.pt\/index.php\/wp-json\/wp\/v2\/posts\/3428\/revisions"}],"predecessor-version":[{"id":3435,"href":"https:\/\/nsf.pt\/index.php\/wp-json\/wp\/v2\/posts\/3428\/revisions\/3435"}],"wp:featuredmedia":[{"embeddable":true,"href":"https:\/\/nsf.pt\/index.php\/wp-json\/wp\/v2\/media\/3432"}],"wp:attachment":[{"href":"https:\/\/nsf.pt\/index.php\/wp-json\/wp\/v2\/media?parent=3428"}],"wp:term":[{"taxonomy":"category","embeddable":true,"href":"https:\/\/nsf.pt\/index.php\/wp-json\/wp\/v2\/categories?post=3428"},{"taxonomy":"post_tag","embeddable":true,"href":"https:\/\/nsf.pt\/index.php\/wp-json\/wp\/v2\/tags?post=3428"}],"curies":[{"name":"wp","href":"https:\/\/api.w.org\/{rel}","templated":true}]}}