{"id":3492,"date":"2021-06-10T10:40:53","date_gmt":"2021-06-10T10:40:53","guid":{"rendered":"http:\/\/aep61-74.org\/?p=3492"},"modified":"2021-10-05T12:17:45","modified_gmt":"2021-10-05T12:17:45","slug":"documentario-conta-historia-dos-filmes-coloniais","status":"publish","type":"post","link":"https:\/\/nsf.pt\/index.php\/2021\/06\/10\/documentario-conta-historia-dos-filmes-coloniais\/","title":{"rendered":"Document\u00e1rio conta hist\u00f3ria dos filmes coloniais"},"content":{"rendered":"\n<p>AGENDA | Fantasmas do Imp\u00e9rio | Carlos Neves<\/p>\n\n\n\n<p><strong>&#8220;Fantasmas do Imp\u00e9rio&#8221; \u00e9 o document\u00e1rio que quer contar uma hist\u00f3ria dos filmes coloniais: &#8220;Portugal tem a mania do&nbsp;segredo&#8221;&nbsp;\/premiumO realizador franc\u00eas Ariel de Bigault confronta cineastas portugueses com as imagens do seu filme, imagens dos filmes coloniais.&nbsp;<\/strong><\/p>\n\n\n\n<h3 class=\"wp-block-heading\">De quem s\u00e3o? Para quem foram feitas? E como nos chegam hoje?<\/h3>\n\n\n\n<p><strong><u>Fantasmas do Imp\u00e9rio<\/u><\/strong>&nbsp;explora o imagin\u00e1rio colonial no cinema portugu\u00eas desde o in\u00edcio do s\u00e9culo XX.&nbsp;<\/p>\n\n\n\n<p>100 anos de cinema&#8230; Aos document\u00e1rios e fic\u00e7\u00f5es que sustentam o enredo imperialista, contrap\u00f5em-se filmes e olhares contempor\u00e2neos. Retrata a hist\u00f3ria da s\u00e9tima arte em Portugal antes do 25 de Abril e recorre aos arquivos da Cinemateca para convocar os espectadores para uma viagem no tempo.<\/p>\n\n\n\n<p>Sete cineastas portugueses \u2013 Fernando Matos Silva, Jo\u00e3o Botelho, Margarida Cardoso, Hugo Vieira da Silva, Ivo M. Ferreira, Manuel Faria de Almeida, Joaquim Lopes Barbosa &#8211; abrem os cofres da mem\u00f3ria cinematogr\u00e1fica colonial, dialogando com dois actores, \u00c2ngelo Torres, s\u00e3o-tomense, e Orlando S\u00e9rgio, angolano.&nbsp;<\/p>\n\n\n\n<p>Perscrutam o passado, real, reinventado ou recalcado que ainda hoje assombra as mem\u00f3rias: os mitos das descobertas, a fic\u00e7\u00e3o imperial, a f\u00e1brica da epopeia colonial, as m\u00e1scaras da violenta domina\u00e7\u00e3o.&nbsp;<\/p>\n\n\n\n<p>Jos\u00e9 Manuel Costa, director da Cinemateca, e Maria do Carmo Pi\u00e7arra, pesquisadora, trazem perspectivas na hist\u00f3ria da produ\u00e7\u00e3o cinematogr\u00e1fica.<\/p>\n\n\n\n<p>Juntando fragmentos cinematogr\u00e1ficos heterog\u00e9neos e pontos de vista diversos, Fantasmas do Imp\u00e9rio foca as varia\u00e7\u00f5es de olhares, especialmente sobre \u201co outro\u201d, o \u201ccolonizado\u201d de outrora, por\u00e9m perene concidad\u00e3o e conterr\u00e2neo da nossa comum humanidade. Jogando com ecos, contrapontos, contrastes entre situa\u00e7\u00f5es, imagens, di\u00e1logos, m\u00fasicas, o filme prop\u00f5e um enredo de imagin\u00e1rios e atitudes, de mem\u00f3rias e emo\u00e7\u00f5es.<\/p>\n\n\n\n<p>Fica a interroga\u00e7\u00e3o sobre a persist\u00eancia dos fantasmas hoje no cinema, no audiovisual, na cultura, na sociedade.<\/p>\n\n\n\n<ul><li><strong>G\u00e9nero:<\/strong>&nbsp;Document\u00e1rio<\/li><li><strong>Data de estreia:<\/strong>&nbsp;03\/06\/2021<\/li><li><strong>T\u00edtulo Original:<\/strong>&nbsp;Fantasmas do Imp\u00e9rio<\/li><li><strong>Realizador:<\/strong>&nbsp;Ariel de Bigault<\/li><li><strong>Actores:<\/strong>&nbsp;Lopes Barbosa, Jo\u00e3o Botelho, Margarida Cardoso<\/li><li><strong>Distribuidora:<\/strong>&nbsp;Projectos Paralelos<\/li><li><strong>Pa\u00eds:<\/strong>&nbsp;Portugal<\/li><li><strong>Ano:<\/strong>&nbsp;2020<\/li><\/ul>\n\n\n\n<p><strong>Dura\u00e7\u00e3o (minutos):<\/strong>&nbsp;111<\/p>\n\n\n\n<p>Mais informa\u00e7\u00e3o podes recolher neste <a href=\"https:\/\/www.buala.org\/pt\/a-ler\/fantasmas-do-imperio\">site.<\/a><\/p>\n\n\n\n<div class=\"wp-block-cover alignwide has-background-dim-10 has-background-dim is-position-center-center\" style=\"min-height:375px\"><img decoding=\"async\" loading=\"lazy\" width=\"627\" height=\"845\" class=\"wp-block-cover__image-background wp-image-3497\" alt=\"\" src=\"http:\/\/aep61-74.org\/wp-content\/uploads\/2021\/06\/cartaz-Fantasmas-1.png\" style=\"object-position:50% 42%\" data-object-fit=\"cover\" data-object-position=\"50% 42%\" srcset=\"https:\/\/nsf.pt\/wp-content\/uploads\/2021\/06\/cartaz-Fantasmas-1.png 627w, https:\/\/nsf.pt\/wp-content\/uploads\/2021\/06\/cartaz-Fantasmas-1-223x300.png 223w\" sizes=\"(max-width: 627px) 100vw, 627px\" \/><div class=\"wp-block-cover__inner-container is-layout-flow wp-block-cover-is-layout-flow\">\n<p class=\"has-text-align-center has-text-color\" style=\"color:#fffffa;font-size:74px;line-height:1.1\"><\/p>\n<\/div><\/div>\n\n\n\n<figure class=\"wp-block-image size-medium is-resized is-style-rounded\"><img decoding=\"async\" loading=\"lazy\" src=\"http:\/\/aep61-74.org\/wp-content\/uploads\/2021\/02\/carlos-neves_sf-300x134.png\" alt=\"\" class=\"wp-image-2902\" width=\"300\" height=\"134\" srcset=\"https:\/\/nsf.pt\/wp-content\/uploads\/2021\/02\/carlos-neves_sf-300x134.png 300w, https:\/\/nsf.pt\/wp-content\/uploads\/2021\/02\/carlos-neves_sf-1024x459.png 1024w, https:\/\/nsf.pt\/wp-content\/uploads\/2021\/02\/carlos-neves_sf-768x344.png 768w, https:\/\/nsf.pt\/wp-content\/uploads\/2021\/02\/carlos-neves_sf.png 1194w\" sizes=\"(max-width: 300px) 100vw, 300px\" \/><figcaption>AGEN<strong>DA | CARLOS NEVES<\/strong><\/figcaption><\/figure>\n","protected":false},"excerpt":{"rendered":"<p>AGENDA | Fantasmas do Imp\u00e9rio | Carlos Neves &#8220;Fantasmas do Imp\u00e9rio&#8221; \u00e9 o document\u00e1rio que&#8230;<\/p>\n","protected":false},"author":2,"featured_media":3494,"comment_status":"open","ping_status":"open","sticky":true,"template":"","format":"standard","meta":{"sfsi_plus_gutenberg_text_before_share":"","sfsi_plus_gutenberg_show_text_before_share":"","sfsi_plus_gutenberg_icon_type":"","sfsi_plus_gutenberg_icon_alignemt":"","sfsi_plus_gutenburg_max_per_row":"","ngg_post_thumbnail":0,"footnotes":""},"categories":[207,118],"tags":[161,203],"featured_image_urls":{"full":["https:\/\/nsf.pt\/wp-content\/uploads\/2021\/06\/imperio.png",582,325,false],"thumbnail":["https:\/\/nsf.pt\/wp-content\/uploads\/2021\/06\/imperio-150x150.png",150,150,true],"medium":["https:\/\/nsf.pt\/wp-content\/uploads\/2021\/06\/imperio-300x168.png",300,168,true],"medium_large":["https:\/\/nsf.pt\/wp-content\/uploads\/2021\/06\/imperio.png",582,325,false],"large":["https:\/\/nsf.pt\/wp-content\/uploads\/2021\/06\/imperio.png",582,325,false],"1536x1536":["https:\/\/nsf.pt\/wp-content\/uploads\/2021\/06\/imperio.png",582,325,false],"2048x2048":["https:\/\/nsf.pt\/wp-content\/uploads\/2021\/06\/imperio.png",582,325,false],"covernews-slider-full":["https:\/\/nsf.pt\/wp-content\/uploads\/2021\/06\/imperio.png",582,325,false],"covernews-slider-center":["https:\/\/nsf.pt\/wp-content\/uploads\/2021\/06\/imperio.png",582,325,false],"covernews-featured":["https:\/\/nsf.pt\/wp-content\/uploads\/2021\/06\/imperio.png",582,325,false],"covernews-medium":["https:\/\/nsf.pt\/wp-content\/uploads\/2021\/06\/imperio.png",540,302,false],"covernews-medium-square":["https:\/\/nsf.pt\/wp-content\/uploads\/2021\/06\/imperio.png",400,223,false]},"author_info":{"info":["Carlos Ribeiro"]},"category_info":"<a href=\"https:\/\/nsf.pt\/index.php\/category\/agenda-2\/\" rel=\"category tag\">AGENDA<\/a> <a href=\"https:\/\/nsf.pt\/index.php\/category\/memorias-vivas\/historia-com-h-grande\/\" rel=\"category tag\">HIST\u00d3RIA-H<\/a>","tag_info":"HIST\u00d3RIA-H","comment_count":"0","_links":{"self":[{"href":"https:\/\/nsf.pt\/index.php\/wp-json\/wp\/v2\/posts\/3492"}],"collection":[{"href":"https:\/\/nsf.pt\/index.php\/wp-json\/wp\/v2\/posts"}],"about":[{"href":"https:\/\/nsf.pt\/index.php\/wp-json\/wp\/v2\/types\/post"}],"author":[{"embeddable":true,"href":"https:\/\/nsf.pt\/index.php\/wp-json\/wp\/v2\/users\/2"}],"replies":[{"embeddable":true,"href":"https:\/\/nsf.pt\/index.php\/wp-json\/wp\/v2\/comments?post=3492"}],"version-history":[{"count":4,"href":"https:\/\/nsf.pt\/index.php\/wp-json\/wp\/v2\/posts\/3492\/revisions"}],"predecessor-version":[{"id":3500,"href":"https:\/\/nsf.pt\/index.php\/wp-json\/wp\/v2\/posts\/3492\/revisions\/3500"}],"wp:featuredmedia":[{"embeddable":true,"href":"https:\/\/nsf.pt\/index.php\/wp-json\/wp\/v2\/media\/3494"}],"wp:attachment":[{"href":"https:\/\/nsf.pt\/index.php\/wp-json\/wp\/v2\/media?parent=3492"}],"wp:term":[{"taxonomy":"category","embeddable":true,"href":"https:\/\/nsf.pt\/index.php\/wp-json\/wp\/v2\/categories?post=3492"},{"taxonomy":"post_tag","embeddable":true,"href":"https:\/\/nsf.pt\/index.php\/wp-json\/wp\/v2\/tags?post=3492"}],"curies":[{"name":"wp","href":"https:\/\/api.w.org\/{rel}","templated":true}]}}