{"id":3618,"date":"2021-07-02T13:24:02","date_gmt":"2021-07-02T13:24:02","guid":{"rendered":"http:\/\/aep61-74.org\/?p=3618"},"modified":"2021-10-05T12:09:10","modified_gmt":"2021-10-05T12:09:10","slug":"o-maneta-e-a-denuncia-da-exploracao-desenfreada-9","status":"publish","type":"post","link":"https:\/\/nsf.pt\/index.php\/2021\/07\/02\/o-maneta-e-a-denuncia-da-exploracao-desenfreada-9\/","title":{"rendered":"O Maneta e a den\u00fancia da explora\u00e7\u00e3o desenfreada (9)"},"content":{"rendered":"\n<p>REVISITAR EXPERI\u00caNCIAS | O Teatro e o combate \u00e0 extrema-direita (9)<\/p>\n\n\n\n<h3 class=\"wp-block-heading\">Teatro de Gentilly (2) &#8211; O Maneta e outras atividades teatrais<\/h3>\n\n\n\n<p>Est\u00e1vamos no in\u00edcio dos anos 70 na Associa\u00e7\u00e3o dos Portugueses de Gentilly-Arcuei. O grupo de interessados em concretizar um projeto de teatro na associa\u00e7\u00e3o ainda assim era numeroso. Podemos realizar uma categoriza\u00e7\u00e3o  sociol\u00f3gica em termos simplistas nos seguintes termos: as raparigas da Covilh\u00e1 ligadas aos meios fabris e a experi\u00eancias de vida urbano-rurais; os rapazes da P\u00f3voa com tradi\u00e7\u00f5es piscat\u00f3rias nos seus  antecedentes culturais e profissionais e todos ligados ao futebol; os sulistas com ribatejanos e oestinos \u00e0 mistura e finalmente os &#8220;integrados&#8221; ou meio-franceses ou franceses com olhares culturais mais globais, mas tamb\u00e9m menos ligados \u00e0 realidade portuguesa daqueles tempos.<\/p>\n\n\n\n<p><\/p>\n\n\n\n<p>Na primeira reuni\u00e3o, com a coordena\u00e7\u00e3o sens\u00edvel e cautelosa do C\u00e2ndido Ferreira, decidimos realizar uma pe\u00e7a escrita pelo nosso pr\u00f3prio punho e lev\u00e1-la \u00e0 cena, na associa\u00e7\u00e3o, num dia de festa. A op\u00e7\u00e3o recaiu sobre a hist\u00f3ria de um patr\u00e3o da Covilh\u00e3, de uma f\u00e1brica de lanif\u00edcios, que era &#8220;maneta&#8221; por raz\u00f5es associadas \u00e0 gan\u00e2ncia e ao seu incorrig\u00edvel esp\u00edrito de explorador.<\/p>\n\n\n\n<p><\/p>\n\n\n\n<h2 class=\"wp-block-heading\">O m\u00e9todo do Teatro Oper\u00e1rio<\/h2>\n\n\n\n<p>Foi necess\u00e1rio recuperar elementos da hist\u00f3ria junto de familiares e decidir se o final da narrativa deveria estar em conformidade com o que realmente aconteceu ou se seria razo\u00e1vel introduzir elementos de combatividade e de mensagem pol\u00edtica, a outro n\u00edvel, passando a abordagem teatral para o campo da <em>agitprop.<\/em><\/p>\n\n\n\n<p>A pe\u00e7a em si contava a hist\u00f3ria dos roubos noturnos que o filho de patr\u00e3o realizava no cofre da empresa e relatava a agress\u00e3o de que foi v\u00edtima infligida pelo pr\u00f3prio pai, que desconhecendo a identidade do ladr\u00e3o acabou por o incapacitar, num dos bra\u00e7os, para.o resto da vida.<\/p>\n\n\n\n<figure class=\"wp-block-gallery alignwide columns-2 is-cropped wp-block-gallery-1 is-layout-flex wp-block-gallery-is-layout-flex\"><ul class=\"blocks-gallery-grid\"><li class=\"blocks-gallery-item\"><figure><img decoding=\"async\" loading=\"lazy\" width=\"1024\" height=\"768\" src=\"http:\/\/aep61-74.org\/wp-content\/uploads\/2021\/07\/20210629_190403-1024x768.jpg\" alt=\"\" data-id=\"3623\" data-full-url=\"http:\/\/aep61-74.org\/wp-content\/uploads\/2021\/07\/20210629_190403-scaled.jpg\" data-link=\"http:\/\/aep61-74.org\/?attachment_id=3623\" class=\"wp-image-3623\" srcset=\"https:\/\/nsf.pt\/wp-content\/uploads\/2021\/07\/20210629_190403-1024x768.jpg 1024w, https:\/\/nsf.pt\/wp-content\/uploads\/2021\/07\/20210629_190403-300x225.jpg 300w, https:\/\/nsf.pt\/wp-content\/uploads\/2021\/07\/20210629_190403-768x576.jpg 768w, https:\/\/nsf.pt\/wp-content\/uploads\/2021\/07\/20210629_190403-1536x1152.jpg 1536w, https:\/\/nsf.pt\/wp-content\/uploads\/2021\/07\/20210629_190403-2048x1536.jpg 2048w, https:\/\/nsf.pt\/wp-content\/uploads\/2021\/07\/20210629_190403-678x509.jpg 678w, https:\/\/nsf.pt\/wp-content\/uploads\/2021\/07\/20210629_190403-326x245.jpg 326w, https:\/\/nsf.pt\/wp-content\/uploads\/2021\/07\/20210629_190403-80x60.jpg 80w\" sizes=\"(max-width: 1024px) 100vw, 1024px\" \/><\/figure><\/li><li class=\"blocks-gallery-item\"><figure><img decoding=\"async\" loading=\"lazy\" width=\"1024\" height=\"768\" src=\"http:\/\/aep61-74.org\/wp-content\/uploads\/2021\/07\/20210629_190132-1024x768.jpg\" alt=\"\" data-id=\"3624\" data-full-url=\"http:\/\/aep61-74.org\/wp-content\/uploads\/2021\/07\/20210629_190132.jpg\" data-link=\"http:\/\/aep61-74.org\/?attachment_id=3624\" class=\"wp-image-3624\" srcset=\"https:\/\/nsf.pt\/wp-content\/uploads\/2021\/07\/20210629_190132-1024x768.jpg 1024w, https:\/\/nsf.pt\/wp-content\/uploads\/2021\/07\/20210629_190132-300x225.jpg 300w, https:\/\/nsf.pt\/wp-content\/uploads\/2021\/07\/20210629_190132-768x576.jpg 768w, https:\/\/nsf.pt\/wp-content\/uploads\/2021\/07\/20210629_190132-1536x1152.jpg 1536w, https:\/\/nsf.pt\/wp-content\/uploads\/2021\/07\/20210629_190132-678x509.jpg 678w, https:\/\/nsf.pt\/wp-content\/uploads\/2021\/07\/20210629_190132-326x245.jpg 326w, https:\/\/nsf.pt\/wp-content\/uploads\/2021\/07\/20210629_190132-80x60.jpg 80w, https:\/\/nsf.pt\/wp-content\/uploads\/2021\/07\/20210629_190132.jpg 1600w\" sizes=\"(max-width: 1024px) 100vw, 1024px\" \/><\/figure><\/li><\/ul><\/figure>\n\n\n\n<figure class=\"wp-block-gallery alignwide columns-2 is-cropped wp-block-gallery-3 is-layout-flex wp-block-gallery-is-layout-flex\"><ul class=\"blocks-gallery-grid\"><li class=\"blocks-gallery-item\"><figure><img decoding=\"async\" loading=\"lazy\" width=\"1024\" height=\"768\" src=\"http:\/\/aep61-74.org\/wp-content\/uploads\/2021\/07\/20210629_190051-1-1024x768.jpg\" alt=\"\" data-id=\"3626\" data-full-url=\"http:\/\/aep61-74.org\/wp-content\/uploads\/2021\/07\/20210629_190051-1.jpg\" data-link=\"http:\/\/aep61-74.org\/?attachment_id=3626\" class=\"wp-image-3626\" srcset=\"https:\/\/nsf.pt\/wp-content\/uploads\/2021\/07\/20210629_190051-1-1024x768.jpg 1024w, https:\/\/nsf.pt\/wp-content\/uploads\/2021\/07\/20210629_190051-1-300x225.jpg 300w, https:\/\/nsf.pt\/wp-content\/uploads\/2021\/07\/20210629_190051-1-768x576.jpg 768w, https:\/\/nsf.pt\/wp-content\/uploads\/2021\/07\/20210629_190051-1-678x509.jpg 678w, https:\/\/nsf.pt\/wp-content\/uploads\/2021\/07\/20210629_190051-1-326x245.jpg 326w, https:\/\/nsf.pt\/wp-content\/uploads\/2021\/07\/20210629_190051-1-80x60.jpg 80w, https:\/\/nsf.pt\/wp-content\/uploads\/2021\/07\/20210629_190051-1.jpg 1513w\" sizes=\"(max-width: 1024px) 100vw, 1024px\" \/><\/figure><\/li><li class=\"blocks-gallery-item\"><figure><img decoding=\"async\" loading=\"lazy\" width=\"1024\" height=\"768\" src=\"http:\/\/aep61-74.org\/wp-content\/uploads\/2021\/07\/20210629_123844-1-1024x768.jpg\" alt=\"\" data-id=\"3627\" data-full-url=\"http:\/\/aep61-74.org\/wp-content\/uploads\/2021\/07\/20210629_123844-1-scaled.jpg\" data-link=\"http:\/\/aep61-74.org\/?attachment_id=3627\" class=\"wp-image-3627\" srcset=\"https:\/\/nsf.pt\/wp-content\/uploads\/2021\/07\/20210629_123844-1-1024x768.jpg 1024w, https:\/\/nsf.pt\/wp-content\/uploads\/2021\/07\/20210629_123844-1-300x225.jpg 300w, https:\/\/nsf.pt\/wp-content\/uploads\/2021\/07\/20210629_123844-1-768x576.jpg 768w, https:\/\/nsf.pt\/wp-content\/uploads\/2021\/07\/20210629_123844-1-1536x1152.jpg 1536w, https:\/\/nsf.pt\/wp-content\/uploads\/2021\/07\/20210629_123844-1-2048x1536.jpg 2048w, https:\/\/nsf.pt\/wp-content\/uploads\/2021\/07\/20210629_123844-1-678x509.jpg 678w, https:\/\/nsf.pt\/wp-content\/uploads\/2021\/07\/20210629_123844-1-326x245.jpg 326w, https:\/\/nsf.pt\/wp-content\/uploads\/2021\/07\/20210629_123844-1-80x60.jpg 80w\" sizes=\"(max-width: 1024px) 100vw, 1024px\" \/><\/figure><\/li><\/ul><\/figure>\n\n\n\n<p>O tema serviu de ponto de partida para denunciar a explora\u00e7\u00e3o nas f\u00e1bricas de lanif\u00edcios na Beira Interior e apontar as dificuldades de organiza\u00e7\u00e3o de atividades de resist\u00eancia e de oposi\u00e7\u00e3o quando rela\u00e7\u00e3o entre o mundo fabril e as origens rurais dos seus principais protagonistas \u00e9 muito significativa.<\/p>\n\n\n\n<p>A pe\u00e7a termina com um fervoroso apelo \u00e0 participa\u00e7\u00e3o nas a\u00e7\u00f5es do 1\u00ba de maio e articula-se com atividades musicais em torno de uma can\u00e7\u00e3o trabalhada com o apoio do grupo os &#8220;Camaradas&#8221; denominada <em><strong>&#8220;J\u00e1 o meu pai me dizia&#8221;.<\/strong><\/em><\/p>\n\n\n\n<div class=\"wp-block-cover alignwide has-background-dim-20 has-background-dim is-position-center-center\" style=\"min-height:375px\"><img decoding=\"async\" loading=\"lazy\" width=\"1600\" height=\"1200\" class=\"wp-block-cover__image-background wp-image-3625\" alt=\"\" src=\"http:\/\/aep61-74.org\/wp-content\/uploads\/2021\/07\/20210629_190123.jpg\" style=\"object-position:54% 5%\" data-object-fit=\"cover\" data-object-position=\"54% 5%\" srcset=\"https:\/\/nsf.pt\/wp-content\/uploads\/2021\/07\/20210629_190123.jpg 1600w, https:\/\/nsf.pt\/wp-content\/uploads\/2021\/07\/20210629_190123-300x225.jpg 300w, https:\/\/nsf.pt\/wp-content\/uploads\/2021\/07\/20210629_190123-1024x768.jpg 1024w, https:\/\/nsf.pt\/wp-content\/uploads\/2021\/07\/20210629_190123-768x576.jpg 768w, https:\/\/nsf.pt\/wp-content\/uploads\/2021\/07\/20210629_190123-1536x1152.jpg 1536w, https:\/\/nsf.pt\/wp-content\/uploads\/2021\/07\/20210629_190123-678x509.jpg 678w, https:\/\/nsf.pt\/wp-content\/uploads\/2021\/07\/20210629_190123-326x245.jpg 326w, https:\/\/nsf.pt\/wp-content\/uploads\/2021\/07\/20210629_190123-80x60.jpg 80w\" sizes=\"(max-width: 1600px) 100vw, 1600px\" \/><div class=\"wp-block-cover__inner-container is-layout-flow wp-block-cover-is-layout-flow\">\n<p class=\"has-text-align-center has-text-color\" style=\"color:#fffffa;font-size:74px;line-height:1.1\"><\/p>\n<\/div><\/div>\n\n\n\n<p>O grupo de teatro passou a ser solicitado para atua\u00e7\u00f5es em festas e iniciativas de outras associa\u00e7\u00f5es e uma das suas caracter\u00edsticas era a versatilidade j\u00e1 que, para al\u00e9m da pe\u00e7a o Maneta, dispunha de uma n\u00facleo de atores que colocava em palco outras pe\u00e7as como O Soldado e o 18 de Janeiro do Teatro Oper\u00e1rio de Paris.<\/p>\n\n\n\n<figure class=\"wp-block-gallery alignwide columns-2 is-cropped wp-block-gallery-6 is-layout-flex wp-block-gallery-is-layout-flex\"><ul class=\"blocks-gallery-grid\"><li class=\"blocks-gallery-item\"><figure><img decoding=\"async\" loading=\"lazy\" width=\"1024\" height=\"768\" src=\"http:\/\/aep61-74.org\/wp-content\/uploads\/2021\/07\/20210629_190111-1024x768.jpg\" alt=\"\" data-id=\"3628\" data-full-url=\"http:\/\/aep61-74.org\/wp-content\/uploads\/2021\/07\/20210629_190111.jpg\" data-link=\"http:\/\/aep61-74.org\/?attachment_id=3628\" class=\"wp-image-3628\" srcset=\"https:\/\/nsf.pt\/wp-content\/uploads\/2021\/07\/20210629_190111-1024x768.jpg 1024w, https:\/\/nsf.pt\/wp-content\/uploads\/2021\/07\/20210629_190111-300x225.jpg 300w, https:\/\/nsf.pt\/wp-content\/uploads\/2021\/07\/20210629_190111-768x576.jpg 768w, https:\/\/nsf.pt\/wp-content\/uploads\/2021\/07\/20210629_190111-1536x1152.jpg 1536w, https:\/\/nsf.pt\/wp-content\/uploads\/2021\/07\/20210629_190111-678x509.jpg 678w, https:\/\/nsf.pt\/wp-content\/uploads\/2021\/07\/20210629_190111-326x245.jpg 326w, https:\/\/nsf.pt\/wp-content\/uploads\/2021\/07\/20210629_190111-80x60.jpg 80w, https:\/\/nsf.pt\/wp-content\/uploads\/2021\/07\/20210629_190111.jpg 1600w\" sizes=\"(max-width: 1024px) 100vw, 1024px\" \/><\/figure><\/li><li class=\"blocks-gallery-item\"><figure><img decoding=\"async\" loading=\"lazy\" width=\"1024\" height=\"768\" src=\"http:\/\/aep61-74.org\/wp-content\/uploads\/2021\/07\/20210629_182322-1024x768.jpg\" alt=\"\" data-id=\"3629\" data-full-url=\"http:\/\/aep61-74.org\/wp-content\/uploads\/2021\/07\/20210629_182322.jpg\" data-link=\"http:\/\/aep61-74.org\/?attachment_id=3629\" class=\"wp-image-3629\" srcset=\"https:\/\/nsf.pt\/wp-content\/uploads\/2021\/07\/20210629_182322-1024x768.jpg 1024w, https:\/\/nsf.pt\/wp-content\/uploads\/2021\/07\/20210629_182322-300x225.jpg 300w, https:\/\/nsf.pt\/wp-content\/uploads\/2021\/07\/20210629_182322-768x576.jpg 768w, https:\/\/nsf.pt\/wp-content\/uploads\/2021\/07\/20210629_182322-1536x1152.jpg 1536w, https:\/\/nsf.pt\/wp-content\/uploads\/2021\/07\/20210629_182322-678x509.jpg 678w, https:\/\/nsf.pt\/wp-content\/uploads\/2021\/07\/20210629_182322-326x245.jpg 326w, https:\/\/nsf.pt\/wp-content\/uploads\/2021\/07\/20210629_182322-80x60.jpg 80w, https:\/\/nsf.pt\/wp-content\/uploads\/2021\/07\/20210629_182322.jpg 1600w\" sizes=\"(max-width: 1024px) 100vw, 1024px\" \/><\/figure><\/li><\/ul><\/figure>\n\n\n\n<p> <\/p>\n\n\n\n<div class=\"wp-block-cover alignwide has-background-dim-20 has-background-dim is-position-center-center\" style=\"min-height:375px\"><img decoding=\"async\" loading=\"lazy\" width=\"1669\" height=\"984\" class=\"wp-block-cover__image-background wp-image-3632\" alt=\"\" src=\"http:\/\/aep61-74.org\/wp-content\/uploads\/2021\/07\/teatros.png\" style=\"object-position:52% 91%\" data-object-fit=\"cover\" data-object-position=\"52% 91%\" srcset=\"https:\/\/nsf.pt\/wp-content\/uploads\/2021\/07\/teatros.png 1669w, https:\/\/nsf.pt\/wp-content\/uploads\/2021\/07\/teatros-300x177.png 300w, https:\/\/nsf.pt\/wp-content\/uploads\/2021\/07\/teatros-1024x604.png 1024w, https:\/\/nsf.pt\/wp-content\/uploads\/2021\/07\/teatros-768x453.png 768w, https:\/\/nsf.pt\/wp-content\/uploads\/2021\/07\/teatros-1536x906.png 1536w\" sizes=\"(max-width: 1669px) 100vw, 1669px\" \/><div class=\"wp-block-cover__inner-container is-layout-flow wp-block-cover-is-layout-flow\">\n<p class=\"has-text-align-center has-text-color\" style=\"color:#fffffa;font-size:74px;line-height:1.1\"><\/p>\n<\/div><\/div>\n\n\n\n<figure class=\"wp-block-gallery alignwide columns-2 is-cropped wp-block-gallery-9 is-layout-flex wp-block-gallery-is-layout-flex\"><ul class=\"blocks-gallery-grid\"><li class=\"blocks-gallery-item\"><figure><img decoding=\"async\" loading=\"lazy\" width=\"1024\" height=\"768\" src=\"http:\/\/aep61-74.org\/wp-content\/uploads\/2021\/07\/20210629_190000-1-1024x768.jpg\" alt=\"\" data-id=\"3630\" data-full-url=\"http:\/\/aep61-74.org\/wp-content\/uploads\/2021\/07\/20210629_190000-1.jpg\" data-link=\"http:\/\/aep61-74.org\/?attachment_id=3630\" class=\"wp-image-3630\" srcset=\"https:\/\/nsf.pt\/wp-content\/uploads\/2021\/07\/20210629_190000-1-1024x768.jpg 1024w, https:\/\/nsf.pt\/wp-content\/uploads\/2021\/07\/20210629_190000-1-300x225.jpg 300w, https:\/\/nsf.pt\/wp-content\/uploads\/2021\/07\/20210629_190000-1-768x576.jpg 768w, https:\/\/nsf.pt\/wp-content\/uploads\/2021\/07\/20210629_190000-1-1536x1152.jpg 1536w, https:\/\/nsf.pt\/wp-content\/uploads\/2021\/07\/20210629_190000-1-678x509.jpg 678w, https:\/\/nsf.pt\/wp-content\/uploads\/2021\/07\/20210629_190000-1-326x245.jpg 326w, https:\/\/nsf.pt\/wp-content\/uploads\/2021\/07\/20210629_190000-1-80x60.jpg 80w, https:\/\/nsf.pt\/wp-content\/uploads\/2021\/07\/20210629_190000-1.jpg 1600w\" sizes=\"(max-width: 1024px) 100vw, 1024px\" \/><\/figure><\/li><li class=\"blocks-gallery-item\"><figure><img decoding=\"async\" loading=\"lazy\" width=\"1024\" height=\"768\" src=\"http:\/\/aep61-74.org\/wp-content\/uploads\/2021\/07\/20210629_185939-1024x768.jpg\" alt=\"\" data-id=\"3631\" data-full-url=\"http:\/\/aep61-74.org\/wp-content\/uploads\/2021\/07\/20210629_185939.jpg\" data-link=\"http:\/\/aep61-74.org\/?attachment_id=3631\" class=\"wp-image-3631\" srcset=\"https:\/\/nsf.pt\/wp-content\/uploads\/2021\/07\/20210629_185939-1024x768.jpg 1024w, https:\/\/nsf.pt\/wp-content\/uploads\/2021\/07\/20210629_185939-300x225.jpg 300w, https:\/\/nsf.pt\/wp-content\/uploads\/2021\/07\/20210629_185939-768x576.jpg 768w, https:\/\/nsf.pt\/wp-content\/uploads\/2021\/07\/20210629_185939-1536x1152.jpg 1536w, https:\/\/nsf.pt\/wp-content\/uploads\/2021\/07\/20210629_185939-678x509.jpg 678w, https:\/\/nsf.pt\/wp-content\/uploads\/2021\/07\/20210629_185939-326x245.jpg 326w, https:\/\/nsf.pt\/wp-content\/uploads\/2021\/07\/20210629_185939-80x60.jpg 80w, https:\/\/nsf.pt\/wp-content\/uploads\/2021\/07\/20210629_185939.jpg 1600w\" sizes=\"(max-width: 1024px) 100vw, 1024px\" \/><\/figure><\/li><\/ul><\/figure>\n\n\n\n<p>No final das atua\u00e7\u00f5es promovia-se o debate e incentiva-se \u00e0 organiza\u00e7\u00e3o de grupos de teatro nos clubes e nas associa\u00e7\u00f5es.<\/p>\n\n\n\n<figure class=\"wp-block-gallery alignwide columns-2 is-cropped wp-block-gallery-11 is-layout-flex wp-block-gallery-is-layout-flex\"><ul class=\"blocks-gallery-grid\"><li class=\"blocks-gallery-item\"><figure><img decoding=\"async\" loading=\"lazy\" width=\"1024\" height=\"768\" src=\"http:\/\/aep61-74.org\/wp-content\/uploads\/2021\/07\/20210629_190318-1024x768.jpg\" alt=\"\" data-id=\"3633\" data-full-url=\"http:\/\/aep61-74.org\/wp-content\/uploads\/2021\/07\/20210629_190318-scaled.jpg\" data-link=\"http:\/\/aep61-74.org\/?attachment_id=3633\" class=\"wp-image-3633\" srcset=\"https:\/\/nsf.pt\/wp-content\/uploads\/2021\/07\/20210629_190318-1024x768.jpg 1024w, https:\/\/nsf.pt\/wp-content\/uploads\/2021\/07\/20210629_190318-300x225.jpg 300w, https:\/\/nsf.pt\/wp-content\/uploads\/2021\/07\/20210629_190318-768x576.jpg 768w, https:\/\/nsf.pt\/wp-content\/uploads\/2021\/07\/20210629_190318-1536x1152.jpg 1536w, https:\/\/nsf.pt\/wp-content\/uploads\/2021\/07\/20210629_190318-2048x1536.jpg 2048w, https:\/\/nsf.pt\/wp-content\/uploads\/2021\/07\/20210629_190318-678x509.jpg 678w, https:\/\/nsf.pt\/wp-content\/uploads\/2021\/07\/20210629_190318-326x245.jpg 326w, https:\/\/nsf.pt\/wp-content\/uploads\/2021\/07\/20210629_190318-80x60.jpg 80w\" sizes=\"(max-width: 1024px) 100vw, 1024px\" \/><\/figure><\/li><li class=\"blocks-gallery-item\"><figure><img decoding=\"async\" loading=\"lazy\" width=\"1024\" height=\"711\" src=\"http:\/\/aep61-74.org\/wp-content\/uploads\/2021\/07\/4-Teatro-e-Tino-Flores-de-costas-anos-70Grenoble-copie-2-1024x711.jpg\" alt=\"\" data-id=\"3634\" data-full-url=\"http:\/\/aep61-74.org\/wp-content\/uploads\/2021\/07\/4-Teatro-e-Tino-Flores-de-costas-anos-70Grenoble-copie-2.jpg\" data-link=\"http:\/\/aep61-74.org\/?attachment_id=3634\" class=\"wp-image-3634\" srcset=\"https:\/\/nsf.pt\/wp-content\/uploads\/2021\/07\/4-Teatro-e-Tino-Flores-de-costas-anos-70Grenoble-copie-2-1024x711.jpg 1024w, https:\/\/nsf.pt\/wp-content\/uploads\/2021\/07\/4-Teatro-e-Tino-Flores-de-costas-anos-70Grenoble-copie-2-300x208.jpg 300w, https:\/\/nsf.pt\/wp-content\/uploads\/2021\/07\/4-Teatro-e-Tino-Flores-de-costas-anos-70Grenoble-copie-2-768x533.jpg 768w, https:\/\/nsf.pt\/wp-content\/uploads\/2021\/07\/4-Teatro-e-Tino-Flores-de-costas-anos-70Grenoble-copie-2-1536x1067.jpg 1536w, https:\/\/nsf.pt\/wp-content\/uploads\/2021\/07\/4-Teatro-e-Tino-Flores-de-costas-anos-70Grenoble-copie-2.jpg 1888w\" sizes=\"(max-width: 1024px) 100vw, 1024px\" \/><\/figure><\/li><\/ul><\/figure>\n\n\n\n<p>Carlos Ribeiro | Dinamizador do Teatro de Gentilly com o apoio insubstitu\u00edvel do C\u00e2ndido Ferreira e com a participa\u00e7\u00e3o de in\u00fameros amigos, familiares e camaradas.<\/p>\n","protected":false},"excerpt":{"rendered":"<p>REVISITAR EXPERI\u00caNCIAS | O Teatro e o combate \u00e0 extrema-direita (9) Teatro de Gentilly (2)&#8230;<\/p>\n","protected":false},"author":2,"featured_media":3636,"comment_status":"open","ping_status":"open","sticky":true,"template":"","format":"standard","meta":{"sfsi_plus_gutenberg_text_before_share":"","sfsi_plus_gutenberg_show_text_before_share":"","sfsi_plus_gutenberg_icon_type":"","sfsi_plus_gutenberg_icon_alignemt":"","sfsi_plus_gutenburg_max_per_row":"","ngg_post_thumbnail":0,"footnotes":""},"categories":[239,112],"tags":[205],"featured_image_urls":{"full":["https:\/\/nsf.pt\/wp-content\/uploads\/2021\/07\/20210629_190038.jpg",1600,1200,false],"thumbnail":["https:\/\/nsf.pt\/wp-content\/uploads\/2021\/07\/20210629_190038-150x150.jpg",150,150,true],"medium":["https:\/\/nsf.pt\/wp-content\/uploads\/2021\/07\/20210629_190038-300x225.jpg",300,225,true],"medium_large":["https:\/\/nsf.pt\/wp-content\/uploads\/2021\/07\/20210629_190038-768x576.jpg",640,480,true],"large":["https:\/\/nsf.pt\/wp-content\/uploads\/2021\/07\/20210629_190038-1024x768.jpg",640,480,true],"1536x1536":["https:\/\/nsf.pt\/wp-content\/uploads\/2021\/07\/20210629_190038-1536x1152.jpg",1536,1152,true],"2048x2048":["https:\/\/nsf.pt\/wp-content\/uploads\/2021\/07\/20210629_190038.jpg",1600,1200,false],"covernews-slider-full":["https:\/\/nsf.pt\/wp-content\/uploads\/2021\/07\/20210629_190038.jpg",953,715,false],"covernews-slider-center":["https:\/\/nsf.pt\/wp-content\/uploads\/2021\/07\/20210629_190038.jpg",667,500,false],"covernews-featured":["https:\/\/nsf.pt\/wp-content\/uploads\/2021\/07\/20210629_190038.jpg",1024,768,false],"covernews-medium":["https:\/\/nsf.pt\/wp-content\/uploads\/2021\/07\/20210629_190038.jpg",453,340,false],"covernews-medium-square":["https:\/\/nsf.pt\/wp-content\/uploads\/2021\/07\/20210629_190038.jpg",333,250,false]},"author_info":{"info":["Carlos Ribeiro"]},"category_info":"<a href=\"https:\/\/nsf.pt\/index.php\/category\/especial-sf\/\" rel=\"category tag\">ESPECIAL-SF<\/a> <a href=\"https:\/\/nsf.pt\/index.php\/category\/especial-sf\/teatro\/\" rel=\"category tag\">TEATRO<\/a>","tag_info":"TEATRO","comment_count":"0","_links":{"self":[{"href":"https:\/\/nsf.pt\/index.php\/wp-json\/wp\/v2\/posts\/3618"}],"collection":[{"href":"https:\/\/nsf.pt\/index.php\/wp-json\/wp\/v2\/posts"}],"about":[{"href":"https:\/\/nsf.pt\/index.php\/wp-json\/wp\/v2\/types\/post"}],"author":[{"embeddable":true,"href":"https:\/\/nsf.pt\/index.php\/wp-json\/wp\/v2\/users\/2"}],"replies":[{"embeddable":true,"href":"https:\/\/nsf.pt\/index.php\/wp-json\/wp\/v2\/comments?post=3618"}],"version-history":[{"count":1,"href":"https:\/\/nsf.pt\/index.php\/wp-json\/wp\/v2\/posts\/3618\/revisions"}],"predecessor-version":[{"id":3635,"href":"https:\/\/nsf.pt\/index.php\/wp-json\/wp\/v2\/posts\/3618\/revisions\/3635"}],"wp:featuredmedia":[{"embeddable":true,"href":"https:\/\/nsf.pt\/index.php\/wp-json\/wp\/v2\/media\/3636"}],"wp:attachment":[{"href":"https:\/\/nsf.pt\/index.php\/wp-json\/wp\/v2\/media?parent=3618"}],"wp:term":[{"taxonomy":"category","embeddable":true,"href":"https:\/\/nsf.pt\/index.php\/wp-json\/wp\/v2\/categories?post=3618"},{"taxonomy":"post_tag","embeddable":true,"href":"https:\/\/nsf.pt\/index.php\/wp-json\/wp\/v2\/tags?post=3618"}],"curies":[{"name":"wp","href":"https:\/\/api.w.org\/{rel}","templated":true}]}}