{"id":3654,"date":"2021-07-06T14:12:26","date_gmt":"2021-07-06T14:12:26","guid":{"rendered":"http:\/\/aep61-74.org\/?p=3654"},"modified":"2021-10-05T12:07:47","modified_gmt":"2021-10-05T12:07:47","slug":"danser-encore-nos-queremos-continuar-a-dancar","status":"publish","type":"post","link":"https:\/\/nsf.pt\/index.php\/2021\/07\/06\/danser-encore-nos-queremos-continuar-a-dancar\/","title":{"rendered":"Danser encore, n\u00f3s queremos continuar a dan\u00e7ar"},"content":{"rendered":"\n<p><strong>TRIBUNA<\/strong> | CULTURA E INTERVEN\u00c7\u00c3O ART\u00cdSTICA, em tempos de pandemia<\/p>\n\n\n\n<p>A orienta\u00e7\u00e3o mais ou menos formalizada de &#8220;<strong>feche-se a cultura e a interven\u00e7\u00e3o art\u00edstica<\/strong>&#8221; porque a pandemia n\u00e3o \u00e9 compat\u00edvel com a\u00e7\u00f5es no espa\u00e7o p\u00fablico ou nos espa\u00e7os especializados de performance e desempenho art\u00edstico surgiu como um murro no est\u00f4mago dos profissionais do setor que sentiram, simultaneamente, uma secundariza\u00e7\u00e3o das atividades de pequena escala e sobretudo de base local nos apoios concedidos pelo Estado face \u00e0 paragem imposta pelas circunst\u00e2ncias sanit\u00e1rias.<\/p>\n\n\n\n<p><\/p>\n\n\n\n<h2 class=\"wp-block-heading\">E se fosse proibido dan\u00e7ar?<\/h2>\n\n\n\n<p>Manuel Branco recordou-nos recentemente aqui no Sem Fronteiras <a href=\"http:\/\/aep61-74.org\/index.php\/2021\/07\/01\/e-se-fosse-proibido-dancar\/\">a proibi\u00e7\u00e3o dos bailes <\/a>no per\u00edodo da ocupa\u00e7\u00e3o nazi em Fran\u00e7a e a organiza\u00e7\u00e3o de bailes clandestinos que exprimiam o descontentamento das popula\u00e7\u00f5es e serviam para angariar fundos para a Resist\u00eancia. Dan\u00e7ar e resistir. uma mat\u00e9ria complexa quando se trata de sa\u00fade p\u00fablica mas que os dinamizadores de a\u00e7\u00f5es de rebeldia simplificam quando afirmam : \u00e9 nestas ocasi\u00f5es que a cultura e a interven\u00e7\u00e3o art\u00edstica s\u00e3o importantes para prevenir e antecipar qualquer tenta\u00e7\u00e3o de aproveitamento para aprofundar l\u00f3gicas de obedi\u00eancias e de submiss\u00e3o.<\/p>\n\n\n\n<p>O movimento DANSER ENCORE que encontrou eco em toda a Europa teve um pouco esta base de amplia\u00e7\u00e3o. Podemos visitar algumas express\u00f5es desse movimento nomeadamente atrav\u00e9s da vers\u00e3o portuguesa do aut\u00eantico hino que os Hk lan\u00e7aram em Fran\u00e7a, a partir de Avignon:<\/p>\n\n\n\n<p><\/p>\n\n\n\n<figure class=\"wp-block-embed is-type-video is-provider-youtube wp-block-embed-youtube wp-embed-aspect-16-9 wp-has-aspect-ratio\"><div class=\"wp-block-embed__wrapper\">\n<iframe loading=\"lazy\" title=\"HK - Danser encore (Officiel)\" width=\"640\" height=\"360\" src=\"https:\/\/www.youtube.com\/embed\/SyBEMRyt6Qg?feature=oembed\" frameborder=\"0\" allow=\"accelerometer; autoplay; clipboard-write; encrypted-media; gyroscope; picture-in-picture\" allowfullscreen><\/iframe>\n<\/div><\/figure>\n\n\n\n<p>e a VOLTA AO MUNDO<\/p>\n\n\n\n<figure class=\"wp-block-embed is-type-video is-provider-youtube wp-block-embed-youtube wp-embed-aspect-16-9 wp-has-aspect-ratio\"><div class=\"wp-block-embed__wrapper\">\n<iframe loading=\"lazy\" title=\"HK DANSER ENCORE WORLDWIDE \u2022 ULTIMATE COLLECTION around the world \u2022 [Full Movie + subtitles e, d, f]\" width=\"640\" height=\"360\" src=\"https:\/\/www.youtube.com\/embed\/TDREy8DGt0I?feature=oembed\" frameborder=\"0\" allow=\"accelerometer; autoplay; clipboard-write; encrypted-media; gyroscope; picture-in-picture\" allowfullscreen><\/iframe>\n<\/div><\/figure>\n\n\n\n<p><\/p>\n\n\n\n<p>e a vers\u00e3o portuguesa, ali \u00e0 entrada da Pra\u00e7a do Com\u00e9rcio | Terreiro do Pa\u00e7o<\/p>\n\n\n\n<figure class=\"wp-block-embed is-type-video is-provider-youtube wp-block-embed-youtube wp-embed-aspect-16-9 wp-has-aspect-ratio\"><div class=\"wp-block-embed__wrapper\">\n<iframe loading=\"lazy\" title=\"Danser Encore - Vers\u00e3o Portuguesa com legendas\" width=\"640\" height=\"360\" src=\"https:\/\/www.youtube.com\/embed\/VqPfkauZOI0?feature=oembed\" frameborder=\"0\" allow=\"accelerometer; autoplay; clipboard-write; encrypted-media; gyroscope; picture-in-picture\" allowfullscreen><\/iframe>\n<\/div><\/figure>\n\n\n\n<p><\/p>\n","protected":false},"excerpt":{"rendered":"<p>TRIBUNA | CULTURA E INTERVEN\u00c7\u00c3O ART\u00cdSTICA, em tempos de pandemia A orienta\u00e7\u00e3o mais ou menos&#8230;<\/p>\n","protected":false},"author":2,"featured_media":3655,"comment_status":"open","ping_status":"open","sticky":true,"template":"","format":"standard","meta":{"sfsi_plus_gutenberg_text_before_share":"","sfsi_plus_gutenberg_show_text_before_share":"","sfsi_plus_gutenberg_icon_type":"","sfsi_plus_gutenberg_icon_alignemt":"","sfsi_plus_gutenburg_max_per_row":"","ngg_post_thumbnail":0,"footnotes":""},"categories":[237,242],"tags":[113],"featured_image_urls":{"full":["https:\/\/nsf.pt\/wp-content\/uploads\/2021\/07\/hk.png",831,457,false],"thumbnail":["https:\/\/nsf.pt\/wp-content\/uploads\/2021\/07\/hk-150x150.png",150,150,true],"medium":["https:\/\/nsf.pt\/wp-content\/uploads\/2021\/07\/hk-300x165.png",300,165,true],"medium_large":["https:\/\/nsf.pt\/wp-content\/uploads\/2021\/07\/hk-768x422.png",640,352,true],"large":["https:\/\/nsf.pt\/wp-content\/uploads\/2021\/07\/hk.png",640,352,false],"1536x1536":["https:\/\/nsf.pt\/wp-content\/uploads\/2021\/07\/hk.png",831,457,false],"2048x2048":["https:\/\/nsf.pt\/wp-content\/uploads\/2021\/07\/hk.png",831,457,false],"covernews-slider-full":["https:\/\/nsf.pt\/wp-content\/uploads\/2021\/07\/hk.png",831,457,false],"covernews-slider-center":["https:\/\/nsf.pt\/wp-content\/uploads\/2021\/07\/hk.png",800,440,false],"covernews-featured":["https:\/\/nsf.pt\/wp-content\/uploads\/2021\/07\/hk.png",831,457,false],"covernews-medium":["https:\/\/nsf.pt\/wp-content\/uploads\/2021\/07\/hk.png",540,297,false],"covernews-medium-square":["https:\/\/nsf.pt\/wp-content\/uploads\/2021\/07\/hk.png",400,220,false]},"author_info":{"info":["Carlos Ribeiro"]},"category_info":"<a href=\"https:\/\/nsf.pt\/index.php\/category\/causas\/\" rel=\"category tag\">CAUSAS<\/a> <a href=\"https:\/\/nsf.pt\/index.php\/category\/livros-musica\/\" rel=\"category tag\">LIVROS &amp; M\u00daSICA<\/a>","tag_info":"LIVROS &amp; M\u00daSICA","comment_count":"0","_links":{"self":[{"href":"https:\/\/nsf.pt\/index.php\/wp-json\/wp\/v2\/posts\/3654"}],"collection":[{"href":"https:\/\/nsf.pt\/index.php\/wp-json\/wp\/v2\/posts"}],"about":[{"href":"https:\/\/nsf.pt\/index.php\/wp-json\/wp\/v2\/types\/post"}],"author":[{"embeddable":true,"href":"https:\/\/nsf.pt\/index.php\/wp-json\/wp\/v2\/users\/2"}],"replies":[{"embeddable":true,"href":"https:\/\/nsf.pt\/index.php\/wp-json\/wp\/v2\/comments?post=3654"}],"version-history":[{"count":3,"href":"https:\/\/nsf.pt\/index.php\/wp-json\/wp\/v2\/posts\/3654\/revisions"}],"predecessor-version":[{"id":3659,"href":"https:\/\/nsf.pt\/index.php\/wp-json\/wp\/v2\/posts\/3654\/revisions\/3659"}],"wp:featuredmedia":[{"embeddable":true,"href":"https:\/\/nsf.pt\/index.php\/wp-json\/wp\/v2\/media\/3655"}],"wp:attachment":[{"href":"https:\/\/nsf.pt\/index.php\/wp-json\/wp\/v2\/media?parent=3654"}],"wp:term":[{"taxonomy":"category","embeddable":true,"href":"https:\/\/nsf.pt\/index.php\/wp-json\/wp\/v2\/categories?post=3654"},{"taxonomy":"post_tag","embeddable":true,"href":"https:\/\/nsf.pt\/index.php\/wp-json\/wp\/v2\/tags?post=3654"}],"curies":[{"name":"wp","href":"https:\/\/api.w.org\/{rel}","templated":true}]}}