{"id":3853,"date":"2021-08-16T09:15:15","date_gmt":"2021-08-16T09:15:15","guid":{"rendered":"https:\/\/aep61-74.org\/?p=3853"},"modified":"2021-08-16T09:17:03","modified_gmt":"2021-08-16T09:17:03","slug":"fundamentalismos-religiosos","status":"publish","type":"post","link":"https:\/\/nsf.pt\/index.php\/2021\/08\/16\/fundamentalismos-religiosos\/","title":{"rendered":"Fundamentalismos Religiosos"},"content":{"rendered":"\n<p>OPINI\u00c3O | Helder Costa<\/p>\n\n\n\n<h3 class=\"wp-block-heading\">Toda a gente sabia que isto ia acabar assim. Os Taliban iam voltar porque nenhuma religi\u00e3o \u00e9 alterada do interior. Tem que terminar com um ACTO POLITICO exterior. <\/h3>\n\n\n\n<div class=\"wp-block-columns is-layout-flex wp-container-2 wp-block-columns-is-layout-flex\">\n<div class=\"wp-block-column is-layout-flow wp-block-column-is-layout-flow\" style=\"flex-basis:100%\"><\/div>\n<\/div>\n\n\n\n<p>A inquisi\u00e7\u00e3o em Portugal come\u00e7ou em 1536 e terminou em 1822 por causa da Revolu\u00e7\u00e3o de 1820; entretanto, mataram e perseguiram muitas dezenas de verdadeiros crist\u00e3os amantes da Paz e do Progresso. O mesmo na Uni\u00e3o Sovi\u00e9tica, na Turquia do Ataturk, no Egipto de Nasser, no Iraque de Saddam, no Ir\u00e3o de Mossadegh e noutros mais.<\/p>\n\n\n\n<p>Informa\u00e7\u00e3o interessante: em 1989 estava na Uni\u00e3o Sovi\u00e9tica convidado a participar num Congresso Internacional sobre Stanislawski. Tive acesso a conversas com todos os quadros do Poder e, curiosamente, n\u00e3o encontrei ningu\u00e9m de esquerda&#8230;falavam do Maio de 68&#8230;queriam Liberdade e n\u00e3o perder a sa\u00fade, educa\u00e7\u00e3o e habita\u00e7\u00e3o gratuitas&#8230;l\u00e1 disse que isso era dif\u00edcil&#8230;at\u00e9 que encontrei um general, a quem perguntei se o previs\u00edvel fim da URSS n\u00e3o tinha come\u00e7ado no Afeganist\u00e3o. Ele disse que sim, e que j\u00e1 tinha avisado os USA a n\u00e3o irem para l\u00e1, porque era uma batalha imposs\u00edvel&#8230;com crian\u00e7as e beb\u00e9s utilizados como bombas explosivas.<\/p>\n\n\n\n<p>As religi\u00f5es. Quando \u00e9 que se ajustam contas com essas seitas respons\u00e1veis por milh\u00f5es de mortos atrav\u00e9s de Inquisi\u00e7\u00f5es e guerras religiosas?<\/p>\n\n\n\n<p>Foto destaque @ Yannis Bechkakis \/Reuters<\/p>\n\n\n\n<figure class=\"wp-block-image size-full\"><img decoding=\"async\" loading=\"lazy\" width=\"667\" height=\"377\" src=\"https:\/\/aep61-74.org\/wp-content\/uploads\/2021\/08\/opiniao-helder.png\" alt=\"\" class=\"wp-image-3854\" srcset=\"https:\/\/nsf.pt\/wp-content\/uploads\/2021\/08\/opiniao-helder.png 667w, https:\/\/nsf.pt\/wp-content\/uploads\/2021\/08\/opiniao-helder-300x170.png 300w\" sizes=\"(max-width: 667px) 100vw, 667px\" \/><figcaption><strong>Helder Costa<\/strong><\/figcaption><\/figure>\n\n\n\n<p><\/p>\n","protected":false},"excerpt":{"rendered":"<p>OPINI\u00c3O | Helder Costa Toda a gente sabia que isto ia acabar assim. Os Taliban&#8230;<\/p>\n","protected":false},"author":2,"featured_media":3855,"comment_status":"open","ping_status":"open","sticky":true,"template":"","format":"standard","meta":{"sfsi_plus_gutenberg_text_before_share":"","sfsi_plus_gutenberg_show_text_before_share":"","sfsi_plus_gutenberg_icon_type":"","sfsi_plus_gutenberg_icon_alignemt":"","sfsi_plus_gutenburg_max_per_row":"","ngg_post_thumbnail":0,"footnotes":""},"categories":[99],"tags":[66,216],"featured_image_urls":{"full":["https:\/\/nsf.pt\/wp-content\/uploads\/2021\/08\/tali.png",670,453,false],"thumbnail":["https:\/\/nsf.pt\/wp-content\/uploads\/2021\/08\/tali-150x150.png",150,150,true],"medium":["https:\/\/nsf.pt\/wp-content\/uploads\/2021\/08\/tali-300x203.png",300,203,true],"medium_large":["https:\/\/nsf.pt\/wp-content\/uploads\/2021\/08\/tali.png",640,433,false],"large":["https:\/\/nsf.pt\/wp-content\/uploads\/2021\/08\/tali.png",640,433,false],"1536x1536":["https:\/\/nsf.pt\/wp-content\/uploads\/2021\/08\/tali.png",670,453,false],"2048x2048":["https:\/\/nsf.pt\/wp-content\/uploads\/2021\/08\/tali.png",670,453,false],"covernews-slider-full":["https:\/\/nsf.pt\/wp-content\/uploads\/2021\/08\/tali.png",670,453,false],"covernews-slider-center":["https:\/\/nsf.pt\/wp-content\/uploads\/2021\/08\/tali.png",670,453,false],"covernews-featured":["https:\/\/nsf.pt\/wp-content\/uploads\/2021\/08\/tali.png",670,453,false],"covernews-medium":["https:\/\/nsf.pt\/wp-content\/uploads\/2021\/08\/tali.png",503,340,false],"covernews-medium-square":["https:\/\/nsf.pt\/wp-content\/uploads\/2021\/08\/tali.png",370,250,false]},"author_info":{"info":["Carlos Ribeiro"]},"category_info":"<a href=\"https:\/\/nsf.pt\/index.php\/category\/opiniao\/\" rel=\"category tag\">OPINI\u00c3O<\/a>","tag_info":"OPINI\u00c3O","comment_count":"0","_links":{"self":[{"href":"https:\/\/nsf.pt\/index.php\/wp-json\/wp\/v2\/posts\/3853"}],"collection":[{"href":"https:\/\/nsf.pt\/index.php\/wp-json\/wp\/v2\/posts"}],"about":[{"href":"https:\/\/nsf.pt\/index.php\/wp-json\/wp\/v2\/types\/post"}],"author":[{"embeddable":true,"href":"https:\/\/nsf.pt\/index.php\/wp-json\/wp\/v2\/users\/2"}],"replies":[{"embeddable":true,"href":"https:\/\/nsf.pt\/index.php\/wp-json\/wp\/v2\/comments?post=3853"}],"version-history":[{"count":3,"href":"https:\/\/nsf.pt\/index.php\/wp-json\/wp\/v2\/posts\/3853\/revisions"}],"predecessor-version":[{"id":3858,"href":"https:\/\/nsf.pt\/index.php\/wp-json\/wp\/v2\/posts\/3853\/revisions\/3858"}],"wp:featuredmedia":[{"embeddable":true,"href":"https:\/\/nsf.pt\/index.php\/wp-json\/wp\/v2\/media\/3855"}],"wp:attachment":[{"href":"https:\/\/nsf.pt\/index.php\/wp-json\/wp\/v2\/media?parent=3853"}],"wp:term":[{"taxonomy":"category","embeddable":true,"href":"https:\/\/nsf.pt\/index.php\/wp-json\/wp\/v2\/categories?post=3853"},{"taxonomy":"post_tag","embeddable":true,"href":"https:\/\/nsf.pt\/index.php\/wp-json\/wp\/v2\/tags?post=3853"}],"curies":[{"name":"wp","href":"https:\/\/api.w.org\/{rel}","templated":true}]}}