{"id":3871,"date":"2021-08-27T15:29:40","date_gmt":"2021-08-27T15:29:40","guid":{"rendered":"http:\/\/aep61-74.org\/?p=3871"},"modified":"2021-10-05T11:40:05","modified_gmt":"2021-10-05T11:40:05","slug":"holocausto","status":"publish","type":"post","link":"https:\/\/nsf.pt\/index.php\/2021\/08\/27\/holocausto\/","title":{"rendered":"Holocausto"},"content":{"rendered":"\n<p>LIVROS SEM FRONTEIRAS | Holocausto &#8211; Irene Pimentel<\/p>\n\n\n\n<p><\/p>\n\n\n\n<h4 class=\"wp-block-heading\">por Irene Pimentel<\/h4>\n\n\n\n<h3 class=\"wp-block-heading\">O Holocausto (ou Sho\u00e1, termo que prefiro, embora n\u00e3o seja utilizado em Portugal) \u00e9 talvez dos temas mais estudados historiograficamente a n\u00edvel mundial, mas continua a n\u00e3o ser muito abordado em Portugal, onde o tema suscita incompreens\u00f5es, lugares comuns e falsas ideias feitas relativamente a t\u00e3o tremendo acontecimento. <\/h3>\n\n\n\n<p><\/p>\n\n\n\n<p>\u00c9 assim desfazer confus\u00f5es, contribuindo para um conhecimento maior da Sho\u00e1, e tamb\u00e9m do papel de Portugal face a esse terr\u00edvel acontecimento, que me propus fazer. no livro <em>Holocausto <\/em>(Temas &amp; Debates, 2020)<\/p>\n\n\n\n<p><\/p>\n\n\n\n<h2 class=\"wp-block-heading\">Numa primeira parte, procuro respostas \u00e0s seguintes perguntas: <\/h2>\n\n\n\n<p class=\"has-white-color has-vivid-red-background-color has-text-color has-background\">o que foi o Holocausto, ou a Sho\u00e1? <\/p>\n\n\n\n<p class=\"has-white-color has-vivid-red-background-color has-text-color has-background\">como foi poss\u00edvel tamanho crime e por que raz\u00f5es? <\/p>\n\n\n\n<p class=\"has-white-color has-vivid-red-background-color has-text-color has-background\">que etapas levaram \u00e0 Sho\u00e1 e onde decorreu? <\/p>\n\n\n\n<p class=\"has-white-color has-vivid-red-background-color has-text-color has-background\">quando se soube de tamanho crime e poder-se-ia t\u00ea-lo evitado? <\/p>\n\n\n\n<h2 class=\"wp-block-heading\">Numa segunda grande parte do livro, ser\u00e1 abordado o papel de Portugal ao abordar a seguintes quest\u00f5es: <\/h2>\n\n\n\n<p class=\"has-white-color has-vivid-red-background-color has-text-color has-background\">Era o anti-semitismo central em Portugal? <\/p>\n\n\n\n<p class=\"has-white-color has-vivid-red-background-color has-text-color has-background\">de que forma se pode caracterizar o regime salazarista? <\/p>\n\n\n\n<p class=\"has-white-color has-vivid-red-background-color has-text-color has-background\">como foi a neutralidade portuguesa? <\/p>\n\n\n\n<p class=\"has-white-color has-vivid-red-background-color has-text-color has-background\">como e quando soube o governo portugu\u00eas do genoc\u00eddio dos judeus europeus? <\/p>\n\n\n\n<p class=\"has-white-color has-vivid-red-background-color has-text-color has-background\">esteve Portugal na rota da Sho\u00e1? <\/p>\n\n\n\n<p class=\"has-white-color has-vivid-red-background-color has-text-color has-background\">salvou Salazar judeus de ascend\u00eancia portuguesa, em 1943? <\/p>\n\n\n\n<p class=\"has-white-color has-vivid-red-background-color has-text-color has-background\">qual foi a atitude de Portugal face ao \u00abmassacre\u00bb dos judeus da Hungria, em 1944? <\/p>\n\n\n\n<h2 class=\"wp-block-heading\">Num Ep\u00edlogo, ser\u00e3o abordados ainda os seguintes temas: <\/h2>\n\n\n\n<p class=\"has-white-color has-vivid-red-background-color has-text-color has-background\">como foram descobertos os campos de concentra\u00e7\u00e3o e de exterm\u00ednio e <\/p>\n\n\n\n<p class=\"has-white-color has-vivid-red-background-color has-text-color has-background\">de que forma foram julgados os criminosos nazis? <\/p>\n\n\n\n<p class=\"has-white-color has-vivid-red-background-color has-text-color has-background\">O que soube a \u201copini\u00e3o p\u00fablica portuguesa\u201d, a viver em ditadura?<\/p>\n\n\n\n<figure class=\"wp-block-image size-full is-style-rounded\"><img decoding=\"async\" loading=\"lazy\" width=\"624\" height=\"340\" src=\"http:\/\/aep61-74.org\/wp-content\/uploads\/2021\/05\/irene.png\" alt=\"\" class=\"wp-image-3482\" srcset=\"https:\/\/nsf.pt\/wp-content\/uploads\/2021\/05\/irene.png 624w, https:\/\/nsf.pt\/wp-content\/uploads\/2021\/05\/irene-300x163.png 300w\" sizes=\"(max-width: 624px) 100vw, 624px\" \/><figcaption>Irene Pimentel | Historiadora<\/figcaption><\/figure>\n","protected":false},"excerpt":{"rendered":"<p>LIVROS SEM FRONTEIRAS | Holocausto &#8211; Irene Pimentel por Irene Pimentel O Holocausto (ou Sho\u00e1,&#8230;<\/p>\n","protected":false},"author":2,"featured_media":3872,"comment_status":"open","ping_status":"open","sticky":true,"template":"","format":"standard","meta":{"sfsi_plus_gutenberg_text_before_share":"","sfsi_plus_gutenberg_show_text_before_share":"","sfsi_plus_gutenberg_icon_type":"","sfsi_plus_gutenberg_icon_alignemt":"","sfsi_plus_gutenburg_max_per_row":"","ngg_post_thumbnail":0,"footnotes":""},"categories":[242],"tags":[133,218],"featured_image_urls":{"full":["https:\/\/nsf.pt\/wp-content\/uploads\/2021\/08\/lsf1.png",1124,628,false],"thumbnail":["https:\/\/nsf.pt\/wp-content\/uploads\/2021\/08\/lsf1-150x150.png",150,150,true],"medium":["https:\/\/nsf.pt\/wp-content\/uploads\/2021\/08\/lsf1-300x168.png",300,168,true],"medium_large":["https:\/\/nsf.pt\/wp-content\/uploads\/2021\/08\/lsf1-768x429.png",640,358,true],"large":["https:\/\/nsf.pt\/wp-content\/uploads\/2021\/08\/lsf1-1024x572.png",640,358,true],"1536x1536":["https:\/\/nsf.pt\/wp-content\/uploads\/2021\/08\/lsf1.png",1124,628,false],"2048x2048":["https:\/\/nsf.pt\/wp-content\/uploads\/2021\/08\/lsf1.png",1124,628,false],"covernews-slider-full":["https:\/\/nsf.pt\/wp-content\/uploads\/2021\/08\/lsf1.png",1115,623,false],"covernews-slider-center":["https:\/\/nsf.pt\/wp-content\/uploads\/2021\/08\/lsf1.png",800,447,false],"covernews-featured":["https:\/\/nsf.pt\/wp-content\/uploads\/2021\/08\/lsf1.png",1024,572,false],"covernews-medium":["https:\/\/nsf.pt\/wp-content\/uploads\/2021\/08\/lsf1.png",540,302,false],"covernews-medium-square":["https:\/\/nsf.pt\/wp-content\/uploads\/2021\/08\/lsf1.png",400,223,false]},"author_info":{"info":["Carlos Ribeiro"]},"category_info":"<a href=\"https:\/\/nsf.pt\/index.php\/category\/livros-musica\/\" rel=\"category tag\">LIVROS &amp; M\u00daSICA<\/a>","tag_info":"LIVROS &amp; M\u00daSICA","comment_count":"0","_links":{"self":[{"href":"https:\/\/nsf.pt\/index.php\/wp-json\/wp\/v2\/posts\/3871"}],"collection":[{"href":"https:\/\/nsf.pt\/index.php\/wp-json\/wp\/v2\/posts"}],"about":[{"href":"https:\/\/nsf.pt\/index.php\/wp-json\/wp\/v2\/types\/post"}],"author":[{"embeddable":true,"href":"https:\/\/nsf.pt\/index.php\/wp-json\/wp\/v2\/users\/2"}],"replies":[{"embeddable":true,"href":"https:\/\/nsf.pt\/index.php\/wp-json\/wp\/v2\/comments?post=3871"}],"version-history":[{"count":2,"href":"https:\/\/nsf.pt\/index.php\/wp-json\/wp\/v2\/posts\/3871\/revisions"}],"predecessor-version":[{"id":3875,"href":"https:\/\/nsf.pt\/index.php\/wp-json\/wp\/v2\/posts\/3871\/revisions\/3875"}],"wp:featuredmedia":[{"embeddable":true,"href":"https:\/\/nsf.pt\/index.php\/wp-json\/wp\/v2\/media\/3872"}],"wp:attachment":[{"href":"https:\/\/nsf.pt\/index.php\/wp-json\/wp\/v2\/media?parent=3871"}],"wp:term":[{"taxonomy":"category","embeddable":true,"href":"https:\/\/nsf.pt\/index.php\/wp-json\/wp\/v2\/categories?post=3871"},{"taxonomy":"post_tag","embeddable":true,"href":"https:\/\/nsf.pt\/index.php\/wp-json\/wp\/v2\/tags?post=3871"}],"curies":[{"name":"wp","href":"https:\/\/api.w.org\/{rel}","templated":true}]}}