{"id":4007,"date":"2021-09-10T11:13:31","date_gmt":"2021-09-10T11:13:31","guid":{"rendered":"http:\/\/aep61-74.org\/?p=4007"},"modified":"2021-10-05T11:35:03","modified_gmt":"2021-10-05T11:35:03","slug":"refuser-la-guerre-coloniale","status":"publish","type":"post","link":"https:\/\/nsf.pt\/index.php\/2021\/09\/10\/refuser-la-guerre-coloniale\/","title":{"rendered":"Refuser la guerre coloniale"},"content":{"rendered":"\n<p><span class=\"has-inline-color has-vivid-red-color\"><strong>LIVROS SEM FRONTEIRAS<\/strong><\/span> | Refuser la Guerre Coloniale | Hugo dos Santos<\/p>\n\n\n\n<p>O cat\u00e1logo da exposi\u00e7\u00e3o &#8220;Refuser la guerre coloniale&#8221; j\u00e1 foi apresentado no Sem Fronteiras e realiz\u00e1mos h\u00e1 uns meses atr\u00e1s uma <a href=\"http:\/\/aep61-74.org\/index.php\/2021\/04\/03\/conversas-sem-fronteiras-guerra-colonial-hugo-dos-santos\/\">conversa com Hugo dos Santos<\/a> que foi particularmente esclarecedora. A publica\u00e7\u00e3o foi colocada em destaque na Funda\u00e7\u00e3o Calouste Gulbenkian em Paris, com todo o m\u00e9rito, trata-se de um cat\u00e1logo de exposi\u00e7\u00e3o pouco comum e de uma grande qualidade.<\/p>\n\n\n\n<p><\/p>\n\n\n\n<p>Recuperamos este destaque no \u00e2mbito dos Livros Sem Fronteiras.<\/p>\n\n\n\n<p>Refuser la guerre coloniale: o ex\u00edlio parisiense dos contestat\u00e1rios, refrat\u00e1rios e desertores portugueses de 1961 a 1975 | Hugo Dos Santos (Coord.). &#8211; Ed. Association Memoria Viva \/ M\u00e9moire Vive, 2021<br>Hoje, destaque para o cat\u00e1logo da exposi\u00e7\u00e3o \u201cRefuser la guerre coloniale\u201d que relata o ex\u00edlio parisiense de quase 200.000 portugueses que disseram n\u00e3o \u00e0 guerra colonial que Portugal do ditador Salazar travou em \u00c1frica entre 1961 e 1975.<\/p>\n\n\n\n<p><\/p>\n\n\n\n<h2 class=\"wp-block-heading\">Exposi\u00e7\u00e3o<\/h2>\n\n\n\n<p><br>Por esta via, atribui um lugar na mem\u00f3ria colectiva \u00e0 hist\u00f3ria dos contest\u00e1rios, refract\u00e1rios e desertores portugueses que emigraram para Fran\u00e7a e em particular para a regi\u00e3o de Paris.<br>A exposi\u00e7\u00e3o \u00e9 composta por objetos, excertos de filmes, entrevistas, fotografias, arquivos sonoros, caricaturas, cartazes, vinis e arquivos em papel.<br>A cenografia reflete a experi\u00eancia da sa\u00edda do pa\u00eds, da vida no ex\u00edlio em Paris e do compromisso pol\u00edtico contra a guerra colonial.<br>Livro para descobrir sem demora na Biblioteca Gulbenkian<\/p>\n\n\n\n<figure class=\"wp-block-gallery columns-1 is-cropped wp-block-gallery-1 is-layout-flex wp-block-gallery-is-layout-flex\"><ul class=\"blocks-gallery-grid\"><li class=\"blocks-gallery-item\"><figure><img decoding=\"async\" loading=\"lazy\" width=\"491\" height=\"291\" src=\"http:\/\/aep61-74.org\/wp-content\/uploads\/2021\/09\/gulbenkian.png\" alt=\"\" data-id=\"4009\" class=\"wp-image-4009\" srcset=\"https:\/\/nsf.pt\/wp-content\/uploads\/2021\/09\/gulbenkian.png 491w, https:\/\/nsf.pt\/wp-content\/uploads\/2021\/09\/gulbenkian-300x178.png 300w\" sizes=\"(max-width: 491px) 100vw, 491px\" \/><\/figure><\/li><\/ul><\/figure>\n","protected":false},"excerpt":{"rendered":"<p>LIVROS SEM FRONTEIRAS | Refuser la Guerre Coloniale | Hugo dos Santos O cat\u00e1logo da&#8230;<\/p>\n","protected":false},"author":2,"featured_media":4012,"comment_status":"open","ping_status":"open","sticky":true,"template":"","format":"standard","meta":{"sfsi_plus_gutenberg_text_before_share":"","sfsi_plus_gutenberg_show_text_before_share":"","sfsi_plus_gutenberg_icon_type":"","sfsi_plus_gutenberg_icon_alignemt":"","sfsi_plus_gutenburg_max_per_row":"","ngg_post_thumbnail":0,"footnotes":""},"categories":[242],"tags":[234,218],"featured_image_urls":{"full":["https:\/\/nsf.pt\/wp-content\/uploads\/2021\/09\/BANER.png",1102,563,false],"thumbnail":["https:\/\/nsf.pt\/wp-content\/uploads\/2021\/09\/BANER-150x150.png",150,150,true],"medium":["https:\/\/nsf.pt\/wp-content\/uploads\/2021\/09\/BANER-300x153.png",300,153,true],"medium_large":["https:\/\/nsf.pt\/wp-content\/uploads\/2021\/09\/BANER-768x392.png",640,327,true],"large":["https:\/\/nsf.pt\/wp-content\/uploads\/2021\/09\/BANER-1024x523.png",640,327,true],"1536x1536":["https:\/\/nsf.pt\/wp-content\/uploads\/2021\/09\/BANER.png",1102,563,false],"2048x2048":["https:\/\/nsf.pt\/wp-content\/uploads\/2021\/09\/BANER.png",1102,563,false],"covernews-slider-full":["https:\/\/nsf.pt\/wp-content\/uploads\/2021\/09\/BANER.png",1102,563,false],"covernews-slider-center":["https:\/\/nsf.pt\/wp-content\/uploads\/2021\/09\/BANER.png",800,409,false],"covernews-featured":["https:\/\/nsf.pt\/wp-content\/uploads\/2021\/09\/BANER.png",1024,523,false],"covernews-medium":["https:\/\/nsf.pt\/wp-content\/uploads\/2021\/09\/BANER.png",540,276,false],"covernews-medium-square":["https:\/\/nsf.pt\/wp-content\/uploads\/2021\/09\/BANER.png",400,204,false]},"author_info":{"info":["Carlos Ribeiro"]},"category_info":"<a href=\"https:\/\/nsf.pt\/index.php\/category\/livros-musica\/\" rel=\"category tag\">LIVROS &amp; M\u00daSICA<\/a>","tag_info":"LIVROS &amp; M\u00daSICA","comment_count":"0","_links":{"self":[{"href":"https:\/\/nsf.pt\/index.php\/wp-json\/wp\/v2\/posts\/4007"}],"collection":[{"href":"https:\/\/nsf.pt\/index.php\/wp-json\/wp\/v2\/posts"}],"about":[{"href":"https:\/\/nsf.pt\/index.php\/wp-json\/wp\/v2\/types\/post"}],"author":[{"embeddable":true,"href":"https:\/\/nsf.pt\/index.php\/wp-json\/wp\/v2\/users\/2"}],"replies":[{"embeddable":true,"href":"https:\/\/nsf.pt\/index.php\/wp-json\/wp\/v2\/comments?post=4007"}],"version-history":[{"count":3,"href":"https:\/\/nsf.pt\/index.php\/wp-json\/wp\/v2\/posts\/4007\/revisions"}],"predecessor-version":[{"id":4013,"href":"https:\/\/nsf.pt\/index.php\/wp-json\/wp\/v2\/posts\/4007\/revisions\/4013"}],"wp:featuredmedia":[{"embeddable":true,"href":"https:\/\/nsf.pt\/index.php\/wp-json\/wp\/v2\/media\/4012"}],"wp:attachment":[{"href":"https:\/\/nsf.pt\/index.php\/wp-json\/wp\/v2\/media?parent=4007"}],"wp:term":[{"taxonomy":"category","embeddable":true,"href":"https:\/\/nsf.pt\/index.php\/wp-json\/wp\/v2\/categories?post=4007"},{"taxonomy":"post_tag","embeddable":true,"href":"https:\/\/nsf.pt\/index.php\/wp-json\/wp\/v2\/tags?post=4007"}],"curies":[{"name":"wp","href":"https:\/\/api.w.org\/{rel}","templated":true}]}}