{"id":4517,"date":"2021-11-12T09:29:54","date_gmt":"2021-11-12T09:29:54","guid":{"rendered":"https:\/\/semfronteiras.eu\/?p=4517"},"modified":"2021-11-12T09:29:56","modified_gmt":"2021-11-12T09:29:56","slug":"o-anuncio-da-morte-de-outubro-foi-claramente-exagerada","status":"publish","type":"post","link":"https:\/\/nsf.pt\/index.php\/2021\/11\/12\/o-anuncio-da-morte-de-outubro-foi-claramente-exagerada\/","title":{"rendered":"O an\u00fancio da morte de Outubro foi claramente exagerada"},"content":{"rendered":"\n<p><span class=\"has-inline-color has-vivid-red-color\"><strong>LIVROS &amp; M\u00daSICA <\/strong><\/span>| Apresenta\u00e7\u00e3o do Livro No labirinto de Outubro &#8211; Cem anos de revolu\u00e7\u00e3o e dissid\u00eancia de Rui Bebiano.<\/p>\n\n\n\n<h3 class=\"wp-block-heading\">Sobre a met\u00e1fora do labirinto o autor, que se fazia acompanhar na mesa por Paula Godinho e por Porf\u00edrio Silva, remeteu os presentes na sess\u00e3o de apresenta\u00e7\u00e3o para o conte\u00fado do pr\u00f3prio livro. Nele consta uma clarifica\u00e7\u00e3o e justifica\u00e7\u00e3o da sua utiliza\u00e7\u00e3o. Rui Bebiano reafirmou que o acesso e a sa\u00edda de uma estrutura labir\u00edntica est\u00e3o sempre garantidos, mas que \u00e9 na complexidade da experi\u00eancia  proporcionada pelo conjunto dos seus percursos intrincados, que se encontra o desafio para uma reflex\u00e3o aprofundada. <\/h3>\n\n\n\n<p>E foi em torno desta complexidade que os apresentadores e o pr\u00f3prio Rui Bebiano alimentaram a conversa na Livraria Almedina do Atrium do Saldanha na apresenta\u00e7\u00e3o do Labirinto de Outubro. <\/p>\n\n\n\n<p>Porf\u00edrio Silva insistiu sobre a necessidade de uma clarifica\u00e7\u00e3o do  papel da viol\u00eancia nestes processos de mudan\u00e7a global na sociedade e relembrou que prevalece em muitas cabe\u00e7as a ideia expressa por Clausewitz sobre a guerra como continua\u00e7\u00e3o da pol\u00edtica por outros meios. No fundo, o deputado socialista conhecido pela sua abertura ao debate \u00e0 esquerda e pela sua abordagem aos temas do comunismo de forma n\u00e3o-sect\u00e1ria, insistiu que n\u00e3o se justifica recuperar o velho debate baseado na dicotomia Reforma ou Revolu\u00e7\u00e3o mas que o posicionamento, nos dias de hoje, sobre alguns temas que continuam cr\u00edticos pode favorecer politicamente a mudan\u00e7a social.<\/p>\n\n\n\n<p><\/p>\n\n\n\n<div class=\"wp-block-columns is-layout-flex wp-container-4 wp-block-columns-is-layout-flex\">\n<div class=\"wp-block-column is-layout-flow wp-block-column-is-layout-flow\" style=\"flex-basis:100%\">\n<figure class=\"wp-block-gallery alignwide columns-2 is-cropped wp-block-gallery-1 is-layout-flex wp-block-gallery-is-layout-flex\"><ul class=\"blocks-gallery-grid\"><li class=\"blocks-gallery-item\"><figure><img decoding=\"async\" loading=\"lazy\" width=\"1024\" height=\"768\" src=\"https:\/\/semfronteiras.eu\/wp-content\/uploads\/2021\/11\/20211111_181820-1024x768.jpg\" alt=\"\" data-id=\"4518\" data-full-url=\"https:\/\/semfronteiras.eu\/wp-content\/uploads\/2021\/11\/20211111_181820-scaled.jpg\" data-link=\"https:\/\/semfronteiras.eu\/?attachment_id=4518\" class=\"wp-image-4518\" srcset=\"https:\/\/nsf.pt\/wp-content\/uploads\/2021\/11\/20211111_181820-1024x768.jpg 1024w, https:\/\/nsf.pt\/wp-content\/uploads\/2021\/11\/20211111_181820-300x225.jpg 300w, https:\/\/nsf.pt\/wp-content\/uploads\/2021\/11\/20211111_181820-768x576.jpg 768w, https:\/\/nsf.pt\/wp-content\/uploads\/2021\/11\/20211111_181820-1536x1152.jpg 1536w, https:\/\/nsf.pt\/wp-content\/uploads\/2021\/11\/20211111_181820-2048x1536.jpg 2048w\" sizes=\"(max-width: 1024px) 100vw, 1024px\" \/><\/figure><\/li><li class=\"blocks-gallery-item\"><figure><img decoding=\"async\" loading=\"lazy\" width=\"1024\" height=\"768\" src=\"https:\/\/semfronteiras.eu\/wp-content\/uploads\/2021\/11\/20211111_181954-1024x768.jpg\" alt=\"\" data-id=\"4520\" data-full-url=\"https:\/\/semfronteiras.eu\/wp-content\/uploads\/2021\/11\/20211111_181954-scaled.jpg\" data-link=\"https:\/\/semfronteiras.eu\/?attachment_id=4520\" class=\"wp-image-4520\" srcset=\"https:\/\/nsf.pt\/wp-content\/uploads\/2021\/11\/20211111_181954-1024x768.jpg 1024w, https:\/\/nsf.pt\/wp-content\/uploads\/2021\/11\/20211111_181954-300x225.jpg 300w, https:\/\/nsf.pt\/wp-content\/uploads\/2021\/11\/20211111_181954-768x576.jpg 768w, https:\/\/nsf.pt\/wp-content\/uploads\/2021\/11\/20211111_181954-1536x1152.jpg 1536w, https:\/\/nsf.pt\/wp-content\/uploads\/2021\/11\/20211111_181954-2048x1536.jpg 2048w\" sizes=\"(max-width: 1024px) 100vw, 1024px\" \/><\/figure><\/li><\/ul><\/figure>\n<\/div>\n<\/div>\n\n\n\n<h2 class=\"wp-block-heading\">Um Bebiano pessoano<\/h2>\n\n\n\n<p>Rui Bebiano, que recuperou numa interven\u00e7\u00e3o muito informal os temas em debate, acentuou a ideia que a obra agora apresentada publicamente situa-se mais no campo da Hist\u00f3ria das Ideias do que no terreno da filosofia pol\u00edtica. Mais uma vez acentuou o fato do livro ser uma esp\u00e9cie de co-produ\u00e7\u00e3o de tr\u00eas Bebianos em coopera\u00e7\u00e3o: o ativista e analista de experi\u00eancias de uma fam\u00edlia pol\u00edtica \u00e0 qual pertence, o professor universit\u00e1rio de Hist\u00f3ria Contempor\u00e2nea e o portador de d\u00favidas que recorre a v\u00e1rios meios, cient\u00edficos e outros, para fazer evoluir o conhecimento e o pensamento cr\u00edtico na sociedade. <\/p>\n\n\n\n<p>Uma das refer\u00eancias particularmente estimulante, que o autor introduziu nesta conversa de fim de tarde, foi a da oposi\u00e7\u00e3o de esquerda, no pr\u00f3prio debate interno, que teve lugar at\u00e9 1927 sobre a transforma\u00e7\u00e3o da sociedade e as vias para a atingir. A vers\u00e3o oficial e a tradi\u00e7\u00e3o dominante sobre os acontecimentos hist\u00f3ricos na R\u00fassia e posteriormente Uni\u00e3o Sovi\u00e9tica omitem e at\u00e9 caluniam esta corrente que existiu e que foi f\u00edsica e documentalmente dizimada pelo stalinismo.<\/p>\n\n\n\n<p><\/p>\n\n\n\n<h2 class=\"wp-block-heading\">A quest\u00e3o da dissid\u00eancia e do stalinismo<\/h2>\n\n\n\n<p>Este terreno de aprofundamento tem\u00e1tico faz apelo \u00e0s quest\u00f5es da dissid\u00eancia nos partidos e na sociedade que surge ali\u00e1s como central face \u00e0s inclina\u00e7\u00f5es stalinistas, que como relembrou Rui Bebiano, n\u00e3o s\u00e3o apenas uma atua\u00e7\u00e3o do per\u00edodo hist\u00f3rico vivido por Joseph Staline, mas antes uma abordagem \u00e0 liberdade e \u00e0 democracia que se prolonga at\u00e9 aos nossos tempos.<\/p>\n\n\n\n<p>A possibilidade de ser constru\u00edda uma alternativa pol\u00edtica, como din\u00e2mica estrutural na vida dos partidos e dos movimentos sociais, continua pois a ser uma mat\u00e9ria de interesse comum fundamental e por esta via rejeitar o famoso TNA de Margaret Tatcher There is No Alternative (relembrado por Rui Bebiano) que imp\u00f5e o capitalismo como \u00fanico sistema para os regimes pol\u00edticos, econ\u00f3micos e sociais.<\/p>\n\n\n\n<p>Valer\u00e1 a pena ler o livro, perder-nos neste labirinto e, no futuro imediato, realizar o debate que fortale\u00e7a a corrente de todos aqueles que desejam uma esquerda plural que tenha a paix\u00e3o pela &#8220;dissid\u00eancia&#8221; positiva.<\/p>\n\n\n\n<p>Carlos Ribeiro<\/p>\n\n\n\n<div class=\"wp-block-columns is-layout-flex wp-container-8 wp-block-columns-is-layout-flex\">\n<div class=\"wp-block-column is-layout-flow wp-block-column-is-layout-flow\" style=\"flex-basis:100%\">\n<figure class=\"wp-block-gallery alignwide columns-2 is-cropped wp-block-gallery-5 is-layout-flex wp-block-gallery-is-layout-flex\"><ul class=\"blocks-gallery-grid\"><li class=\"blocks-gallery-item\"><figure><img decoding=\"async\" loading=\"lazy\" width=\"1024\" height=\"768\" src=\"https:\/\/semfronteiras.eu\/wp-content\/uploads\/2021\/11\/20211111_182002-1024x768.jpg\" alt=\"\" data-id=\"4521\" data-full-url=\"https:\/\/semfronteiras.eu\/wp-content\/uploads\/2021\/11\/20211111_182002-scaled.jpg\" data-link=\"https:\/\/semfronteiras.eu\/?attachment_id=4521\" class=\"wp-image-4521\" srcset=\"https:\/\/nsf.pt\/wp-content\/uploads\/2021\/11\/20211111_182002-1024x768.jpg 1024w, https:\/\/nsf.pt\/wp-content\/uploads\/2021\/11\/20211111_182002-300x225.jpg 300w, https:\/\/nsf.pt\/wp-content\/uploads\/2021\/11\/20211111_182002-768x576.jpg 768w, https:\/\/nsf.pt\/wp-content\/uploads\/2021\/11\/20211111_182002-1536x1152.jpg 1536w, https:\/\/nsf.pt\/wp-content\/uploads\/2021\/11\/20211111_182002-2048x1536.jpg 2048w\" sizes=\"(max-width: 1024px) 100vw, 1024px\" \/><\/figure><\/li><li class=\"blocks-gallery-item\"><figure><img decoding=\"async\" loading=\"lazy\" width=\"1024\" height=\"768\" src=\"https:\/\/semfronteiras.eu\/wp-content\/uploads\/2021\/11\/20211111_192405-1024x768.jpg\" alt=\"\" data-id=\"4522\" data-full-url=\"https:\/\/semfronteiras.eu\/wp-content\/uploads\/2021\/11\/20211111_192405-scaled.jpg\" data-link=\"https:\/\/semfronteiras.eu\/?attachment_id=4522\" class=\"wp-image-4522\" srcset=\"https:\/\/nsf.pt\/wp-content\/uploads\/2021\/11\/20211111_192405-1024x768.jpg 1024w, https:\/\/nsf.pt\/wp-content\/uploads\/2021\/11\/20211111_192405-300x225.jpg 300w, https:\/\/nsf.pt\/wp-content\/uploads\/2021\/11\/20211111_192405-768x576.jpg 768w, https:\/\/nsf.pt\/wp-content\/uploads\/2021\/11\/20211111_192405-1536x1152.jpg 1536w, https:\/\/nsf.pt\/wp-content\/uploads\/2021\/11\/20211111_192405-2048x1536.jpg 2048w\" sizes=\"(max-width: 1024px) 100vw, 1024px\" \/><\/figure><\/li><\/ul><\/figure>\n<\/div>\n<\/div>\n","protected":false},"excerpt":{"rendered":"<p>LIVROS &amp; M\u00daSICA | Apresenta\u00e7\u00e3o do Livro No labirinto de Outubro &#8211; Cem anos de&#8230;<\/p>\n","protected":false},"author":2,"featured_media":4520,"comment_status":"open","ping_status":"open","sticky":true,"template":"","format":"standard","meta":{"sfsi_plus_gutenberg_text_before_share":"","sfsi_plus_gutenberg_show_text_before_share":"","sfsi_plus_gutenberg_icon_type":"","sfsi_plus_gutenberg_icon_alignemt":"","sfsi_plus_gutenburg_max_per_row":"","ngg_post_thumbnail":0,"footnotes":""},"categories":[242],"tags":[263,262],"featured_image_urls":{"full":["https:\/\/nsf.pt\/wp-content\/uploads\/2021\/11\/20211111_181954-scaled.jpg",2560,1920,false],"thumbnail":["https:\/\/nsf.pt\/wp-content\/uploads\/2021\/11\/20211111_181954-150x150.jpg",150,150,true],"medium":["https:\/\/nsf.pt\/wp-content\/uploads\/2021\/11\/20211111_181954-300x225.jpg",300,225,true],"medium_large":["https:\/\/nsf.pt\/wp-content\/uploads\/2021\/11\/20211111_181954-768x576.jpg",640,480,true],"large":["https:\/\/nsf.pt\/wp-content\/uploads\/2021\/11\/20211111_181954-1024x768.jpg",640,480,true],"1536x1536":["https:\/\/nsf.pt\/wp-content\/uploads\/2021\/11\/20211111_181954-1536x1152.jpg",1536,1152,true],"2048x2048":["https:\/\/nsf.pt\/wp-content\/uploads\/2021\/11\/20211111_181954-2048x1536.jpg",2048,1536,true],"covernews-slider-full":["https:\/\/nsf.pt\/wp-content\/uploads\/2021\/11\/20211111_181954-1115x715.jpg",1115,715,true],"covernews-slider-center":["https:\/\/nsf.pt\/wp-content\/uploads\/2021\/11\/20211111_181954-800x500.jpg",800,500,true],"covernews-featured":["https:\/\/nsf.pt\/wp-content\/uploads\/2021\/11\/20211111_181954-1024x768.jpg",1024,768,true],"covernews-medium":["https:\/\/nsf.pt\/wp-content\/uploads\/2021\/11\/20211111_181954-540x340.jpg",540,340,true],"covernews-medium-square":["https:\/\/nsf.pt\/wp-content\/uploads\/2021\/11\/20211111_181954-400x250.jpg",400,250,true]},"author_info":{"info":["Carlos Ribeiro"]},"category_info":"<a href=\"https:\/\/nsf.pt\/index.php\/category\/livros-musica\/\" rel=\"category tag\">LIVROS &amp; M\u00daSICA<\/a>","tag_info":"LIVROS &amp; M\u00daSICA","comment_count":"0","_links":{"self":[{"href":"https:\/\/nsf.pt\/index.php\/wp-json\/wp\/v2\/posts\/4517"}],"collection":[{"href":"https:\/\/nsf.pt\/index.php\/wp-json\/wp\/v2\/posts"}],"about":[{"href":"https:\/\/nsf.pt\/index.php\/wp-json\/wp\/v2\/types\/post"}],"author":[{"embeddable":true,"href":"https:\/\/nsf.pt\/index.php\/wp-json\/wp\/v2\/users\/2"}],"replies":[{"embeddable":true,"href":"https:\/\/nsf.pt\/index.php\/wp-json\/wp\/v2\/comments?post=4517"}],"version-history":[{"count":1,"href":"https:\/\/nsf.pt\/index.php\/wp-json\/wp\/v2\/posts\/4517\/revisions"}],"predecessor-version":[{"id":4523,"href":"https:\/\/nsf.pt\/index.php\/wp-json\/wp\/v2\/posts\/4517\/revisions\/4523"}],"wp:featuredmedia":[{"embeddable":true,"href":"https:\/\/nsf.pt\/index.php\/wp-json\/wp\/v2\/media\/4520"}],"wp:attachment":[{"href":"https:\/\/nsf.pt\/index.php\/wp-json\/wp\/v2\/media?parent=4517"}],"wp:term":[{"taxonomy":"category","embeddable":true,"href":"https:\/\/nsf.pt\/index.php\/wp-json\/wp\/v2\/categories?post=4517"},{"taxonomy":"post_tag","embeddable":true,"href":"https:\/\/nsf.pt\/index.php\/wp-json\/wp\/v2\/tags?post=4517"}],"curies":[{"name":"wp","href":"https:\/\/api.w.org\/{rel}","templated":true}]}}