{"id":4671,"date":"2021-12-24T12:26:44","date_gmt":"2021-12-24T12:26:44","guid":{"rendered":"https:\/\/semfronteiras.eu\/?p=4671"},"modified":"2021-12-24T12:32:20","modified_gmt":"2021-12-24T12:32:20","slug":"as-fronteiras","status":"publish","type":"post","link":"https:\/\/nsf.pt\/index.php\/2021\/12\/24\/as-fronteiras\/","title":{"rendered":"As fronteiras"},"content":{"rendered":"\n<p>ESPECIAL SF| Festas de fim de ano<\/p>\n\n\n\n<h3 class=\"wp-block-heading\">As fronteiras n\u00e3o se apagam, n\u00e3o se riscam do mapa, n\u00e3o desaparecem. Atravessam os territ\u00f3rios, as mem\u00f3rias  e as mentes. Para o bem e para o mal. S\u00e3o palco de contrabando e ref\u00fagio de solidariedades. S\u00e3o tanta coisa ao mesmo tempo que a tenta\u00e7\u00e3o \u00e9 afirmar que se existem \u00e9 porque s\u00e3o incontorn\u00e1veis. <\/h3>\n\n\n\n<p>Separam, dividem, protegem, segregam e confirmam que s\u00e3o fracas as asas dos humanos. Voam at\u00e9 \u00e0 lua mas edificam, \u00e0 imagem da Grande Muralha da China e do Muro de Berlim, 1300 km de barreira f\u00edsica entre os Estados Unidos e o M\u00e9xico, 700 km entre Israel e a Palestina e 3200 km entre a \u00cdndia e o Bangladesh.<\/p>\n\n\n\n<p>H\u00e1 fronteiras piores que as f\u00edsicas. As fronteiras da desigualdade sistem\u00e1tica e permanente e as novas fronteiras do mar, onde morrem migrantes afogados porque j\u00e1 os tinham matado antes pela mis\u00e9ria.<\/p>\n\n\n\n<p>Porque uma das nossas duas fronteiras \u00e9 o Atl\u00e2ntico, continuaremos, em rela\u00e7\u00e3o a todas as fronteiras a afirmar, como Pompeu o fez e como Caetano cantou NAVEGAR \u00c9 PRECISO&#8230;.viver &#8230;!<\/p>\n\n\n\n<p>Boas festas do Sem Fronteiras.<br>Carlos Ribeiro<\/p>\n\n\n\n<p><\/p>\n\n\n\n<div class=\"wp-block-image is-style-default\"><figure class=\"aligncenter size-full\"><img decoding=\"async\" loading=\"lazy\" width=\"643\" height=\"637\" src=\"https:\/\/semfronteiras.eu\/wp-content\/uploads\/2021\/12\/sf-2022-2.jpg\" alt=\"\" class=\"wp-image-4680\" srcset=\"https:\/\/nsf.pt\/wp-content\/uploads\/2021\/12\/sf-2022-2.jpg 643w, https:\/\/nsf.pt\/wp-content\/uploads\/2021\/12\/sf-2022-2-300x297.jpg 300w, https:\/\/nsf.pt\/wp-content\/uploads\/2021\/12\/sf-2022-2-150x150.jpg 150w\" sizes=\"(max-width: 643px) 100vw, 643px\" \/><\/figure><\/div>\n","protected":false},"excerpt":{"rendered":"<p>ESPECIAL SF| Festas de fim de ano As fronteiras n\u00e3o se apagam, n\u00e3o se riscam&#8230;<\/p>\n","protected":false},"author":2,"featured_media":4677,"comment_status":"open","ping_status":"open","sticky":true,"template":"","format":"standard","meta":{"sfsi_plus_gutenberg_text_before_share":"","sfsi_plus_gutenberg_show_text_before_share":"","sfsi_plus_gutenberg_icon_type":"","sfsi_plus_gutenberg_icon_alignemt":"","sfsi_plus_gutenburg_max_per_row":"","ngg_post_thumbnail":0,"footnotes":""},"categories":[239],"tags":[267],"featured_image_urls":{"full":["https:\/\/nsf.pt\/wp-content\/uploads\/2021\/12\/sf-2022.jpg",643,637,false],"thumbnail":["https:\/\/nsf.pt\/wp-content\/uploads\/2021\/12\/sf-2022-150x150.jpg",150,150,true],"medium":["https:\/\/nsf.pt\/wp-content\/uploads\/2021\/12\/sf-2022-300x297.jpg",300,297,true],"medium_large":["https:\/\/nsf.pt\/wp-content\/uploads\/2021\/12\/sf-2022.jpg",640,634,false],"large":["https:\/\/nsf.pt\/wp-content\/uploads\/2021\/12\/sf-2022.jpg",640,634,false],"1536x1536":["https:\/\/nsf.pt\/wp-content\/uploads\/2021\/12\/sf-2022.jpg",643,637,false],"2048x2048":["https:\/\/nsf.pt\/wp-content\/uploads\/2021\/12\/sf-2022.jpg",643,637,false],"covernews-slider-full":["https:\/\/nsf.pt\/wp-content\/uploads\/2021\/12\/sf-2022.jpg",643,637,false],"covernews-slider-center":["https:\/\/nsf.pt\/wp-content\/uploads\/2021\/12\/sf-2022-643x500.jpg",643,500,true],"covernews-featured":["https:\/\/nsf.pt\/wp-content\/uploads\/2021\/12\/sf-2022.jpg",643,637,false],"covernews-medium":["https:\/\/nsf.pt\/wp-content\/uploads\/2021\/12\/sf-2022-540x340.jpg",540,340,true],"covernews-medium-square":["https:\/\/nsf.pt\/wp-content\/uploads\/2021\/12\/sf-2022-400x250.jpg",400,250,true]},"author_info":{"info":["Carlos Ribeiro"]},"category_info":"<a href=\"https:\/\/nsf.pt\/index.php\/category\/especial-sf\/\" rel=\"category tag\">ESPECIAL-SF<\/a>","tag_info":"ESPECIAL-SF","comment_count":"0","_links":{"self":[{"href":"https:\/\/nsf.pt\/index.php\/wp-json\/wp\/v2\/posts\/4671"}],"collection":[{"href":"https:\/\/nsf.pt\/index.php\/wp-json\/wp\/v2\/posts"}],"about":[{"href":"https:\/\/nsf.pt\/index.php\/wp-json\/wp\/v2\/types\/post"}],"author":[{"embeddable":true,"href":"https:\/\/nsf.pt\/index.php\/wp-json\/wp\/v2\/users\/2"}],"replies":[{"embeddable":true,"href":"https:\/\/nsf.pt\/index.php\/wp-json\/wp\/v2\/comments?post=4671"}],"version-history":[{"count":3,"href":"https:\/\/nsf.pt\/index.php\/wp-json\/wp\/v2\/posts\/4671\/revisions"}],"predecessor-version":[{"id":4681,"href":"https:\/\/nsf.pt\/index.php\/wp-json\/wp\/v2\/posts\/4671\/revisions\/4681"}],"wp:featuredmedia":[{"embeddable":true,"href":"https:\/\/nsf.pt\/index.php\/wp-json\/wp\/v2\/media\/4677"}],"wp:attachment":[{"href":"https:\/\/nsf.pt\/index.php\/wp-json\/wp\/v2\/media?parent=4671"}],"wp:term":[{"taxonomy":"category","embeddable":true,"href":"https:\/\/nsf.pt\/index.php\/wp-json\/wp\/v2\/categories?post=4671"},{"taxonomy":"post_tag","embeddable":true,"href":"https:\/\/nsf.pt\/index.php\/wp-json\/wp\/v2\/tags?post=4671"}],"curies":[{"name":"wp","href":"https:\/\/api.w.org\/{rel}","templated":true}]}}