{"id":4869,"date":"2022-01-21T04:01:59","date_gmt":"2022-01-21T04:01:59","guid":{"rendered":"https:\/\/semfronteiras.eu\/?p=4869"},"modified":"2022-01-21T16:03:05","modified_gmt":"2022-01-21T16:03:05","slug":"um-dia-na-marinha-grande","status":"publish","type":"post","link":"https:\/\/nsf.pt\/index.php\/2022\/01\/21\/um-dia-na-marinha-grande\/","title":{"rendered":"Um dia na Marinha Grande"},"content":{"rendered":"\n<p><span class=\"has-inline-color has-vivid-red-color\"><strong>DOSSI\u00caS SF&nbsp;<\/strong>|<\/span> TRL \u2013 TERRAS DE RESIST\u00caNCIA E LUTA \u2013 N1 Janeiro 2022 | Marinha Grande<\/p>\n\n\n\n<h2 class=\"wp-block-heading\">O 18 de janeiro de 2022<\/h2>\n\n\n\n<h3 class=\"wp-block-heading\">Pouco depois de batermos a porta do carro, estacionado \u00e0 frente da da Guilherme Stephens, j\u00e1 est\u00e1vamos na cafetaria da escola a contactar, quase espontaneamente, com o 18 de janeiro de 1934.  Expostas numa parede do fundo da sala, uma d\u00fazia de fotografias dos protagonistas mais representativos da insurrei\u00e7\u00e3o marinhense e alguns cartazes serviam de cen\u00e1rio ao caf\u00e9 da manh\u00e3. <\/h3>\n\n\n\n<p>O dia prometia, apesar das m\u00e1scaras e da incerteza do calor do sol matinal, os anfitri\u00f5es Teresa Santos, Jo\u00e3o Teixeira e Pedro Correia anunciavam, pela postura reflexiva e ao mesmo tempo especulativa sobre o tema central da jornada e pela informalidade no relacionamento, uma jornada fora do comum.<\/p>\n\n\n\n<p><\/p>\n\n\n\n<figure class=\"wp-block-gallery columns-3 is-cropped wp-block-gallery-1 is-layout-flex wp-block-gallery-is-layout-flex\"><ul class=\"blocks-gallery-grid\"><li class=\"blocks-gallery-item\"><figure><img decoding=\"async\" loading=\"lazy\" width=\"800\" height=\"533\" src=\"https:\/\/semfronteiras.eu\/wp-content\/uploads\/2022\/01\/IMG_2420-co\u0301pia.jpeg\" alt=\"\" data-id=\"4875\" data-full-url=\"https:\/\/semfronteiras.eu\/wp-content\/uploads\/2022\/01\/IMG_2420-co\u0301pia.jpeg\" data-link=\"https:\/\/semfronteiras.eu\/?attachment_id=4875\" class=\"wp-image-4875\" srcset=\"https:\/\/nsf.pt\/wp-content\/uploads\/2022\/01\/IMG_2420-co\u0301pia.jpeg 800w, https:\/\/nsf.pt\/wp-content\/uploads\/2022\/01\/IMG_2420-co\u0301pia-300x200.jpeg 300w, https:\/\/nsf.pt\/wp-content\/uploads\/2022\/01\/IMG_2420-co\u0301pia-768x512.jpeg 768w\" sizes=\"(max-width: 800px) 100vw, 800px\" \/><figcaption class=\"blocks-gallery-item__caption\">Teresa Santos, Jo\u00e3o Teixeira e Pedro Correia<\/figcaption><\/figure><\/li><li class=\"blocks-gallery-item\"><figure><img decoding=\"async\" loading=\"lazy\" width=\"800\" height=\"533\" src=\"https:\/\/semfronteiras.eu\/wp-content\/uploads\/2022\/01\/IMG_2425-co\u0301pia-1.jpeg\" alt=\"\" data-id=\"4876\" data-full-url=\"https:\/\/semfronteiras.eu\/wp-content\/uploads\/2022\/01\/IMG_2425-co\u0301pia-1.jpeg\" data-link=\"https:\/\/semfronteiras.eu\/?attachment_id=4876\" class=\"wp-image-4876\" srcset=\"https:\/\/nsf.pt\/wp-content\/uploads\/2022\/01\/IMG_2425-co\u0301pia-1.jpeg 800w, https:\/\/nsf.pt\/wp-content\/uploads\/2022\/01\/IMG_2425-co\u0301pia-1-300x200.jpeg 300w, https:\/\/nsf.pt\/wp-content\/uploads\/2022\/01\/IMG_2425-co\u0301pia-1-768x512.jpeg 768w\" sizes=\"(max-width: 800px) 100vw, 800px\" \/><\/figure><\/li><li class=\"blocks-gallery-item\"><figure><img decoding=\"async\" loading=\"lazy\" width=\"800\" height=\"533\" src=\"https:\/\/semfronteiras.eu\/wp-content\/uploads\/2022\/01\/IMG_2428-co\u0301pia.jpeg\" alt=\"\" data-id=\"4877\" data-full-url=\"https:\/\/semfronteiras.eu\/wp-content\/uploads\/2022\/01\/IMG_2428-co\u0301pia.jpeg\" data-link=\"https:\/\/semfronteiras.eu\/?attachment_id=4877\" class=\"wp-image-4877\" srcset=\"https:\/\/nsf.pt\/wp-content\/uploads\/2022\/01\/IMG_2428-co\u0301pia.jpeg 800w, https:\/\/nsf.pt\/wp-content\/uploads\/2022\/01\/IMG_2428-co\u0301pia-300x200.jpeg 300w, https:\/\/nsf.pt\/wp-content\/uploads\/2022\/01\/IMG_2428-co\u0301pia-768x512.jpeg 768w\" sizes=\"(max-width: 800px) 100vw, 800px\" \/><\/figure><\/li><\/ul><\/figure>\n\n\n\n<p><\/p>\n\n\n\n<h2 class=\"wp-block-heading\">Mafalda<\/h2>\n\n\n\n<p>N\u00e3o tardou a confirmar-se a excecionalidade nas situa\u00e7\u00f5es vividas no quadro de um programa de visita pensado de forma relativamente banal quando, ainda com o caf\u00e9 por terminar, foi poss\u00edvel estar \u00e0 conversa com a bisneta de Jos\u00e9 Greg\u00f3rio. Jovem conhecedora do hist\u00f3rico da sua fam\u00edlia a estudante naquele estabelecimento escolar,  Mafalda acompanhou a apresenta\u00e7\u00e3o da exposi\u00e7\u00e3o ali presente e comentou as nossas declara\u00e7\u00f5es de valoriza\u00e7\u00e3o e de admira\u00e7\u00e3o pelo oper\u00e1rio vidreiro revolucion\u00e1rio que, como refere Helder Costa da A Barraca &#8220;nasceu a 19 de Mar\u00e7o de 1908 na Marinha Grande e come\u00e7ou a trabalhar como oper\u00e1rio vidreiro, aos 8 anos de idade. Participou activamente na forma\u00e7\u00e3o do Sindicato Nacional da Ind\u00fastria do Vidro em 1931. Nesta qualidade assumiu a prepara\u00e7\u00e3o e organiza\u00e7\u00e3o da jornada do 18 de Janeiro de 1934 contra a fasciza\u00e7\u00e3o dos sindicatos, pela defesa da livre organiza\u00e7\u00e3o dos trabalhadores e dos seus direitos, contra a ofensiva patronal e do Estado fascista, que tomou um car\u00e1cter insurreccional na Marinha Grande&#8221;.<\/p>\n\n\n\n<p><\/p>\n\n\n\n<figure class=\"wp-block-gallery columns-2 is-cropped wp-block-gallery-3 is-layout-flex wp-block-gallery-is-layout-flex\"><ul class=\"blocks-gallery-grid\"><li class=\"blocks-gallery-item\"><figure><img decoding=\"async\" loading=\"lazy\" width=\"800\" height=\"533\" src=\"https:\/\/semfronteiras.eu\/wp-content\/uploads\/2022\/01\/IMG_2429-co\u0301pia.jpeg\" alt=\"\" data-id=\"4871\" data-full-url=\"https:\/\/semfronteiras.eu\/wp-content\/uploads\/2022\/01\/IMG_2429-co\u0301pia.jpeg\" data-link=\"https:\/\/semfronteiras.eu\/?attachment_id=4871\" class=\"wp-image-4871\" srcset=\"https:\/\/nsf.pt\/wp-content\/uploads\/2022\/01\/IMG_2429-co\u0301pia.jpeg 800w, https:\/\/nsf.pt\/wp-content\/uploads\/2022\/01\/IMG_2429-co\u0301pia-300x200.jpeg 300w, https:\/\/nsf.pt\/wp-content\/uploads\/2022\/01\/IMG_2429-co\u0301pia-768x512.jpeg 768w\" sizes=\"(max-width: 800px) 100vw, 800px\" \/><figcaption class=\"blocks-gallery-item__caption\">Mafalda bisneta de Jos\u00e9 Greg\u00f3rio<\/figcaption><\/figure><\/li><li class=\"blocks-gallery-item\"><figure><img decoding=\"async\" loading=\"lazy\" width=\"800\" height=\"533\" src=\"https:\/\/semfronteiras.eu\/wp-content\/uploads\/2022\/01\/IMG_2436-co\u0301pia.jpeg\" alt=\"\" data-id=\"4872\" data-full-url=\"https:\/\/semfronteiras.eu\/wp-content\/uploads\/2022\/01\/IMG_2436-co\u0301pia.jpeg\" data-link=\"https:\/\/semfronteiras.eu\/?attachment_id=4872\" class=\"wp-image-4872\" srcset=\"https:\/\/nsf.pt\/wp-content\/uploads\/2022\/01\/IMG_2436-co\u0301pia.jpeg 800w, https:\/\/nsf.pt\/wp-content\/uploads\/2022\/01\/IMG_2436-co\u0301pia-300x200.jpeg 300w, https:\/\/nsf.pt\/wp-content\/uploads\/2022\/01\/IMG_2436-co\u0301pia-768x512.jpeg 768w\" sizes=\"(max-width: 800px) 100vw, 800px\" \/><\/figure><\/li><\/ul><\/figure>\n\n\n\n<p> <\/p>\n\n\n\n<h2 class=\"wp-block-heading\">O monumento ao 18 de janeiro<\/h2>\n\n\n\n<p>Fizemos o percurso da Guilherme Stephens ao monumento ao 18 de janeiro num abrir e fechar de olhos. O tempo suficiente para acertamos agulhas sobre os nomes relevantes da prepara\u00e7\u00e3o e da organiza\u00e7\u00e3o do levantamento insurrecional. Sobre o monumento o esclarecimento sobre o plano inicial da sua localiza\u00e7\u00e3o, obra do escultor  marinhense Joaquim Correia, que devia ter sido colocado lateralmente num espa\u00e7o aberto e adequado, numa altura em que a \u00e1rea central da pra\u00e7a n\u00e3o tinha a rotunda e n\u00e3o comportava qualquer monumento no centro, foi entretanto colocado centralmente, por altera\u00e7\u00e3o das condi\u00e7\u00f5es para melhor,  com a inten\u00e7\u00e3o de ser destacado e valorizado.<\/p>\n\n\n\n<p>A escultura que \u00e9 composta por duas pe\u00e7as de suporte maci\u00e7o e uma est\u00e1tua que representa um oper\u00e1rio vidreiro armado encontra-se, parcialmente, em Vila Nova de Gaia para repara\u00e7\u00e3o e revaloriza\u00e7\u00e3o estrutural.<\/p>\n\n\n\n<p>A inten\u00e7\u00e3o do munic\u00edpio de a recolocar no espa\u00e7o inicialmente previsto est\u00e1 a provocar rea\u00e7\u00f5es muito negativas de alguns setores pol\u00edticos e sindicais que de alguma forma promovem a ideia que esta nova op\u00e7\u00e3o obedece a uma estrat\u00e9gia de secundariza\u00e7\u00e3o do monumento e do pr\u00f3prio 18 de janeiro de 1934, o que \u00e9 negado pela autarquia local.<\/p>\n\n\n\n<p><\/p>\n\n\n\n<figure class=\"wp-block-gallery columns-2 is-cropped wp-block-gallery-5 is-layout-flex wp-block-gallery-is-layout-flex\"><ul class=\"blocks-gallery-grid\"><li class=\"blocks-gallery-item\"><figure><img decoding=\"async\" loading=\"lazy\" width=\"1024\" height=\"683\" src=\"https:\/\/semfronteiras.eu\/wp-content\/uploads\/2022\/01\/IMG_2449-co\u0301pia-1024x683.jpg\" alt=\"\" data-id=\"4878\" data-full-url=\"https:\/\/semfronteiras.eu\/wp-content\/uploads\/2022\/01\/IMG_2449-co\u0301pia-scaled.jpg\" data-link=\"https:\/\/semfronteiras.eu\/?attachment_id=4878\" class=\"wp-image-4878\" srcset=\"https:\/\/nsf.pt\/wp-content\/uploads\/2022\/01\/IMG_2449-co\u0301pia-1024x683.jpg 1024w, https:\/\/nsf.pt\/wp-content\/uploads\/2022\/01\/IMG_2449-co\u0301pia-300x200.jpg 300w, https:\/\/nsf.pt\/wp-content\/uploads\/2022\/01\/IMG_2449-co\u0301pia-768x512.jpg 768w, https:\/\/nsf.pt\/wp-content\/uploads\/2022\/01\/IMG_2449-co\u0301pia-1536x1024.jpg 1536w, https:\/\/nsf.pt\/wp-content\/uploads\/2022\/01\/IMG_2449-co\u0301pia-2048x1365.jpg 2048w\" sizes=\"(max-width: 1024px) 100vw, 1024px\" \/><\/figure><\/li><li class=\"blocks-gallery-item\"><figure><img decoding=\"async\" loading=\"lazy\" width=\"1024\" height=\"683\" src=\"https:\/\/semfronteiras.eu\/wp-content\/uploads\/2022\/01\/IMG_2450-co\u0301pia-1024x683.jpg\" alt=\"\" data-id=\"4879\" data-full-url=\"https:\/\/semfronteiras.eu\/wp-content\/uploads\/2022\/01\/IMG_2450-co\u0301pia-scaled.jpg\" data-link=\"https:\/\/semfronteiras.eu\/?attachment_id=4879\" class=\"wp-image-4879\" srcset=\"https:\/\/nsf.pt\/wp-content\/uploads\/2022\/01\/IMG_2450-co\u0301pia-1024x683.jpg 1024w, https:\/\/nsf.pt\/wp-content\/uploads\/2022\/01\/IMG_2450-co\u0301pia-300x200.jpg 300w, https:\/\/nsf.pt\/wp-content\/uploads\/2022\/01\/IMG_2450-co\u0301pia-768x512.jpg 768w, https:\/\/nsf.pt\/wp-content\/uploads\/2022\/01\/IMG_2450-co\u0301pia-1536x1024.jpg 1536w, https:\/\/nsf.pt\/wp-content\/uploads\/2022\/01\/IMG_2450-co\u0301pia-2048x1365.jpg 2048w\" sizes=\"(max-width: 1024px) 100vw, 1024px\" \/><\/figure><\/li><\/ul><\/figure>\n\n\n\n<p><\/p>\n\n\n\n<h2 class=\"wp-block-heading\">Museu em espa\u00e7o simb\u00f3lico<\/h2>\n\n\n\n<p>O museu do 18 de janeiro est\u00e1 instalado no espa\u00e7o original do qual partiram alguns oper\u00e1rios vidreiros que iriam concretizar o plano insurrecional estabelecido que consistia em tomar de assalto o posto da GNR, ocupar os correios e a C\u00e2mara Municipal.<\/p>\n\n\n\n<p>Neste espa\u00e7o que se encontra um pouco afastado do centro constam os elementos informativos essenciais sobre a revolta e sobre as suas consequ\u00eancias. <\/p>\n\n\n\n<p><\/p>\n\n\n\n<figure class=\"wp-block-gallery columns-3 is-cropped wp-block-gallery-7 is-layout-flex wp-block-gallery-is-layout-flex\"><ul class=\"blocks-gallery-grid\"><li class=\"blocks-gallery-item\"><figure><img decoding=\"async\" loading=\"lazy\" width=\"1024\" height=\"683\" src=\"https:\/\/semfronteiras.eu\/wp-content\/uploads\/2022\/01\/IMG_2454-co\u0301pia-1024x683.jpg\" alt=\"\" data-id=\"4880\" data-link=\"https:\/\/semfronteiras.eu\/?attachment_id=4880\" class=\"wp-image-4880\" srcset=\"https:\/\/nsf.pt\/wp-content\/uploads\/2022\/01\/IMG_2454-co\u0301pia-1024x683.jpg 1024w, https:\/\/nsf.pt\/wp-content\/uploads\/2022\/01\/IMG_2454-co\u0301pia-300x200.jpg 300w, https:\/\/nsf.pt\/wp-content\/uploads\/2022\/01\/IMG_2454-co\u0301pia-768x512.jpg 768w, https:\/\/nsf.pt\/wp-content\/uploads\/2022\/01\/IMG_2454-co\u0301pia-1536x1024.jpg 1536w, https:\/\/nsf.pt\/wp-content\/uploads\/2022\/01\/IMG_2454-co\u0301pia-2048x1365.jpg 2048w\" sizes=\"(max-width: 1024px) 100vw, 1024px\" \/><\/figure><\/li><li class=\"blocks-gallery-item\"><figure><img decoding=\"async\" loading=\"lazy\" width=\"1024\" height=\"683\" src=\"https:\/\/semfronteiras.eu\/wp-content\/uploads\/2022\/01\/IMG_2457-co\u0301pia-1024x683.jpg\" alt=\"\" data-id=\"4881\" data-link=\"https:\/\/semfronteiras.eu\/?attachment_id=4881\" class=\"wp-image-4881\" srcset=\"https:\/\/nsf.pt\/wp-content\/uploads\/2022\/01\/IMG_2457-co\u0301pia-1024x683.jpg 1024w, https:\/\/nsf.pt\/wp-content\/uploads\/2022\/01\/IMG_2457-co\u0301pia-300x200.jpg 300w, https:\/\/nsf.pt\/wp-content\/uploads\/2022\/01\/IMG_2457-co\u0301pia-768x512.jpg 768w, https:\/\/nsf.pt\/wp-content\/uploads\/2022\/01\/IMG_2457-co\u0301pia-1536x1024.jpg 1536w, https:\/\/nsf.pt\/wp-content\/uploads\/2022\/01\/IMG_2457-co\u0301pia-2048x1365.jpg 2048w\" sizes=\"(max-width: 1024px) 100vw, 1024px\" \/><\/figure><\/li><li class=\"blocks-gallery-item\"><figure><img decoding=\"async\" loading=\"lazy\" width=\"1024\" height=\"683\" src=\"https:\/\/semfronteiras.eu\/wp-content\/uploads\/2022\/01\/IMG_2460-co\u0301pia-1024x683.jpg\" alt=\"\" data-id=\"4882\" data-link=\"https:\/\/semfronteiras.eu\/?attachment_id=4882\" class=\"wp-image-4882\" srcset=\"https:\/\/nsf.pt\/wp-content\/uploads\/2022\/01\/IMG_2460-co\u0301pia-1024x683.jpg 1024w, https:\/\/nsf.pt\/wp-content\/uploads\/2022\/01\/IMG_2460-co\u0301pia-300x200.jpg 300w, https:\/\/nsf.pt\/wp-content\/uploads\/2022\/01\/IMG_2460-co\u0301pia-768x512.jpg 768w, https:\/\/nsf.pt\/wp-content\/uploads\/2022\/01\/IMG_2460-co\u0301pia-1536x1024.jpg 1536w, https:\/\/nsf.pt\/wp-content\/uploads\/2022\/01\/IMG_2460-co\u0301pia-2048x1365.jpg 2048w\" sizes=\"(max-width: 1024px) 100vw, 1024px\" \/><\/figure><\/li><li class=\"blocks-gallery-item\"><figure><img decoding=\"async\" loading=\"lazy\" width=\"612\" height=\"476\" src=\"https:\/\/semfronteiras.eu\/wp-content\/uploads\/2022\/01\/tarrafal.jpg\" alt=\"\" data-id=\"4886\" data-full-url=\"https:\/\/semfronteiras.eu\/wp-content\/uploads\/2022\/01\/tarrafal.jpg\" data-link=\"https:\/\/semfronteiras.eu\/?attachment_id=4886\" class=\"wp-image-4886\" srcset=\"https:\/\/nsf.pt\/wp-content\/uploads\/2022\/01\/tarrafal.jpg 612w, https:\/\/nsf.pt\/wp-content\/uploads\/2022\/01\/tarrafal-300x233.jpg 300w\" sizes=\"(max-width: 612px) 100vw, 612px\" \/><\/figure><\/li><li class=\"blocks-gallery-item\"><figure><img decoding=\"async\" loading=\"lazy\" width=\"1024\" height=\"683\" src=\"https:\/\/semfronteiras.eu\/wp-content\/uploads\/2022\/01\/IMG_2465-co\u0301pia-1024x683.jpg\" alt=\"\" data-id=\"4884\" data-full-url=\"https:\/\/semfronteiras.eu\/wp-content\/uploads\/2022\/01\/IMG_2465-co\u0301pia-scaled.jpg\" data-link=\"https:\/\/semfronteiras.eu\/?attachment_id=4884\" class=\"wp-image-4884\" srcset=\"https:\/\/nsf.pt\/wp-content\/uploads\/2022\/01\/IMG_2465-co\u0301pia-1024x683.jpg 1024w, https:\/\/nsf.pt\/wp-content\/uploads\/2022\/01\/IMG_2465-co\u0301pia-300x200.jpg 300w, https:\/\/nsf.pt\/wp-content\/uploads\/2022\/01\/IMG_2465-co\u0301pia-768x512.jpg 768w, https:\/\/nsf.pt\/wp-content\/uploads\/2022\/01\/IMG_2465-co\u0301pia-1536x1024.jpg 1536w, https:\/\/nsf.pt\/wp-content\/uploads\/2022\/01\/IMG_2465-co\u0301pia-2048x1365.jpg 2048w\" sizes=\"(max-width: 1024px) 100vw, 1024px\" \/><\/figure><\/li><li class=\"blocks-gallery-item\"><figure><img decoding=\"async\" loading=\"lazy\" width=\"1024\" height=\"683\" src=\"https:\/\/semfronteiras.eu\/wp-content\/uploads\/2022\/01\/IMG_2468-co\u0301pia-1024x683.jpg\" alt=\"\" data-id=\"4885\" data-full-url=\"https:\/\/semfronteiras.eu\/wp-content\/uploads\/2022\/01\/IMG_2468-co\u0301pia-scaled.jpg\" data-link=\"https:\/\/semfronteiras.eu\/?attachment_id=4885\" class=\"wp-image-4885\" srcset=\"https:\/\/nsf.pt\/wp-content\/uploads\/2022\/01\/IMG_2468-co\u0301pia-1024x683.jpg 1024w, https:\/\/nsf.pt\/wp-content\/uploads\/2022\/01\/IMG_2468-co\u0301pia-300x200.jpg 300w, https:\/\/nsf.pt\/wp-content\/uploads\/2022\/01\/IMG_2468-co\u0301pia-768x512.jpg 768w, https:\/\/nsf.pt\/wp-content\/uploads\/2022\/01\/IMG_2468-co\u0301pia-1536x1024.jpg 1536w, https:\/\/nsf.pt\/wp-content\/uploads\/2022\/01\/IMG_2468-co\u0301pia-2048x1365.jpg 2048w\" sizes=\"(max-width: 1024px) 100vw, 1024px\" \/><\/figure><\/li><\/ul><\/figure>\n\n\n\n<p><\/p>\n\n\n\n<h2 class=\"wp-block-heading\">O vidreiro e o len\u00e7o vermelho<\/h2>\n\n\n\n<p>As ruas da Marinha Grande preparam-se para a manifesta\u00e7\u00e3o convocada pelo Sindicato dos Vidreiros e pela CGTP. Aqui e ali surgem bandeiras ao vento e grupos que se deslocam a p\u00e9 convergindo para a rotunda do monumento. <\/p>\n\n\n\n<p>Um vidreiro, com os apetrechos que simbolizam a profiss\u00e3o, com um len\u00e7o vermelho em destaque que se agita ao sabor da movimenta\u00e7\u00e3o, circula na sua bicicleta com um rumo seguro. Neste dia, na Marinha Grande, ser vidreiro significa ser passado e presente ao mesmo tempo. Trata-se de um sentimento de classe que o 18 de janeiro enraizou para sempre na localidade.<\/p>\n\n\n\n<p><\/p>\n\n\n\n<figure class=\"wp-block-gallery columns-3 is-cropped wp-block-gallery-9 is-layout-flex wp-block-gallery-is-layout-flex\"><ul class=\"blocks-gallery-grid\"><li class=\"blocks-gallery-item\"><figure><img decoding=\"async\" loading=\"lazy\" width=\"1024\" height=\"683\" src=\"https:\/\/semfronteiras.eu\/wp-content\/uploads\/2022\/01\/IMG_2439-co\u0301pia-1024x683.jpg\" alt=\"\" data-id=\"4887\" data-link=\"https:\/\/semfronteiras.eu\/?attachment_id=4887\" class=\"wp-image-4887\" srcset=\"https:\/\/nsf.pt\/wp-content\/uploads\/2022\/01\/IMG_2439-co\u0301pia-1024x683.jpg 1024w, https:\/\/nsf.pt\/wp-content\/uploads\/2022\/01\/IMG_2439-co\u0301pia-300x200.jpg 300w, https:\/\/nsf.pt\/wp-content\/uploads\/2022\/01\/IMG_2439-co\u0301pia-768x512.jpg 768w, https:\/\/nsf.pt\/wp-content\/uploads\/2022\/01\/IMG_2439-co\u0301pia-1536x1024.jpg 1536w, https:\/\/nsf.pt\/wp-content\/uploads\/2022\/01\/IMG_2439-co\u0301pia-2048x1365.jpg 2048w\" sizes=\"(max-width: 1024px) 100vw, 1024px\" \/><\/figure><\/li><li class=\"blocks-gallery-item\"><figure><img decoding=\"async\" loading=\"lazy\" width=\"1024\" height=\"683\" src=\"https:\/\/semfronteiras.eu\/wp-content\/uploads\/2022\/01\/IMG_2442-co\u0301pia-1024x683.jpg\" alt=\"\" data-id=\"4888\" data-link=\"https:\/\/semfronteiras.eu\/?attachment_id=4888\" class=\"wp-image-4888\" srcset=\"https:\/\/nsf.pt\/wp-content\/uploads\/2022\/01\/IMG_2442-co\u0301pia-1024x683.jpg 1024w, https:\/\/nsf.pt\/wp-content\/uploads\/2022\/01\/IMG_2442-co\u0301pia-300x200.jpg 300w, https:\/\/nsf.pt\/wp-content\/uploads\/2022\/01\/IMG_2442-co\u0301pia-768x512.jpg 768w, https:\/\/nsf.pt\/wp-content\/uploads\/2022\/01\/IMG_2442-co\u0301pia-1536x1024.jpg 1536w, https:\/\/nsf.pt\/wp-content\/uploads\/2022\/01\/IMG_2442-co\u0301pia-2048x1365.jpg 2048w\" sizes=\"(max-width: 1024px) 100vw, 1024px\" \/><\/figure><\/li><li class=\"blocks-gallery-item\"><figure><img decoding=\"async\" loading=\"lazy\" width=\"1024\" height=\"683\" src=\"https:\/\/semfronteiras.eu\/wp-content\/uploads\/2022\/01\/IMG_2443-co\u0301pia-1024x683.jpg\" alt=\"\" data-id=\"4889\" data-link=\"https:\/\/semfronteiras.eu\/?attachment_id=4889\" class=\"wp-image-4889\" srcset=\"https:\/\/nsf.pt\/wp-content\/uploads\/2022\/01\/IMG_2443-co\u0301pia-1024x683.jpg 1024w, https:\/\/nsf.pt\/wp-content\/uploads\/2022\/01\/IMG_2443-co\u0301pia-300x200.jpg 300w, https:\/\/nsf.pt\/wp-content\/uploads\/2022\/01\/IMG_2443-co\u0301pia-768x512.jpg 768w, https:\/\/nsf.pt\/wp-content\/uploads\/2022\/01\/IMG_2443-co\u0301pia-1536x1024.jpg 1536w, https:\/\/nsf.pt\/wp-content\/uploads\/2022\/01\/IMG_2443-co\u0301pia-2048x1365.jpg 2048w\" sizes=\"(max-width: 1024px) 100vw, 1024px\" \/><\/figure><\/li><li class=\"blocks-gallery-item\"><figure><img decoding=\"async\" loading=\"lazy\" width=\"1024\" height=\"683\" src=\"https:\/\/semfronteiras.eu\/wp-content\/uploads\/2022\/01\/IMG_2444-co\u0301pia-1024x683.jpg\" alt=\"\" data-id=\"4890\" data-full-url=\"https:\/\/semfronteiras.eu\/wp-content\/uploads\/2022\/01\/IMG_2444-co\u0301pia-scaled.jpg\" data-link=\"https:\/\/semfronteiras.eu\/?attachment_id=4890\" class=\"wp-image-4890\" srcset=\"https:\/\/nsf.pt\/wp-content\/uploads\/2022\/01\/IMG_2444-co\u0301pia-1024x683.jpg 1024w, https:\/\/nsf.pt\/wp-content\/uploads\/2022\/01\/IMG_2444-co\u0301pia-300x200.jpg 300w, https:\/\/nsf.pt\/wp-content\/uploads\/2022\/01\/IMG_2444-co\u0301pia-768x512.jpg 768w, https:\/\/nsf.pt\/wp-content\/uploads\/2022\/01\/IMG_2444-co\u0301pia-1536x1024.jpg 1536w, https:\/\/nsf.pt\/wp-content\/uploads\/2022\/01\/IMG_2444-co\u0301pia-2048x1365.jpg 2048w\" sizes=\"(max-width: 1024px) 100vw, 1024px\" \/><\/figure><\/li><li class=\"blocks-gallery-item\"><figure><img decoding=\"async\" loading=\"lazy\" width=\"1024\" height=\"683\" src=\"https:\/\/semfronteiras.eu\/wp-content\/uploads\/2022\/01\/IMG_2445-co\u0301pia-1024x683.jpg\" alt=\"\" data-id=\"4891\" data-full-url=\"https:\/\/semfronteiras.eu\/wp-content\/uploads\/2022\/01\/IMG_2445-co\u0301pia-scaled.jpg\" data-link=\"https:\/\/semfronteiras.eu\/?attachment_id=4891\" class=\"wp-image-4891\" srcset=\"https:\/\/nsf.pt\/wp-content\/uploads\/2022\/01\/IMG_2445-co\u0301pia-1024x683.jpg 1024w, https:\/\/nsf.pt\/wp-content\/uploads\/2022\/01\/IMG_2445-co\u0301pia-300x200.jpg 300w, https:\/\/nsf.pt\/wp-content\/uploads\/2022\/01\/IMG_2445-co\u0301pia-768x512.jpg 768w, https:\/\/nsf.pt\/wp-content\/uploads\/2022\/01\/IMG_2445-co\u0301pia-1536x1024.jpg 1536w, https:\/\/nsf.pt\/wp-content\/uploads\/2022\/01\/IMG_2445-co\u0301pia-2048x1365.jpg 2048w\" sizes=\"(max-width: 1024px) 100vw, 1024px\" \/><\/figure><\/li><\/ul><\/figure>\n\n\n\n<p><\/p>\n\n\n\n<h2 class=\"wp-block-heading\">Manifesta\u00e7\u00e3o e concentra\u00e7\u00e3o<\/h2>\n\n\n\n<p>O desfile \u00e9 encabe\u00e7ado pelos tambores do Toc\u00e1ndar que Paulo Tojeira comanda com mestria. Jovens de muitos acasos e muitas experi\u00eancias fazem ouvir o som da festa que arrasta consigo involuntariamente ritmos de militares. Os percussionistas fornecem \u00e0 manifesta\u00e7\u00e3o da Rotunda uma solenidade que os microfones com feedback teimam em neutralizar sistematicamente. O percurso das faixas foi curto e os discursos foram s\u00f3brios. Cumpria-se o 88\u00ba anivers\u00e1rio da revolta do 16 de janeiro de 1934 na Marinha Grande com exig\u00eancias claras sobre a localiza\u00e7\u00e3o do monumento na rotunda onde ele se encontra.<\/p>\n\n\n\n<p><\/p>\n\n\n\n<figure class=\"wp-block-gallery columns-3 is-cropped wp-block-gallery-11 is-layout-flex wp-block-gallery-is-layout-flex\"><ul class=\"blocks-gallery-grid\"><li class=\"blocks-gallery-item\"><figure><img decoding=\"async\" loading=\"lazy\" width=\"1024\" height=\"683\" src=\"https:\/\/semfronteiras.eu\/wp-content\/uploads\/2022\/01\/IMG_2497-co\u0301pia-1024x683.jpg\" alt=\"\" data-id=\"4892\" data-link=\"https:\/\/semfronteiras.eu\/?attachment_id=4892\" class=\"wp-image-4892\" srcset=\"https:\/\/nsf.pt\/wp-content\/uploads\/2022\/01\/IMG_2497-co\u0301pia-1024x683.jpg 1024w, https:\/\/nsf.pt\/wp-content\/uploads\/2022\/01\/IMG_2497-co\u0301pia-300x200.jpg 300w, https:\/\/nsf.pt\/wp-content\/uploads\/2022\/01\/IMG_2497-co\u0301pia-768x512.jpg 768w, https:\/\/nsf.pt\/wp-content\/uploads\/2022\/01\/IMG_2497-co\u0301pia-1536x1024.jpg 1536w, https:\/\/nsf.pt\/wp-content\/uploads\/2022\/01\/IMG_2497-co\u0301pia-2048x1365.jpg 2048w\" sizes=\"(max-width: 1024px) 100vw, 1024px\" \/><\/figure><\/li><li class=\"blocks-gallery-item\"><figure><img decoding=\"async\" loading=\"lazy\" width=\"1024\" height=\"683\" src=\"https:\/\/semfronteiras.eu\/wp-content\/uploads\/2022\/01\/IMG_2503-co\u0301pia-1024x683.jpg\" alt=\"\" data-id=\"4893\" data-link=\"https:\/\/semfronteiras.eu\/?attachment_id=4893\" class=\"wp-image-4893\" srcset=\"https:\/\/nsf.pt\/wp-content\/uploads\/2022\/01\/IMG_2503-co\u0301pia-1024x683.jpg 1024w, https:\/\/nsf.pt\/wp-content\/uploads\/2022\/01\/IMG_2503-co\u0301pia-300x200.jpg 300w, https:\/\/nsf.pt\/wp-content\/uploads\/2022\/01\/IMG_2503-co\u0301pia-768x512.jpg 768w, https:\/\/nsf.pt\/wp-content\/uploads\/2022\/01\/IMG_2503-co\u0301pia-1536x1024.jpg 1536w, https:\/\/nsf.pt\/wp-content\/uploads\/2022\/01\/IMG_2503-co\u0301pia-2048x1365.jpg 2048w\" sizes=\"(max-width: 1024px) 100vw, 1024px\" \/><\/figure><\/li><li class=\"blocks-gallery-item\"><figure><img decoding=\"async\" loading=\"lazy\" width=\"1024\" height=\"683\" src=\"https:\/\/semfronteiras.eu\/wp-content\/uploads\/2022\/01\/IMG_2528-co\u0301pia-1024x683.jpg\" alt=\"\" data-id=\"4894\" data-link=\"https:\/\/semfronteiras.eu\/?attachment_id=4894\" class=\"wp-image-4894\" srcset=\"https:\/\/nsf.pt\/wp-content\/uploads\/2022\/01\/IMG_2528-co\u0301pia-1024x683.jpg 1024w, https:\/\/nsf.pt\/wp-content\/uploads\/2022\/01\/IMG_2528-co\u0301pia-300x200.jpg 300w, https:\/\/nsf.pt\/wp-content\/uploads\/2022\/01\/IMG_2528-co\u0301pia-768x512.jpg 768w, https:\/\/nsf.pt\/wp-content\/uploads\/2022\/01\/IMG_2528-co\u0301pia-1536x1024.jpg 1536w, https:\/\/nsf.pt\/wp-content\/uploads\/2022\/01\/IMG_2528-co\u0301pia-2048x1365.jpg 2048w\" sizes=\"(max-width: 1024px) 100vw, 1024px\" \/><\/figure><\/li><li class=\"blocks-gallery-item\"><figure><img decoding=\"async\" loading=\"lazy\" width=\"1024\" height=\"683\" src=\"https:\/\/semfronteiras.eu\/wp-content\/uploads\/2022\/01\/IMG_2531-co\u0301pia-1024x683.jpg\" alt=\"\" data-id=\"4895\" data-full-url=\"https:\/\/semfronteiras.eu\/wp-content\/uploads\/2022\/01\/IMG_2531-co\u0301pia-scaled.jpg\" data-link=\"https:\/\/semfronteiras.eu\/?attachment_id=4895\" class=\"wp-image-4895\" srcset=\"https:\/\/nsf.pt\/wp-content\/uploads\/2022\/01\/IMG_2531-co\u0301pia-1024x683.jpg 1024w, https:\/\/nsf.pt\/wp-content\/uploads\/2022\/01\/IMG_2531-co\u0301pia-300x200.jpg 300w, https:\/\/nsf.pt\/wp-content\/uploads\/2022\/01\/IMG_2531-co\u0301pia-768x512.jpg 768w, https:\/\/nsf.pt\/wp-content\/uploads\/2022\/01\/IMG_2531-co\u0301pia-1536x1024.jpg 1536w, https:\/\/nsf.pt\/wp-content\/uploads\/2022\/01\/IMG_2531-co\u0301pia-2048x1365.jpg 2048w\" sizes=\"(max-width: 1024px) 100vw, 1024px\" \/><\/figure><\/li><li class=\"blocks-gallery-item\"><figure><img decoding=\"async\" loading=\"lazy\" width=\"1024\" height=\"683\" src=\"https:\/\/semfronteiras.eu\/wp-content\/uploads\/2022\/01\/IMG_2551-co\u0301pia-1024x683.jpg\" alt=\"\" data-id=\"4896\" data-full-url=\"https:\/\/semfronteiras.eu\/wp-content\/uploads\/2022\/01\/IMG_2551-co\u0301pia-scaled.jpg\" data-link=\"https:\/\/semfronteiras.eu\/?attachment_id=4896\" class=\"wp-image-4896\" srcset=\"https:\/\/nsf.pt\/wp-content\/uploads\/2022\/01\/IMG_2551-co\u0301pia-1024x683.jpg 1024w, https:\/\/nsf.pt\/wp-content\/uploads\/2022\/01\/IMG_2551-co\u0301pia-300x200.jpg 300w, https:\/\/nsf.pt\/wp-content\/uploads\/2022\/01\/IMG_2551-co\u0301pia-768x512.jpg 768w, https:\/\/nsf.pt\/wp-content\/uploads\/2022\/01\/IMG_2551-co\u0301pia-1536x1024.jpg 1536w, https:\/\/nsf.pt\/wp-content\/uploads\/2022\/01\/IMG_2551-co\u0301pia-2048x1365.jpg 2048w\" sizes=\"(max-width: 1024px) 100vw, 1024px\" \/><\/figure><\/li><li class=\"blocks-gallery-item\"><figure><img decoding=\"async\" loading=\"lazy\" width=\"1024\" height=\"683\" src=\"https:\/\/semfronteiras.eu\/wp-content\/uploads\/2022\/01\/IMG_2559-co\u0301pia-1024x683.jpg\" alt=\"\" data-id=\"4897\" data-full-url=\"https:\/\/semfronteiras.eu\/wp-content\/uploads\/2022\/01\/IMG_2559-co\u0301pia-scaled.jpg\" data-link=\"https:\/\/semfronteiras.eu\/?attachment_id=4897\" class=\"wp-image-4897\" srcset=\"https:\/\/nsf.pt\/wp-content\/uploads\/2022\/01\/IMG_2559-co\u0301pia-1024x683.jpg 1024w, https:\/\/nsf.pt\/wp-content\/uploads\/2022\/01\/IMG_2559-co\u0301pia-300x200.jpg 300w, https:\/\/nsf.pt\/wp-content\/uploads\/2022\/01\/IMG_2559-co\u0301pia-768x512.jpg 768w, https:\/\/nsf.pt\/wp-content\/uploads\/2022\/01\/IMG_2559-co\u0301pia-1536x1024.jpg 1536w, https:\/\/nsf.pt\/wp-content\/uploads\/2022\/01\/IMG_2559-co\u0301pia-2048x1365.jpg 2048w\" sizes=\"(max-width: 1024px) 100vw, 1024px\" \/><\/figure><\/li><\/ul><\/figure>\n\n\n\n<p><\/p>\n\n\n\n<h2 class=\"wp-block-heading\">Autarquias solid\u00e1rias e presentes<\/h2>\n\n\n\n<p>Neste dia de festa e de luta as institui\u00e7\u00f5es acompanham as iniciativas e participam nos diversos eventos que constam do programa. A Junta de Freguesia e a C\u00e2mara Municipal foram autarquias presentes e apoiantes dos eventos em termos log\u00edsticos e financeiros.<\/p>\n\n\n\n<p><\/p>\n\n\n\n<figure class=\"wp-block-gallery columns-2 is-cropped wp-block-gallery-13 is-layout-flex wp-block-gallery-is-layout-flex\"><ul class=\"blocks-gallery-grid\"><li class=\"blocks-gallery-item\"><figure><img decoding=\"async\" loading=\"lazy\" width=\"1024\" height=\"683\" src=\"https:\/\/semfronteiras.eu\/wp-content\/uploads\/2022\/01\/IMG_2481-co\u0301pia-1024x683.jpg\" alt=\"\" data-id=\"4898\" data-link=\"https:\/\/semfronteiras.eu\/?attachment_id=4898\" class=\"wp-image-4898\" srcset=\"https:\/\/nsf.pt\/wp-content\/uploads\/2022\/01\/IMG_2481-co\u0301pia-1024x683.jpg 1024w, https:\/\/nsf.pt\/wp-content\/uploads\/2022\/01\/IMG_2481-co\u0301pia-300x200.jpg 300w, https:\/\/nsf.pt\/wp-content\/uploads\/2022\/01\/IMG_2481-co\u0301pia-768x512.jpg 768w, https:\/\/nsf.pt\/wp-content\/uploads\/2022\/01\/IMG_2481-co\u0301pia-1536x1024.jpg 1536w, https:\/\/nsf.pt\/wp-content\/uploads\/2022\/01\/IMG_2481-co\u0301pia-2048x1365.jpg 2048w\" sizes=\"(max-width: 1024px) 100vw, 1024px\" \/><figcaption class=\"blocks-gallery-item__caption\">Com a Presidente da Junta de Freguesia da Marinha Grande Cristina de Jesus e Sousa <\/figcaption><\/figure><\/li><li class=\"blocks-gallery-item\"><figure><img decoding=\"async\" loading=\"lazy\" width=\"1024\" height=\"768\" src=\"https:\/\/semfronteiras.eu\/wp-content\/uploads\/2022\/01\/WhatsApp-Image-2022-01-18-at-22.36.20-6-1024x768.jpeg\" alt=\"\" data-id=\"4899\" data-full-url=\"https:\/\/semfronteiras.eu\/wp-content\/uploads\/2022\/01\/WhatsApp-Image-2022-01-18-at-22.36.20-6.jpeg\" data-link=\"https:\/\/semfronteiras.eu\/?attachment_id=4899\" class=\"wp-image-4899\" srcset=\"https:\/\/nsf.pt\/wp-content\/uploads\/2022\/01\/WhatsApp-Image-2022-01-18-at-22.36.20-6-1024x768.jpeg 1024w, https:\/\/nsf.pt\/wp-content\/uploads\/2022\/01\/WhatsApp-Image-2022-01-18-at-22.36.20-6-300x225.jpeg 300w, https:\/\/nsf.pt\/wp-content\/uploads\/2022\/01\/WhatsApp-Image-2022-01-18-at-22.36.20-6-768x576.jpeg 768w, https:\/\/nsf.pt\/wp-content\/uploads\/2022\/01\/WhatsApp-Image-2022-01-18-at-22.36.20-6-1536x1152.jpeg 1536w, https:\/\/nsf.pt\/wp-content\/uploads\/2022\/01\/WhatsApp-Image-2022-01-18-at-22.36.20-6.jpeg 2016w\" sizes=\"(max-width: 1024px) 100vw, 1024px\" \/><figcaption class=\"blocks-gallery-item__caption\">Com o Presidente da C\u00e2mara Municipal da Marinha Grande Aur\u00e9lio Ferreira<\/figcaption><\/figure><\/li><\/ul><\/figure>\n\n\n\n<p><\/p>\n\n\n\n<h2 class=\"wp-block-heading\">Conta-me como foi<\/h2>\n\n\n\n<p>Ao princ\u00edpio da tarde no audit\u00f3rio da Escola Calazans Duarte realizou-se um debate sobre o 18 de janeiro de 1934 organizado pelo Grupo de Hist\u00f3ria do Agrupamento de Escolas da Marinha Grande que reuniu quatro oradores locais, Herm\u00ednio Nunes, Paulo Tojeira, Pedro Correia e Ant\u00f3nio Aires Rodrigues, tendo a Mesa Redonda sido moderada pelo SEM FRONTEIRAS.<\/p>\n\n\n\n<p>Um debate vivo com um anfiteatro repleto de jovens que acompanharam as diversas narrativas e abordagens sobre as causas, os acontecimentos e as consequ\u00eancias do levantamento insurrecional do 18 de janeiro de 1934 na Marinha Grande.<\/p>\n\n\n\n<figure class=\"wp-block-gallery columns-3 is-cropped wp-block-gallery-15 is-layout-flex wp-block-gallery-is-layout-flex\"><ul class=\"blocks-gallery-grid\"><li class=\"blocks-gallery-item\"><figure><img decoding=\"async\" loading=\"lazy\" width=\"1024\" height=\"768\" src=\"https:\/\/semfronteiras.eu\/wp-content\/uploads\/2022\/01\/WhatsApp-Image-2022-01-18-at-22.36.19-1-1024x768.jpeg\" alt=\"\" data-id=\"4900\" data-link=\"https:\/\/semfronteiras.eu\/?attachment_id=4900\" class=\"wp-image-4900\" srcset=\"https:\/\/nsf.pt\/wp-content\/uploads\/2022\/01\/WhatsApp-Image-2022-01-18-at-22.36.19-1-1024x768.jpeg 1024w, https:\/\/nsf.pt\/wp-content\/uploads\/2022\/01\/WhatsApp-Image-2022-01-18-at-22.36.19-1-300x225.jpeg 300w, https:\/\/nsf.pt\/wp-content\/uploads\/2022\/01\/WhatsApp-Image-2022-01-18-at-22.36.19-1-768x576.jpeg 768w, https:\/\/nsf.pt\/wp-content\/uploads\/2022\/01\/WhatsApp-Image-2022-01-18-at-22.36.19-1-1536x1152.jpeg 1536w, https:\/\/nsf.pt\/wp-content\/uploads\/2022\/01\/WhatsApp-Image-2022-01-18-at-22.36.19-1.jpeg 2016w\" sizes=\"(max-width: 1024px) 100vw, 1024px\" \/><\/figure><\/li><li class=\"blocks-gallery-item\"><figure><img decoding=\"async\" loading=\"lazy\" width=\"1024\" height=\"461\" src=\"https:\/\/semfronteiras.eu\/wp-content\/uploads\/2022\/01\/WhatsApp-Image-2022-01-18-at-22.36.19-2-1024x461.jpeg\" alt=\"\" data-id=\"4901\" data-link=\"https:\/\/semfronteiras.eu\/?attachment_id=4901\" class=\"wp-image-4901\" srcset=\"https:\/\/nsf.pt\/wp-content\/uploads\/2022\/01\/WhatsApp-Image-2022-01-18-at-22.36.19-2-1024x461.jpeg 1024w, https:\/\/nsf.pt\/wp-content\/uploads\/2022\/01\/WhatsApp-Image-2022-01-18-at-22.36.19-2-300x135.jpeg 300w, https:\/\/nsf.pt\/wp-content\/uploads\/2022\/01\/WhatsApp-Image-2022-01-18-at-22.36.19-2-768x346.jpeg 768w, https:\/\/nsf.pt\/wp-content\/uploads\/2022\/01\/WhatsApp-Image-2022-01-18-at-22.36.19-2-1536x692.jpeg 1536w, https:\/\/nsf.pt\/wp-content\/uploads\/2022\/01\/WhatsApp-Image-2022-01-18-at-22.36.19-2.jpeg 2016w\" sizes=\"(max-width: 1024px) 100vw, 1024px\" \/><\/figure><\/li><li class=\"blocks-gallery-item\"><figure><img decoding=\"async\" loading=\"lazy\" width=\"1024\" height=\"461\" src=\"https:\/\/semfronteiras.eu\/wp-content\/uploads\/2022\/01\/WhatsApp-Image-2022-01-18-at-22.36.19-5-1024x461.jpeg\" alt=\"\" data-id=\"4902\" data-link=\"https:\/\/semfronteiras.eu\/?attachment_id=4902\" class=\"wp-image-4902\" srcset=\"https:\/\/nsf.pt\/wp-content\/uploads\/2022\/01\/WhatsApp-Image-2022-01-18-at-22.36.19-5-1024x461.jpeg 1024w, https:\/\/nsf.pt\/wp-content\/uploads\/2022\/01\/WhatsApp-Image-2022-01-18-at-22.36.19-5-300x135.jpeg 300w, https:\/\/nsf.pt\/wp-content\/uploads\/2022\/01\/WhatsApp-Image-2022-01-18-at-22.36.19-5-768x346.jpeg 768w, https:\/\/nsf.pt\/wp-content\/uploads\/2022\/01\/WhatsApp-Image-2022-01-18-at-22.36.19-5-1536x692.jpeg 1536w, https:\/\/nsf.pt\/wp-content\/uploads\/2022\/01\/WhatsApp-Image-2022-01-18-at-22.36.19-5.jpeg 2016w\" sizes=\"(max-width: 1024px) 100vw, 1024px\" \/><\/figure><\/li><li class=\"blocks-gallery-item\"><figure><img decoding=\"async\" loading=\"lazy\" width=\"1024\" height=\"768\" src=\"https:\/\/semfronteiras.eu\/wp-content\/uploads\/2022\/01\/WhatsApp-Image-2022-01-18-at-22.36.19-8-1024x768.jpeg\" alt=\"\" data-id=\"4903\" data-link=\"https:\/\/semfronteiras.eu\/?attachment_id=4903\" class=\"wp-image-4903\" srcset=\"https:\/\/nsf.pt\/wp-content\/uploads\/2022\/01\/WhatsApp-Image-2022-01-18-at-22.36.19-8-1024x768.jpeg 1024w, https:\/\/nsf.pt\/wp-content\/uploads\/2022\/01\/WhatsApp-Image-2022-01-18-at-22.36.19-8-300x225.jpeg 300w, https:\/\/nsf.pt\/wp-content\/uploads\/2022\/01\/WhatsApp-Image-2022-01-18-at-22.36.19-8-768x576.jpeg 768w, https:\/\/nsf.pt\/wp-content\/uploads\/2022\/01\/WhatsApp-Image-2022-01-18-at-22.36.19-8-1536x1152.jpeg 1536w, https:\/\/nsf.pt\/wp-content\/uploads\/2022\/01\/WhatsApp-Image-2022-01-18-at-22.36.19-8.jpeg 2016w\" sizes=\"(max-width: 1024px) 100vw, 1024px\" \/><\/figure><\/li><li class=\"blocks-gallery-item\"><figure><img decoding=\"async\" loading=\"lazy\" width=\"762\" height=\"1024\" src=\"https:\/\/semfronteiras.eu\/wp-content\/uploads\/2022\/01\/WhatsApp-Image-2022-01-16-at-23.05.41-762x1024.jpeg\" alt=\"\" data-id=\"4904\" data-full-url=\"https:\/\/semfronteiras.eu\/wp-content\/uploads\/2022\/01\/WhatsApp-Image-2022-01-16-at-23.05.41.jpeg\" data-link=\"https:\/\/semfronteiras.eu\/?attachment_id=4904\" class=\"wp-image-4904\" srcset=\"https:\/\/nsf.pt\/wp-content\/uploads\/2022\/01\/WhatsApp-Image-2022-01-16-at-23.05.41-762x1024.jpeg 762w, https:\/\/nsf.pt\/wp-content\/uploads\/2022\/01\/WhatsApp-Image-2022-01-16-at-23.05.41-223x300.jpeg 223w, https:\/\/nsf.pt\/wp-content\/uploads\/2022\/01\/WhatsApp-Image-2022-01-16-at-23.05.41-768x1032.jpeg 768w, https:\/\/nsf.pt\/wp-content\/uploads\/2022\/01\/WhatsApp-Image-2022-01-16-at-23.05.41-1143x1536.jpeg 1143w, https:\/\/nsf.pt\/wp-content\/uploads\/2022\/01\/WhatsApp-Image-2022-01-16-at-23.05.41-1024x1376.jpeg 1024w, https:\/\/nsf.pt\/wp-content\/uploads\/2022\/01\/WhatsApp-Image-2022-01-16-at-23.05.41.jpeg 1429w\" sizes=\"(max-width: 762px) 100vw, 762px\" \/><\/figure><\/li><\/ul><\/figure>\n\n\n\n<p><\/p>\n\n\n\n<h2 class=\"wp-block-heading\">Na ACR da Comeira<\/h2>\n\n\n\n<p>A jornada do 18 de janeiro de 2022 terminou na Associa\u00e7\u00e3o Cultural e Recreativa da Comeira, um espa\u00e7o associativo que marca o territ\u00f3rio pelas suas iniciativas no campo cultural e desportivo. Voltaremos a falar sobre esta importante institui\u00e7\u00e3o da Marinha Grande cujo Presidente, Carlos Franco, em companhia do amigo e camarada Aires Rodrigues, teve a amabilidade de nos fazer visitar as instala\u00e7\u00f5es e a partilhar as experi\u00eancias e iniciativas que ocorrem naquele espa\u00e7o de cultura e recreio popular..<\/p>\n\n\n\n<p><\/p>\n\n\n\n<figure class=\"wp-block-gallery columns-3 is-cropped wp-block-gallery-17 is-layout-flex wp-block-gallery-is-layout-flex\"><ul class=\"blocks-gallery-grid\"><li class=\"blocks-gallery-item\"><figure><img decoding=\"async\" loading=\"lazy\" width=\"1024\" height=\"683\" src=\"https:\/\/semfronteiras.eu\/wp-content\/uploads\/2022\/01\/IMG_2616-co\u0301pia-1024x683.jpg\" alt=\"\" data-id=\"4905\" data-link=\"https:\/\/semfronteiras.eu\/?attachment_id=4905\" class=\"wp-image-4905\" srcset=\"https:\/\/nsf.pt\/wp-content\/uploads\/2022\/01\/IMG_2616-co\u0301pia-1024x683.jpg 1024w, https:\/\/nsf.pt\/wp-content\/uploads\/2022\/01\/IMG_2616-co\u0301pia-300x200.jpg 300w, https:\/\/nsf.pt\/wp-content\/uploads\/2022\/01\/IMG_2616-co\u0301pia-768x512.jpg 768w, https:\/\/nsf.pt\/wp-content\/uploads\/2022\/01\/IMG_2616-co\u0301pia-1536x1024.jpg 1536w, https:\/\/nsf.pt\/wp-content\/uploads\/2022\/01\/IMG_2616-co\u0301pia-2048x1365.jpg 2048w\" sizes=\"(max-width: 1024px) 100vw, 1024px\" \/><\/figure><\/li><li class=\"blocks-gallery-item\"><figure><img decoding=\"async\" loading=\"lazy\" width=\"1024\" height=\"683\" src=\"https:\/\/semfronteiras.eu\/wp-content\/uploads\/2022\/01\/IMG_2617-co\u0301pia-1024x683.jpg\" alt=\"\" data-id=\"4906\" data-link=\"https:\/\/semfronteiras.eu\/?attachment_id=4906\" class=\"wp-image-4906\" srcset=\"https:\/\/nsf.pt\/wp-content\/uploads\/2022\/01\/IMG_2617-co\u0301pia-1024x683.jpg 1024w, https:\/\/nsf.pt\/wp-content\/uploads\/2022\/01\/IMG_2617-co\u0301pia-300x200.jpg 300w, https:\/\/nsf.pt\/wp-content\/uploads\/2022\/01\/IMG_2617-co\u0301pia-768x512.jpg 768w, https:\/\/nsf.pt\/wp-content\/uploads\/2022\/01\/IMG_2617-co\u0301pia-1536x1024.jpg 1536w, https:\/\/nsf.pt\/wp-content\/uploads\/2022\/01\/IMG_2617-co\u0301pia-2048x1365.jpg 2048w\" sizes=\"(max-width: 1024px) 100vw, 1024px\" \/><\/figure><\/li><li class=\"blocks-gallery-item\"><figure><img decoding=\"async\" loading=\"lazy\" width=\"1024\" height=\"683\" src=\"https:\/\/semfronteiras.eu\/wp-content\/uploads\/2022\/01\/IMG_2619-co\u0301pia-1024x683.jpg\" alt=\"\" data-id=\"4907\" data-link=\"https:\/\/semfronteiras.eu\/?attachment_id=4907\" class=\"wp-image-4907\" srcset=\"https:\/\/nsf.pt\/wp-content\/uploads\/2022\/01\/IMG_2619-co\u0301pia-1024x683.jpg 1024w, https:\/\/nsf.pt\/wp-content\/uploads\/2022\/01\/IMG_2619-co\u0301pia-300x200.jpg 300w, https:\/\/nsf.pt\/wp-content\/uploads\/2022\/01\/IMG_2619-co\u0301pia-768x512.jpg 768w, https:\/\/nsf.pt\/wp-content\/uploads\/2022\/01\/IMG_2619-co\u0301pia-1536x1024.jpg 1536w, https:\/\/nsf.pt\/wp-content\/uploads\/2022\/01\/IMG_2619-co\u0301pia-2048x1365.jpg 2048w\" sizes=\"(max-width: 1024px) 100vw, 1024px\" \/><\/figure><\/li><li class=\"blocks-gallery-item\"><figure><img decoding=\"async\" loading=\"lazy\" width=\"1024\" height=\"683\" src=\"https:\/\/semfronteiras.eu\/wp-content\/uploads\/2022\/01\/IMG_2620-co\u0301pia-1024x683.jpg\" alt=\"\" data-id=\"4908\" data-full-url=\"https:\/\/semfronteiras.eu\/wp-content\/uploads\/2022\/01\/IMG_2620-co\u0301pia-scaled.jpg\" data-link=\"https:\/\/semfronteiras.eu\/?attachment_id=4908\" class=\"wp-image-4908\" srcset=\"https:\/\/nsf.pt\/wp-content\/uploads\/2022\/01\/IMG_2620-co\u0301pia-1024x683.jpg 1024w, https:\/\/nsf.pt\/wp-content\/uploads\/2022\/01\/IMG_2620-co\u0301pia-300x200.jpg 300w, https:\/\/nsf.pt\/wp-content\/uploads\/2022\/01\/IMG_2620-co\u0301pia-768x512.jpg 768w, https:\/\/nsf.pt\/wp-content\/uploads\/2022\/01\/IMG_2620-co\u0301pia-1536x1024.jpg 1536w, https:\/\/nsf.pt\/wp-content\/uploads\/2022\/01\/IMG_2620-co\u0301pia-2048x1365.jpg 2048w\" sizes=\"(max-width: 1024px) 100vw, 1024px\" \/><\/figure><\/li><li class=\"blocks-gallery-item\"><figure><img decoding=\"async\" loading=\"lazy\" width=\"1024\" height=\"683\" src=\"https:\/\/semfronteiras.eu\/wp-content\/uploads\/2022\/01\/IMG_2623-co\u0301pia-1024x683.jpg\" alt=\"\" data-id=\"4909\" data-full-url=\"https:\/\/semfronteiras.eu\/wp-content\/uploads\/2022\/01\/IMG_2623-co\u0301pia-scaled.jpg\" data-link=\"https:\/\/semfronteiras.eu\/?attachment_id=4909\" class=\"wp-image-4909\" srcset=\"https:\/\/nsf.pt\/wp-content\/uploads\/2022\/01\/IMG_2623-co\u0301pia-1024x683.jpg 1024w, https:\/\/nsf.pt\/wp-content\/uploads\/2022\/01\/IMG_2623-co\u0301pia-300x200.jpg 300w, https:\/\/nsf.pt\/wp-content\/uploads\/2022\/01\/IMG_2623-co\u0301pia-768x512.jpg 768w, https:\/\/nsf.pt\/wp-content\/uploads\/2022\/01\/IMG_2623-co\u0301pia-1536x1024.jpg 1536w, https:\/\/nsf.pt\/wp-content\/uploads\/2022\/01\/IMG_2623-co\u0301pia-2048x1365.jpg 2048w\" sizes=\"(max-width: 1024px) 100vw, 1024px\" \/><\/figure><\/li><li class=\"blocks-gallery-item\"><figure><img decoding=\"async\" loading=\"lazy\" width=\"1024\" height=\"683\" src=\"https:\/\/semfronteiras.eu\/wp-content\/uploads\/2022\/01\/IMG_2626-co\u0301pia-1024x683.jpg\" alt=\"\" data-id=\"4911\" data-full-url=\"https:\/\/semfronteiras.eu\/wp-content\/uploads\/2022\/01\/IMG_2626-co\u0301pia-scaled.jpg\" data-link=\"https:\/\/semfronteiras.eu\/?attachment_id=4911\" class=\"wp-image-4911\" srcset=\"https:\/\/nsf.pt\/wp-content\/uploads\/2022\/01\/IMG_2626-co\u0301pia-1024x683.jpg 1024w, https:\/\/nsf.pt\/wp-content\/uploads\/2022\/01\/IMG_2626-co\u0301pia-300x200.jpg 300w, https:\/\/nsf.pt\/wp-content\/uploads\/2022\/01\/IMG_2626-co\u0301pia-768x512.jpg 768w, https:\/\/nsf.pt\/wp-content\/uploads\/2022\/01\/IMG_2626-co\u0301pia-1536x1024.jpg 1536w, https:\/\/nsf.pt\/wp-content\/uploads\/2022\/01\/IMG_2626-co\u0301pia-2048x1365.jpg 2048w\" sizes=\"(max-width: 1024px) 100vw, 1024px\" \/><\/figure><\/li><\/ul><\/figure>\n\n\n\n<p>Fotos Sem Fronteiras \/CR e Jo\u00e3o Teixeira<\/p>\n","protected":false},"excerpt":{"rendered":"<p>DOSSI\u00caS SF&nbsp;| TRL \u2013 TERRAS DE RESIST\u00caNCIA E LUTA \u2013 N1 Janeiro 2022 | Marinha&#8230;<\/p>\n","protected":false},"author":2,"featured_media":4915,"comment_status":"open","ping_status":"open","sticky":true,"template":"","format":"standard","meta":{"sfsi_plus_gutenberg_text_before_share":"","sfsi_plus_gutenberg_show_text_before_share":"","sfsi_plus_gutenberg_icon_type":"","sfsi_plus_gutenberg_icon_alignemt":"","sfsi_plus_gutenburg_max_per_row":"","ngg_post_thumbnail":0,"footnotes":""},"categories":[174,239],"tags":[273],"featured_image_urls":{"full":["https:\/\/nsf.pt\/wp-content\/uploads\/2022\/01\/airadas-3.jpg",800,416,false],"thumbnail":["https:\/\/nsf.pt\/wp-content\/uploads\/2022\/01\/airadas-3-150x150.jpg",150,150,true],"medium":["https:\/\/nsf.pt\/wp-content\/uploads\/2022\/01\/airadas-3-300x156.jpg",300,156,true],"medium_large":["https:\/\/nsf.pt\/wp-content\/uploads\/2022\/01\/airadas-3-768x399.jpg",640,333,true],"large":["https:\/\/nsf.pt\/wp-content\/uploads\/2022\/01\/airadas-3.jpg",640,333,false],"1536x1536":["https:\/\/nsf.pt\/wp-content\/uploads\/2022\/01\/airadas-3.jpg",800,416,false],"2048x2048":["https:\/\/nsf.pt\/wp-content\/uploads\/2022\/01\/airadas-3.jpg",800,416,false],"covernews-slider-full":["https:\/\/nsf.pt\/wp-content\/uploads\/2022\/01\/airadas-3.jpg",800,416,false],"covernews-slider-center":["https:\/\/nsf.pt\/wp-content\/uploads\/2022\/01\/airadas-3.jpg",800,416,false],"covernews-featured":["https:\/\/nsf.pt\/wp-content\/uploads\/2022\/01\/airadas-3.jpg",800,416,false],"covernews-medium":["https:\/\/nsf.pt\/wp-content\/uploads\/2022\/01\/airadas-3-540x340.jpg",540,340,true],"covernews-medium-square":["https:\/\/nsf.pt\/wp-content\/uploads\/2022\/01\/airadas-3-400x250.jpg",400,250,true]},"author_info":{"info":["Carlos Ribeiro"]},"category_info":"<a href=\"https:\/\/nsf.pt\/index.php\/category\/especial-sf\/dossies\/\" rel=\"category tag\">DOSSI\u00caS<\/a> <a href=\"https:\/\/nsf.pt\/index.php\/category\/especial-sf\/\" rel=\"category tag\">ESPECIAL-SF<\/a>","tag_info":"ESPECIAL-SF","comment_count":"0","_links":{"self":[{"href":"https:\/\/nsf.pt\/index.php\/wp-json\/wp\/v2\/posts\/4869"}],"collection":[{"href":"https:\/\/nsf.pt\/index.php\/wp-json\/wp\/v2\/posts"}],"about":[{"href":"https:\/\/nsf.pt\/index.php\/wp-json\/wp\/v2\/types\/post"}],"author":[{"embeddable":true,"href":"https:\/\/nsf.pt\/index.php\/wp-json\/wp\/v2\/users\/2"}],"replies":[{"embeddable":true,"href":"https:\/\/nsf.pt\/index.php\/wp-json\/wp\/v2\/comments?post=4869"}],"version-history":[{"count":5,"href":"https:\/\/nsf.pt\/index.php\/wp-json\/wp\/v2\/posts\/4869\/revisions"}],"predecessor-version":[{"id":4921,"href":"https:\/\/nsf.pt\/index.php\/wp-json\/wp\/v2\/posts\/4869\/revisions\/4921"}],"wp:featuredmedia":[{"embeddable":true,"href":"https:\/\/nsf.pt\/index.php\/wp-json\/wp\/v2\/media\/4915"}],"wp:attachment":[{"href":"https:\/\/nsf.pt\/index.php\/wp-json\/wp\/v2\/media?parent=4869"}],"wp:term":[{"taxonomy":"category","embeddable":true,"href":"https:\/\/nsf.pt\/index.php\/wp-json\/wp\/v2\/categories?post=4869"},{"taxonomy":"post_tag","embeddable":true,"href":"https:\/\/nsf.pt\/index.php\/wp-json\/wp\/v2\/tags?post=4869"}],"curies":[{"name":"wp","href":"https:\/\/api.w.org\/{rel}","templated":true}]}}