{"id":4997,"date":"2022-01-27T19:07:42","date_gmt":"2022-01-27T19:07:42","guid":{"rendered":"https:\/\/semfronteiras.eu\/?p=4997"},"modified":"2024-01-18T20:11:14","modified_gmt":"2024-01-18T20:11:14","slug":"continuar-a-celebrar-programar-e-festejar-o-18-de-janeiro-de-1934","status":"publish","type":"post","link":"https:\/\/nsf.pt\/index.php\/2022\/01\/27\/continuar-a-celebrar-programar-e-festejar-o-18-de-janeiro-de-1934\/","title":{"rendered":"Continuar a celebrar, programar e festejar o 18 de janeiro de 1934"},"content":{"rendered":"\n<p><strong>DOSSI\u00caS SF&nbsp;<\/strong>|&nbsp;TRL \u2013 TERRAS DE RESIST\u00caNCIA E LUTA \u2013 N1 Janeiro 2022 | Marinha Grande<\/p>\n\n\n\n<h3 class=\"wp-block-heading\">Alunas e alunos da Marinha Grande escrevem para o SEM Fronteiras. Hoje \u00e9 a vez da Matilde Lopes que nos relata o percurso err\u00e1tico que realizou ao longo de uma semana participando em atividades cuja finalidade consistiu em comemorar, de forma din\u00e2mica, o dia mais emblem\u00e1tico do calend\u00e1rio anual da cidade vidreira.<\/h3>\n\n\n\n<h3 class=\"wp-block-heading\"><strong>Relato do 18 de janeiro (de 2022) de uma estudante marinhense<\/strong><\/h3>\n\n\n\n<div class=\"wp-block-columns is-layout-flex wp-container-7 wp-block-columns-is-layout-flex\">\n<div class=\"wp-block-column is-layout-flow wp-block-column-is-layout-flow\" style=\"flex-basis:100%\">\n<div class=\"wp-block-columns is-layout-flex wp-container-5 wp-block-columns-is-layout-flex\">\n<div class=\"wp-block-column is-layout-flow wp-block-column-is-layout-flow\" style=\"flex-basis:100%\">\n<div class=\"wp-block-columns alignfull are-vertically-aligned-center has-background is-layout-flex wp-container-3 wp-block-columns-is-layout-flex\" style=\"background-color:#fabe00\">\n<div class=\"wp-block-column is-layout-flow wp-block-column-is-layout-flow\" style=\"flex-basis:44%\">\n<h2 class=\"has-text-color wp-block-heading\" style=\"color:#000000\"><strong>Matilde Lopes<\/strong><\/h2>\n\n\n\n<p class=\"has-text-color\" style=\"color:#636363;font-size:17px;line-height:1.1\">Aluna do 12\u00baJ, na Escola Secund\u00e1ria Engenheiro Ac\u00e1cio Calazans Duarte<\/p>\n<\/div>\n\n\n\n<div class=\"wp-block-column is-layout-flow wp-block-column-is-layout-flow\" style=\"flex-basis:56%\">\n<figure class=\"wp-block-image size-large is-resized is-style-rounded\"><img decoding=\"async\" loading=\"lazy\" src=\"https:\/\/semfronteiras.eu\/wp-content\/uploads\/2022\/01\/matilde-1024x724.jpg\" alt=\"\" class=\"wp-image-4998\" width=\"344\" height=\"242\" srcset=\"https:\/\/nsf.pt\/wp-content\/uploads\/2022\/01\/matilde-1024x724.jpg 1024w, https:\/\/nsf.pt\/wp-content\/uploads\/2022\/01\/matilde-300x212.jpg 300w, https:\/\/nsf.pt\/wp-content\/uploads\/2022\/01\/matilde-768x543.jpg 768w, https:\/\/nsf.pt\/wp-content\/uploads\/2022\/01\/matilde.jpg 1062w\" sizes=\"(max-width: 344px) 100vw, 344px\" \/><\/figure>\n<\/div>\n<\/div>\n<\/div>\n<\/div>\n<\/div>\n<\/div>\n\n\n\n<p>17 anos. Este \u00e9 o n\u00famero que representa a minha curta exist\u00eancia, exist\u00eancia esta que, por sua vez, foi passada na Marinha Grande.<\/p>\n\n\n\n<p>Ora, tendo isto em conta, era de esperar que tivesse um vasto conhecimento sobre a terra onde nasci e cresci e os acontecimentos que esta despoletou, nomeadamente o 18 de janeiro de 1934. A verdade \u00e9 que nem sou capaz de afirmar que anualmente esta data foi por mim sempre comemorada ou sequer relembrada, muitos foram os anos em que nem uma palavra ouvi sobre o ato. Este ano, por\u00e9m, senti que a comunidade marinhense abra\u00e7ou, de facto, este marco do seu patrim\u00f3nio hist\u00f3rico e cultural. Este ano, que marca o 88\u00ba anivers\u00e1rio da revolta do 18 de janeiro de 1934, tive o prazer de participar em diversas comemora\u00e7\u00f5es e atividades que tiveram como fim a perpetua\u00e7\u00e3o deste movimento oper\u00e1rio.<\/p>\n\n\n\n<p><\/p>\n\n\n\n<h2 class=\"wp-block-heading\">Peregrina\u00e7\u00e3o com Herm\u00ednio<\/h2>\n\n\n\n<p>Logo a 16 de janeiro, participei num passeio pedestre\/percurso hist\u00f3rico na Marinha Grande que contou com a presen\u00e7a de Herm\u00ednio Nunes. O pequeno grupo que constituiu os pedestres desta \u201cperegrina\u00e7\u00e3o\u201d visitou a Casa-Museu 18 de Janeiro de 1934 e fez paragens noutros marcantes lugares para a revolu\u00e7\u00e3o desse mesmo dia, partilhando hist\u00f3rias e testemunhos.<\/p>\n\n\n\n<h2 class=\"wp-block-heading\">Discursos pessoais, diretos e honestos<\/h2>\n\n\n\n<p>No pr\u00f3prio grande dia, dia 18, os professores do Grupo de Hist\u00f3ria da minha escola- Escola Secund\u00e1ria Engenheiro Ac\u00e1cio Calazans Duarte- organizou a iniciativa \u201cCONTA-ME COMO FOI\u2026\u201d,&nbsp; uma conversa, que decorreu por volta das tr\u00eas horas da tarde no audit\u00f3rio da minha escola e que contou com a modera\u00e7\u00e3o de: Carlos Ribeiro, Coordenador do Sem Fronteiras; Herm\u00ednio Nunes; Pedro Correia e Paulo Tojeira que conseguiram cativar a sua dif\u00edcil plateia atrav\u00e9s de um discurso extremamente pessoal, direto e honesto.<\/p>\n\n\n\n<p><\/p>\n\n\n\n<h2 class=\"wp-block-heading\">Exposi\u00e7\u00e3o no Oper\u00e1rio Marinhense<\/h2>\n\n\n\n<p>Ainda no dia 21 de janeiro, no \u00e2mbito da disciplina de Ci\u00eancia Pol\u00edtica, visitei a Exposi\u00e7\u00e3o \u201cQuando Amanhecer\u00e1 Camaradas\u201d, uma exposi\u00e7\u00e3o documental sobre o 18 de janeiro, no Sport Oper\u00e1rio Marinhense, que estar\u00e1 aberta ao p\u00fablico at\u00e9 dia 30 deste m\u00eas e que aconselho todos a visitar. Por obra do acaso, encontrava-se no local o historiador Herm\u00ednio Nunes, o que permitiu a complementa\u00e7\u00e3o e continua\u00e7\u00e3o de alguns assuntos que n\u00e3o tinham sido abordados devido ao fator limitativo do tempo.<\/p>\n\n\n\n<h2 class=\"wp-block-heading\">O epis\u00f3dio pela caneta de Saramago<\/h2>\n\n\n\n<p>Para al\u00e9m de todas estas din\u00e2micas organizadas, reparei que este ano todos os meus professores demonstraram uma especial aten\u00e7\u00e3o e interesse a esta data, fazendo quest\u00e3o de abordar o tema nas suas aulas. Por exemplo, a minha professora de Portugu\u00eas optou por falar sobre o movimento na sua aula, articulando o assunto com a refer\u00eancia na obra que estamos a estudar no momento: o romance de Saramago,\u00a0<em>O ano da morte de Ricardo Reis,\u00a0<\/em>excerto, no cap\u00edtulo IX, quando o &#8220;Doutor Ricardo Reis&#8221; est\u00e1 a ser interrogado pelo &#8220;Doutor-adjunto&#8221;, na sede da PVDE e faz men\u00e7\u00e3o ao epis\u00f3dio. Complementando ainda esta abordagem escolar, foi elaborada uma exposi\u00e7\u00e3o interessant\u00edssima, junto da mediateca da minha escola, sobre o 18 de janeiro, pelo Grupo de Hist\u00f3ria da mesma.<\/p>\n\n\n\n<p><\/p>\n\n\n\n<h2 class=\"wp-block-heading\">Uma semana para valorizar um dia<\/h2>\n\n\n\n<p>Deste modo, posso concluir que este ano verdadeiramente comemorei o 18 de janeiro. Este ano, n\u00e3o s\u00f3 celebrei o dia, como comemorei durante uma semana inteira. Este ano, nem a pandemia serviu de desculpa para cancelar a comemora\u00e7\u00e3o desta marcante data. Este ano, atrav\u00e9s da iniciativa da Dire\u00e7\u00e3o do Sindicato dos Trabalhadores de Ind\u00fastria Vidreira, da C\u00e2mara Municipal da Marinha Grande, da Escola Engenheiro Ac\u00e1cio Calazans Duarte, entre outras institui\u00e7\u00f5es e organismos e de c\u00e9lebres cidad\u00e3os, o 18 de janeiro de 2022 relembrou os acontecimentos que h\u00e1 88 anos ocorreram na terra marinhense e que se n\u00e3o se continuarem a celebrar, programar e festejar, cair\u00e3o, por eventualidade, no esquecimento.<\/p>\n\n\n\n<h4 class=\"wp-block-heading\">Matilde Lopes, aluna do 12\u00baJ, na Escola Secund\u00e1ria Engenheiro Ac\u00e1cio Calazans Duarte<\/h4>\n\n\n\n<p>Foto cedida por Matilde Lopes. Editado CR\/SF<\/p>\n","protected":false},"excerpt":{"rendered":"<p>DOSSI\u00caS SF&nbsp;|&nbsp;TRL \u2013 TERRAS DE RESIST\u00caNCIA E LUTA \u2013 N1 Janeiro 2022 | Marinha Grande&#8230;<\/p>\n","protected":false},"author":2,"featured_media":4998,"comment_status":"open","ping_status":"open","sticky":true,"template":"","format":"standard","meta":{"sfsi_plus_gutenberg_text_before_share":"","sfsi_plus_gutenberg_show_text_before_share":"","sfsi_plus_gutenberg_icon_type":"","sfsi_plus_gutenberg_icon_alignemt":"","sfsi_plus_gutenburg_max_per_row":"","ngg_post_thumbnail":0,"footnotes":""},"categories":[501,174,239,448],"tags":[273],"featured_image_urls":{"full":["https:\/\/nsf.pt\/wp-content\/uploads\/2022\/01\/matilde.jpg",1062,751,false],"thumbnail":["https:\/\/nsf.pt\/wp-content\/uploads\/2022\/01\/matilde-150x150.jpg",150,150,true],"medium":["https:\/\/nsf.pt\/wp-content\/uploads\/2022\/01\/matilde-300x212.jpg",300,212,true],"medium_large":["https:\/\/nsf.pt\/wp-content\/uploads\/2022\/01\/matilde-768x543.jpg",640,453,true],"large":["https:\/\/nsf.pt\/wp-content\/uploads\/2022\/01\/matilde-1024x724.jpg",640,453,true],"1536x1536":["https:\/\/nsf.pt\/wp-content\/uploads\/2022\/01\/matilde.jpg",1062,751,false],"2048x2048":["https:\/\/nsf.pt\/wp-content\/uploads\/2022\/01\/matilde.jpg",1062,751,false],"covernews-slider-full":["https:\/\/nsf.pt\/wp-content\/uploads\/2022\/01\/matilde-1062x715.jpg",1062,715,true],"covernews-slider-center":["https:\/\/nsf.pt\/wp-content\/uploads\/2022\/01\/matilde-800x500.jpg",800,500,true],"covernews-featured":["https:\/\/nsf.pt\/wp-content\/uploads\/2022\/01\/matilde-1024x724.jpg",1024,724,true],"covernews-medium":["https:\/\/nsf.pt\/wp-content\/uploads\/2022\/01\/matilde-540x340.jpg",540,340,true],"covernews-medium-square":["https:\/\/nsf.pt\/wp-content\/uploads\/2022\/01\/matilde-400x250.jpg",400,250,true]},"author_info":{"info":["Carlos Ribeiro"]},"category_info":"<a href=\"https:\/\/nsf.pt\/index.php\/category\/18-janeiro-1934\/\" rel=\"category tag\">18 JANEIRO 1934<\/a> <a href=\"https:\/\/nsf.pt\/index.php\/category\/especial-sf\/dossies\/\" rel=\"category tag\">DOSSI\u00caS<\/a> <a href=\"https:\/\/nsf.pt\/index.php\/category\/especial-sf\/\" rel=\"category tag\">ESPECIAL-SF<\/a> <a href=\"https:\/\/nsf.pt\/index.php\/category\/historia-e-memorias\/\" rel=\"category tag\">HIST\u00d3RIA E MEM\u00d3RIAS<\/a>","tag_info":"HIST\u00d3RIA E MEM\u00d3RIAS","comment_count":"0","_links":{"self":[{"href":"https:\/\/nsf.pt\/index.php\/wp-json\/wp\/v2\/posts\/4997"}],"collection":[{"href":"https:\/\/nsf.pt\/index.php\/wp-json\/wp\/v2\/posts"}],"about":[{"href":"https:\/\/nsf.pt\/index.php\/wp-json\/wp\/v2\/types\/post"}],"author":[{"embeddable":true,"href":"https:\/\/nsf.pt\/index.php\/wp-json\/wp\/v2\/users\/2"}],"replies":[{"embeddable":true,"href":"https:\/\/nsf.pt\/index.php\/wp-json\/wp\/v2\/comments?post=4997"}],"version-history":[{"count":3,"href":"https:\/\/nsf.pt\/index.php\/wp-json\/wp\/v2\/posts\/4997\/revisions"}],"predecessor-version":[{"id":5023,"href":"https:\/\/nsf.pt\/index.php\/wp-json\/wp\/v2\/posts\/4997\/revisions\/5023"}],"wp:featuredmedia":[{"embeddable":true,"href":"https:\/\/nsf.pt\/index.php\/wp-json\/wp\/v2\/media\/4998"}],"wp:attachment":[{"href":"https:\/\/nsf.pt\/index.php\/wp-json\/wp\/v2\/media?parent=4997"}],"wp:term":[{"taxonomy":"category","embeddable":true,"href":"https:\/\/nsf.pt\/index.php\/wp-json\/wp\/v2\/categories?post=4997"},{"taxonomy":"post_tag","embeddable":true,"href":"https:\/\/nsf.pt\/index.php\/wp-json\/wp\/v2\/tags?post=4997"}],"curies":[{"name":"wp","href":"https:\/\/api.w.org\/{rel}","templated":true}]}}