{"id":5076,"date":"2022-02-02T20:06:14","date_gmt":"2022-02-02T20:06:14","guid":{"rendered":"https:\/\/semfronteiras.eu\/?p=5076"},"modified":"2022-02-14T13:23:54","modified_gmt":"2022-02-14T13:23:54","slug":"ja-esta-a-venda-o-exilios-3","status":"publish","type":"post","link":"https:\/\/nsf.pt\/index.php\/2022\/02\/02\/ja-esta-a-venda-o-exilios-3\/","title":{"rendered":"J\u00e1 est\u00e1 \u00e0 venda o Ex\u00edlios.3"},"content":{"rendered":"\n<p><span class=\"has-inline-color has-vivid-red-color\"><strong>LIVROS &amp; M\u00daSICA |<\/strong><\/span> Ex\u00edlios Sem Fronteiras<\/p>\n\n\n\n<h3 class=\"wp-block-heading\">Um livro sobre o ex\u00edlio, a deser\u00e7\u00e3o, a milit\u00e2ncia nos anos 60 e 70 realizado em co-autoria por 19 autores e autoras e com ilustra\u00e7\u00f5es oriundas de diversas fontes, desde logo fot\u00f3grafos internacionais e nacionais, como \u00e9 o caso de Sebasti\u00e3o Salgado, de G\u00e9rald Bloncourt, de R\u00e9mi Gruber e de Jos\u00e9 Martins e ainda pintores e desenhadores como a pintora Isabel Lhano e Ant\u00f3nio Couvinha.<\/h3>\n\n\n\n<p>A coordena\u00e7\u00e3o editorial foi realizada no Sem Fronteiras por Carlos Ribeiro que organizou as narrativas apresentadas pelos autores e autoras em cap\u00edtulos tem\u00e1ticos e produziu os enquadramentos e ainda t\u00edtulos e subt\u00edtulos de todas as pe\u00e7as escritas, tendo contado com a colabora\u00e7\u00e3o de diversos membros da AEP-Associa\u00e7\u00e3o de Exilados Pol\u00edticos Portugueses para operacionalizar todo o processo de edi\u00e7\u00e3o, pagina\u00e7\u00e3o, impress\u00e3o e acabamento, nomeadamente com <strong> Beatriz Abrantes<\/strong> que realizou a revis\u00e3o dos originais, <strong>Carlos Neves e Fernando Nunes<\/strong> que organizaram a recolha de documentos e fotografias, <strong>Jos\u00e9 Martins<\/strong> que cedeu fotografias do seu arquivo pessoal e estabeleceu contactos que foram uma mais-valia para a realiza\u00e7\u00e3o do livro.<\/p>\n\n\n\n<p>S\u00e3o 13 os temas que s\u00e3o desenvolvidos no livro com destaque para uma op\u00e7\u00e3o editorial de valorizar em forma de homenagem informal as organiza\u00e7\u00f5es que acolheram os portugueses em diversos pa\u00edses da Europa e em particular uma figura com um papel muito importante no apoio aos refugiados, a Mme Scob da CIMADE.<\/p>\n\n\n\n<p>As hist\u00f3rias e as reflex\u00f5es apresentadas no livro tornam-se um convite irrecus\u00e1vel para uma leitura apaixonada e certamente que a breve trecho daremos a palavra aqui, no Sem Fronteiras ,aos protagonistas deste livro que se constitu\u00edram num aut\u00eantico coletivo. Brevemente ser\u00e1 realizada uma apresenta\u00e7\u00e3o online e outra presencial num espa\u00e7o p\u00fablico. Est\u00e3o desde j\u00e1 todos e todas convidado(a)s.<\/p>\n\n\n\n<p>Para encomendar o livro e receb\u00ea-lo em casa contactar com <span class=\"has-inline-color has-vivid-red-color\"><strong>geral@aep61-74.org<\/strong><\/span> .<\/p>\n\n\n\n<figure class=\"wp-block-image size-full is-style-default\"><img decoding=\"async\" loading=\"lazy\" width=\"1021\" height=\"575\" src=\"https:\/\/semfronteiras.eu\/wp-content\/uploads\/2022\/02\/exilios3_banner.jpg\" alt=\"\" class=\"wp-image-5077\" srcset=\"https:\/\/nsf.pt\/wp-content\/uploads\/2022\/02\/exilios3_banner.jpg 1021w, https:\/\/nsf.pt\/wp-content\/uploads\/2022\/02\/exilios3_banner-300x169.jpg 300w, https:\/\/nsf.pt\/wp-content\/uploads\/2022\/02\/exilios3_banner-768x433.jpg 768w\" sizes=\"(max-width: 1021px) 100vw, 1021px\" \/><\/figure>\n\n\n\n<div class=\"wp-block-blockspare-blockspare-section-header aligncenter blockspare-dbe939fc-b2e7-4 blockspare-section-header-wrapper blockspare-blocks aligncenter\"><style>.blockspare-dbe939fc-b2e7-4 .blockspare-section-head-wrap{background-color:transparent;text-align:center;padding-top:10px;padding-right:20px;padding-bottom:10px;margin-top:30px;margin-bottom:30px;padding-left:20px}.blockspare-dbe939fc-b2e7-4 .blockspare-section-head-wrap .blockspare-title{color:#404040;font-size:32px;font-family:Default;padding-top:5px;padding-bottom:5px}.blockspare-dbe939fc-b2e7-4 .blockspare-section-head-wrap .blockspare-subtitle{color:#6d6d6d;font-size:18px;font-family:Default;padding-top:5px;padding-bottom:5px}.blockspare-dbe939fc-b2e7-4 .blockspare-title-dash{color:#8b249c}@media screen and (max-width:1025px){.blockspare-dbe939fc-b2e7-4 .blockspare-section-head-wrap .blockspare-title{font-size:undefinedpx}.blockspare-dbe939fc-b2e7-4 .blockspare-section-head-wrap .blockspare-subtitle{font-size:undefinedpx}}@media screen and (max-width:768px){.blockspare-dbe939fc-b2e7-4 .blockspare-section-head-wrap .blockspare-title{font-size:undefinedpx}.blockspare-dbe939fc-b2e7-4 .blockspare-section-head-wrap .blockspare-subtitle{font-size:undefinedpx}}<\/style><div class=\"blockspare-section-head-wrap blockspare-style1 blockspare-center\"><div class=\"blockspare-title-wrapper\"><span class=\"blockspare-title-dash blockspare-upper-dash\"><\/span><h2 class=\"blockspare-title\">Enter Title<\/h2><span class=\"blockspare-title-dash blockspare-lower-dash\"><\/span><\/div><div class=\"blockspare-subtitle-wrapper\"><span class=\"blockspare-title-dash blockspare-upper-dash\"><\/span><p class=\"blockspare-subtitle\">Enter Subtitle<\/p><span class=\"blockspare-title-dash blockspare-lower-dash\"><\/span><\/div><\/div><\/div>\n","protected":false},"excerpt":{"rendered":"<p>LIVROS &amp; M\u00daSICA | Ex\u00edlios Sem Fronteiras Um livro sobre o ex\u00edlio, a deser\u00e7\u00e3o, a&#8230;<\/p>\n","protected":false},"author":2,"featured_media":5078,"comment_status":"open","ping_status":"open","sticky":true,"template":"","format":"standard","meta":{"sfsi_plus_gutenberg_text_before_share":"","sfsi_plus_gutenberg_show_text_before_share":"","sfsi_plus_gutenberg_icon_type":"","sfsi_plus_gutenberg_icon_alignemt":"","sfsi_plus_gutenburg_max_per_row":"","ngg_post_thumbnail":0,"footnotes":""},"categories":[242],"tags":[266],"featured_image_urls":{"full":["https:\/\/nsf.pt\/wp-content\/uploads\/2022\/02\/exilios3banner4.jpg",1020,577,false],"thumbnail":["https:\/\/nsf.pt\/wp-content\/uploads\/2022\/02\/exilios3banner4-150x150.jpg",150,150,true],"medium":["https:\/\/nsf.pt\/wp-content\/uploads\/2022\/02\/exilios3banner4-300x170.jpg",300,170,true],"medium_large":["https:\/\/nsf.pt\/wp-content\/uploads\/2022\/02\/exilios3banner4-768x434.jpg",640,362,true],"large":["https:\/\/nsf.pt\/wp-content\/uploads\/2022\/02\/exilios3banner4.jpg",640,362,false],"1536x1536":["https:\/\/nsf.pt\/wp-content\/uploads\/2022\/02\/exilios3banner4.jpg",1020,577,false],"2048x2048":["https:\/\/nsf.pt\/wp-content\/uploads\/2022\/02\/exilios3banner4.jpg",1020,577,false],"covernews-slider-full":["https:\/\/nsf.pt\/wp-content\/uploads\/2022\/02\/exilios3banner4.jpg",1020,577,false],"covernews-slider-center":["https:\/\/nsf.pt\/wp-content\/uploads\/2022\/02\/exilios3banner4-800x500.jpg",800,500,true],"covernews-featured":["https:\/\/nsf.pt\/wp-content\/uploads\/2022\/02\/exilios3banner4.jpg",1020,577,false],"covernews-medium":["https:\/\/nsf.pt\/wp-content\/uploads\/2022\/02\/exilios3banner4-540x340.jpg",540,340,true],"covernews-medium-square":["https:\/\/nsf.pt\/wp-content\/uploads\/2022\/02\/exilios3banner4-400x250.jpg",400,250,true]},"author_info":{"info":["Carlos Ribeiro"]},"category_info":"<a href=\"https:\/\/nsf.pt\/index.php\/category\/livros-musica\/\" rel=\"category tag\">LIVROS &amp; M\u00daSICA<\/a>","tag_info":"LIVROS &amp; M\u00daSICA","comment_count":"0","_links":{"self":[{"href":"https:\/\/nsf.pt\/index.php\/wp-json\/wp\/v2\/posts\/5076"}],"collection":[{"href":"https:\/\/nsf.pt\/index.php\/wp-json\/wp\/v2\/posts"}],"about":[{"href":"https:\/\/nsf.pt\/index.php\/wp-json\/wp\/v2\/types\/post"}],"author":[{"embeddable":true,"href":"https:\/\/nsf.pt\/index.php\/wp-json\/wp\/v2\/users\/2"}],"replies":[{"embeddable":true,"href":"https:\/\/nsf.pt\/index.php\/wp-json\/wp\/v2\/comments?post=5076"}],"version-history":[{"count":4,"href":"https:\/\/nsf.pt\/index.php\/wp-json\/wp\/v2\/posts\/5076\/revisions"}],"predecessor-version":[{"id":5085,"href":"https:\/\/nsf.pt\/index.php\/wp-json\/wp\/v2\/posts\/5076\/revisions\/5085"}],"wp:featuredmedia":[{"embeddable":true,"href":"https:\/\/nsf.pt\/index.php\/wp-json\/wp\/v2\/media\/5078"}],"wp:attachment":[{"href":"https:\/\/nsf.pt\/index.php\/wp-json\/wp\/v2\/media?parent=5076"}],"wp:term":[{"taxonomy":"category","embeddable":true,"href":"https:\/\/nsf.pt\/index.php\/wp-json\/wp\/v2\/categories?post=5076"},{"taxonomy":"post_tag","embeddable":true,"href":"https:\/\/nsf.pt\/index.php\/wp-json\/wp\/v2\/tags?post=5076"}],"curies":[{"name":"wp","href":"https:\/\/api.w.org\/{rel}","templated":true}]}}