{"id":5201,"date":"2022-02-20T19:06:37","date_gmt":"2022-02-20T19:06:37","guid":{"rendered":"https:\/\/semfronteiras.eu\/?p=5201"},"modified":"2022-02-20T19:35:11","modified_gmt":"2022-02-20T19:35:11","slug":"coloquio-na-universidade-de-nanterre-sobre-escritoras-portuguesas-durante-o-estado-novo","status":"publish","type":"post","link":"https:\/\/nsf.pt\/index.php\/2022\/02\/20\/coloquio-na-universidade-de-nanterre-sobre-escritoras-portuguesas-durante-o-estado-novo\/","title":{"rendered":"Col\u00f3quio na Universidade de Nanterre sobre escritoras portuguesas no per\u00edodo do Estado Novo"},"content":{"rendered":"\n<p><mark style=\"background-color:rgba(0, 0, 0, 0)\" class=\"has-inline-color has-vivid-red-color\"><strong>AGENDA <\/strong><\/mark>| Jornadas de Estudo na Universidade de Nanterre | 24 de fevereiro de 2022<\/p>\n\n\n\n<p>Importa reconhecer que apesar de tardiamente, e ainda de forma muito t\u00edmida, o tema  da participa\u00e7\u00e3o das mulheres na resist\u00eancia contra o regime salazarista e do seu papel determinante na produ\u00e7\u00e3o de refer\u00eancias culturais fundamentais da estrutura\u00e7\u00e3o identit\u00e1ria do Portugal moderno est\u00e1 colocado na ordem do dia da agenda pol\u00edtica e cultural.<\/p>\n\n\n\n<p class=\"has-drop-cap\">Programas recentes na RTP2 como &#8220;Mulheres na resist\u00eancia&#8221;, a partir de elementos do arquivo da hist\u00f3ria oral do centro de documenta\u00e7\u00e3o 25 de Abril de Coimbra sobre a vida de 4 mulheres na resist\u00eancia e a exposi\u00e7\u00e3o &#8220;Mulheres e Resist\u00eancia \u2013 Novas Cartas Portuguesas e outras lutas&#8221; que decorreu entre 6 de maio e 31 de dezembro de 2021 no Museu do Aljube &#8211; Resist\u00eancia e Liberdade, tendo contado com &#8220;<em>uma vasta programa\u00e7\u00e3o paralela que pretendeu ligar m\u00faltiplas perspectivas&nbsp;sobre a luta pela igualdade e pela liberdade<\/em>&#8221; s\u00e3o alguns exemplos das in\u00fameras iniciativas que ocorreram, com enorme sucesso, diga-se, num passado recente.<\/p>\n\n\n\n<p><\/p>\n\n\n\n<h2 class=\"wp-block-heading\" id=\"femmes-ecrivaines-portugaises-pendant-la-dictature-militaire-et-l-etat-nouveau-1926-1974\"><strong>Femmes \u00e9crivaines portugaises pendant la dictature militaire et l\u2019\u00c9tat Nouveau (1926-1974)<\/strong>.<\/h2>\n\n\n\n<p>Surge desta forma como particularmente estimulante e desafiante o col\u00f3quio que vai ter lugar em Paris, j\u00e1 no pr\u00f3ximo dia 24 de fevereiro,  na Universidade Paris Nanterre no quadro das segundas Jornadas de Estudo cujo tema central \u00e9 <strong>Femmes \u00e9crivaines portugaises pendant la dictature militaire et l\u2019\u00c9tat Nouveau (1926-1974)<\/strong>.<\/p>\n\n\n\n<figure class=\"wp-block-gallery has-nested-images columns-default is-cropped wp-block-gallery-1 is-layout-flex wp-block-gallery-is-layout-flex\">\n<figure class=\"wp-block-image size-large is-style-default\"><img decoding=\"async\" loading=\"lazy\" width=\"610\" height=\"341\" data-id=\"5204\" src=\"https:\/\/semfronteiras.eu\/wp-content\/uploads\/2022\/02\/naterre1-2.jpg\" alt=\"\" class=\"wp-image-5204\" srcset=\"https:\/\/nsf.pt\/wp-content\/uploads\/2022\/02\/naterre1-2.jpg 610w, https:\/\/nsf.pt\/wp-content\/uploads\/2022\/02\/naterre1-2-300x168.jpg 300w\" sizes=\"(max-width: 610px) 100vw, 610px\" \/><\/figure>\n<\/figure>\n\n\n\n<div class=\"wp-block-columns is-layout-flex wp-container-4 wp-block-columns-is-layout-flex\">\n<div class=\"wp-block-column is-layout-flow wp-block-column-is-layout-flow\" style=\"flex-basis:100%\"><\/div>\n<\/div>\n\n\n\n<p class=\"has-drop-cap\">A iniciativa \u00e9 organizada pelo  CRILUS e pela Chaire Lindley Cintra, Cam\u00f5es, I. P. Tivemos a oportunidade de colher os pontos de vista dos organizadores sobre os objetivos do evento atrav\u00e9s de uma curta ENTREVISTA realizada a dist\u00e2ncia, que nos proporcionou a informa\u00e7\u00e3o e a reflex\u00e3o que se seguem:<\/p>\n\n\n\n<hr class=\"wp-block-separator is-style-default\"\/>\n\n\n\n<div class=\"wp-block-image is-style-rounded\"><figure class=\"aligncenter size-full is-resized\"><img decoding=\"async\" loading=\"lazy\" src=\"https:\/\/semfronteiras.eu\/wp-content\/uploads\/2022\/02\/naterre1-3.jpg\" alt=\"\" class=\"wp-image-5206\" width=\"241\" height=\"135\" srcset=\"https:\/\/nsf.pt\/wp-content\/uploads\/2022\/02\/naterre1-3.jpg 610w, https:\/\/nsf.pt\/wp-content\/uploads\/2022\/02\/naterre1-3-300x168.jpg 300w\" sizes=\"(max-width: 241px) 100vw, 241px\" \/><\/figure><\/div>\n\n\n\n<blockquote class=\"wp-block-quote has-text-align-center is-style-plain\"><p><strong><em>&#8220;A jornada integra na an\u00e1lise do liter\u00e1rio outras abordagens que se estendem da sociologia ao direito, passando pela hist\u00f3ria da cultura ou pelos estudos de g\u00e9nero e p\u00f3s-coloniais&#8221;<\/em><\/strong><\/p><cite>\u2014 Coletivo organizador do evento<\/cite><\/blockquote>\n\n\n\n<p id=\"entrevista-carlos-ribeiro\"><strong>ENTREVISTA<\/strong> | Carlos Ribeiro SF<\/p>\n\n\n\n<p><mark style=\"background-color:rgba(0, 0, 0, 0)\" class=\"has-inline-color has-vivid-red-color\"><strong>SEM FRONTEIRAS (SF)<\/strong><\/mark><strong> &#8211;  Esta jornada sobre as mulheres escritoras portuguesas situa-se principalmente no terreno da an\u00e1lise e da investiga\u00e7\u00e3o liter\u00e1ria ou pelo contr\u00e1rio posiciona-se num campo mais pol\u00edtico (da ci\u00eancia pol\u00edtica e n\u00e3o da sua pr\u00e1tica) \u00a0tendo em conta o contexto que \u00e9 aqui suscitado pelo regime autorit\u00e1rio e ditatorial?<\/strong><\/p>\n\n\n\n<p><mark style=\"background-color:rgba(0, 0, 0, 0)\" class=\"has-inline-color has-vivid-red-color\"><strong>Coletivo Organizador do Evento (EOV)<\/strong><\/mark> : O evento que organizamos tem uma filia\u00e7\u00e3o natural no campo disciplinar dos estudos liter\u00e1rios, embora a eles n\u00e3o se restrinja. Adotamos assim uma perspetiva que assenta na ideia de interdisciplinaridade e de abertura a outros dom\u00ednios do saber, capazes de iluminar, numa filosofia de complementaridade, o nosso objeto de estudo. Admitindo que a produ\u00e7\u00e3o liter\u00e1ria de mulheres escritoras durante o per\u00edodo do Estado Novo solicita um olhar poli\u00e9drico, a jornada integra na an\u00e1lise do liter\u00e1rio outras abordagens que se estendem da sociologia ao direito, passando pela hist\u00f3ria da cultura ou pelos estudos de g\u00e9nero e p\u00f3s-coloniais. Uma reflex\u00e3o sobre as condi\u00e7\u00f5es de produ\u00e7\u00e3o liter\u00e1ria das mulheres durante a ditadura vai a par de um \u00a0olhar atento sobre a\u00a0 dimens\u00e3o pol\u00edtica dessa \u00a0escrita imponde-se, portanto, uma \u00f3tica de di\u00e1logo e de cruzamento disciplinar.<\/p>\n\n\n\n<hr class=\"wp-block-separator is-style-default\"\/>\n\n\n\n<blockquote class=\"wp-block-quote has-text-align-center is-style-plain\"><p><em><strong>&#8220;Al\u00e9m&nbsp;da recolha de novos corpus de estudo em&nbsp;arquivos, constata-se um trabalho de &#8220;ver\/rever&#8221; o estado da arte, que se interessa em particular por temas silenciados&#8221;.<\/strong><\/em><\/p><cite>\u2014 Coletivo Organizador do Evento<\/cite><\/blockquote>\n\n\n\n<p><mark style=\"background-color:rgba(0, 0, 0, 0)\" class=\"has-inline-color has-vivid-red-color\"><strong>SF <\/strong><\/mark><strong>&#8211; Poder\u00e1 ser considerado como um elemento novo o fato de jovens investigadores da Academia, em Fran\u00e7a, se interessarem pelos temas da ditadura\/democracia em Portuga<\/strong><\/p>\n\n\n\n<p><mark style=\"background-color:rgba(0, 0, 0, 0)\" class=\"has-inline-color has-vivid-red-color\"><strong>COE <\/strong><\/mark>&#8211; Na \u00faltima d\u00e9cada\u00a0foram defendidas\u00a0em Fran\u00e7a v\u00e1rias teses de doutoramento\u00a0que estudam temas relacionados com ditadura\/democracia em Portugal.\u00a0H\u00e1 um novo surto de jovens investigadores que se\u00a0debru\u00e7am sobre as quest\u00f5es ditatoriais e p\u00f3s-ditatoriais, coloniais e p\u00f3s-coloniais. S\u00e3o estudos que se apoiam sobre metodologias e procedimentos inovadores, que s\u00e3o pluri e interdisiciplinares e se orientam para a hist\u00f3ria e hist\u00f3ria cultural e das ideias, literatura, artes visuais entre outros. Al\u00e9m\u00a0da recolha de novos corpus de estudo em\u00a0arquivos, constata-se um trabalho de &#8220;ver\/rever&#8221; o estado da arte, que se interessa em particular por temas silenciados.<\/p>\n\n\n\n<p><mark style=\"background-color:rgba(0, 0, 0, 0)\" class=\"has-inline-color has-vivid-red-color\"><strong>SF<\/strong><\/mark><strong> &#8211;  Que expectativas existem para as jornadas de outubro em Portugal que ter\u00e3o o mesmo tema de Nanterre, da pr\u00f3xima semana?<\/strong><\/p>\n\n\n\n<p><mark style=\"background-color:rgba(0, 0, 0, 0)\" class=\"has-inline-color has-vivid-red-color\"><strong>COE <\/strong><\/mark>&#8211; O Col\u00f3quio Internacional Escritoras no tempo da Ditadura Militar e do Estado Novo. Subvers\u00e3o e solidariedade feminista: o cinquenten\u00e1rio das <em>Novas cartas portuguesas, <\/em>que ter\u00e1 lugar a 13 e 14 de outubro de 2022, na Faculdade de Ci\u00eancias Sociais e Humanas, da Universidade Nova de Lisboa, \u00e9 uma continua\u00e7\u00e3o da reflex\u00e3o feita na Jornada de Paris Nanterre.<\/p>\n\n\n\n<p>Pretende-se homenagear o livro, escrito por Maria Isabel Barreno, Maria Teresa Horta e Maria Velho da Costa, mas focar-se-\u00e1 tamb\u00e9m na produ\u00e7\u00e3o das autoras portuguesas deste per\u00edodo, que foram, em parte, silenciadas pela imprensa coeva, maioritariamente masculina.<\/p>\n\n\n\n<p>Ser\u00e1 dado um grande destaque \u00e0s escritoras francesas desta \u00e9poca, lidas na l\u00edngua&nbsp; original ou atrav\u00e9s de tradu\u00e7\u00f5es, que tiveram uma grande influ\u00eancia na literatura portuguesa, escrita por mulheres. De igual forma, ter-se-\u00e1 em conta a solidariedade internacional que se teceu face \u00e0 persegui\u00e7\u00e3o judicial de que foram v\u00edtimas as autoras das <em>Novas cartas portuguesas.<\/em><\/p>\n\n\n\n<p>Este col\u00f3quio integra-se no projeto <em>Escritoras de l\u00edngua portuguesa no tempo da Ditadura Militar e do Estado Novo em Portugal, \u00c1frica, \u00c1sia e pa\u00edses de emigra\u00e7\u00e3o<\/em>, tendo como parceiros o IELT, CICS.NOVA\/Faces de Eva, da Faculdade de Ci\u00eancias Sociais e Humanas da Universidade Nova de Lisboa, e o CRILUS, UR \u00c9tudes Romanes, da Universidade Paris Nanterre.<\/p>\n\n\n\n<ul><li>Gon\u00e7alo Cordeiro<\/li><li>Gra\u00e7a Dos Santos<\/li><li>Idabel De Jesus<\/li><li>Teresa Almeida<\/li><li>Jos\u00e9 Manuel Esteves<\/li><\/ul>\n\n\n\n<p><\/p>\n\n\n\n<h2 class=\"wp-block-heading\" id=\"programa-em-frances\">Programa (em franc\u00eas)<\/h2>\n\n\n\n<ul><li>Dans le cadre du projet subventionn\u00e9\u2000 par la Fondation Calouste Gulbenkian :<\/li><li><strong>\u00c9crivaines portugaises pendant la dictature militaire et l\u2019\u00c9tat Nouveau \u2000<\/strong><\/li><li>IELT \/ CRILUS\/ CICS.NOVA-FACES DE EVA<\/li><li>24 f\u00e9vrier 2022 | 9 h 30 \u2013 17 h 30 | B\u00e2timent W | Amphith\u00e9\u00e2tre Max Weber<\/li><\/ul>\n\n\n\n<p><\/p>\n\n\n\n<p class=\"has-cyan-bluish-gray-background-color has-background\"><strong>PROGRAMME<\/strong><\/p>\n\n\n\n<p><strong>9 h 15 <\/strong>: Accueil des participant\u00b7e\u00b7s<\/p>\n\n\n\n<p><strong>9 h 30 <\/strong>: Ouverture de la journ\u00e9e d\u2019\u00e9tude<\/p>\n\n\n\n<p>Dani\u00e8le PAYCHA, directrice de l\u2019UFR LCE \u2013 Universit\u00e9 Paris Nanterre, Christophe MILESCHI, directeur de l\u2019UR \u00c9tudes Romanes, Gra\u00e7a DOS SANTOS, directrice du CRILUS, Teresa SOUSA DE ALMEIDA, responsable du projet &nbsp;\u00ab \u00c9crivaines &nbsp;portugaises &nbsp;pendant &nbsp;la &nbsp;dictature \u00bb &nbsp;(IELT\/CRILUS\/CICS.NOVA-FACES &nbsp;DE &nbsp;EVA), &nbsp;Isabel HENRIQUES DE JESUS, directrice de Faces de Eva, Jos\u00e9 Manuel ESTEVES, responsable de la Chaire Lindley Cintra, Cam\u00f5es, I. P, Adelaide CRIST\u00d3V\u00c3O, coordinatrice de l\u2019enseignement Portugais en France<\/p>\n\n\n\n<p class=\"has-cyan-bluish-gray-background-color has-background\"><strong>50 <\/strong><strong>ANS DE LA PARUTION DES <\/strong><strong><em>N<\/em><\/strong><strong><em>OUVELLES <\/em><\/strong><strong><em>L<\/em><\/strong><strong><em>ETTRES PORTUGAISES <\/em>: <\/strong><strong>LIENS AVEC LA F<\/strong><strong>RANCE<\/strong><\/p>\n\n\n\n<p>Mod\u00e9ratrice : Gra\u00e7a DOS SANTOS<\/p>\n\n\n\n<p><strong>10 h 00 : <\/strong>Teresa SOUSA DE ALMEIDA | Universit\u00e9 Nova de Lisboa \u2013 IELT<\/p>\n\n\n\n<p><em>L\u2019\u00c9nigme des <\/em>Lettres portugaises <em>et la d\u00e9construction de l\u2019institution litt\u00e9raire dans <\/em>Novas Cartas Portuguesas<\/p>\n\n\n\n<p><strong>10 h 20 : <\/strong>Ad\u00edlia CARVALHO | Universit\u00e9 du Luxembourg \u2013 IRMA, Cam\u00f5es, I.P.<\/p>\n\n\n\n<p><em>Vers une g\u00e9n\u00e9alogie de la r\u00e9ception de <\/em>Nouvelles Lettres Portugaises <em>en France<\/em><em><\/em><\/p>\n\n\n\n<ol type=\"1\"><li><strong>h 40 : <\/strong>Isabel HENRIQUES DE JESUS | Universit\u00e9 Nova de Lisboa \u2013 CICS.NOVA-FACES DE EVA<\/li><\/ol>\n\n\n\n<p><em>Violence et solitude dans <\/em>Novas Cartas Portuguesas <em>des \u00ab trois Marias \u00bb et <\/em>L\u2019\u00c9v\u00e9nement <em>d\u2019Annie Ernaux<\/em><\/p>\n\n\n\n<ol type=\"1\"><li><strong>h00 : <\/strong>D\u00e9bat<\/li><\/ol>\n\n\n\n<p><strong>11 h 20 : <\/strong>Pause<\/p>\n\n\n\n<p class=\"has-cyan-bluish-gray-background-color has-background\"><strong>L\u2019<\/strong><strong>AFFIRMATION DU FEMININ : <\/strong><strong>DE LA SPHERE INTIME A LA SPHERE DE L\u2019H<\/strong><strong>ISTOIRE<\/strong><\/p>\n\n\n\n<p>Mod\u00e9rateur : Jos\u00e9 Manuel ESTEVES<\/p>\n\n\n\n<p><strong>11 h 30 : <\/strong>Ana Lu\u00edsa VILELA | Universit\u00e9 d\u2019\u00c9vora \u2013 Centro de Literatura Portuguesa (Coimbra)<\/p>\n\n\n\n<p><em>Florbela Espanca, fatalement femme<\/em><\/p>\n\n\n\n<ol type=\"1\"><li><strong>h 50 : <\/strong>Alda Maria LENTINA | Universit\u00e9 Dalarna \u2013 KIG \/ LIT \/ CRIMIC (Paris)<\/li><\/ol>\n\n\n\n<p><em>L\u2019Histoire selon Agustina Bessa-Lu\u00eds : de la femme sans histoire aux femmes dans l\u2019Histoire<\/em><\/p>\n\n\n\n<ol type=\"1\"><li><strong>h 10 : <\/strong>D\u00e9bat<\/li><\/ol>\n\n\n\n<p><strong>12 h 30 \u2013 14 h 30 <\/strong>: Pause d\u00e9jeuner<\/p>\n\n\n\n<p class=\"has-cyan-bluish-gray-background-color has-background\"><strong>C<\/strong><strong>ONSTRUCTION DE L\u2019<\/strong><strong>IDENTITE ET ALTERITES<\/strong><strong><\/strong><\/p>\n\n\n\n<p>Mod\u00e9rateur : Gon\u00e7alo CORDEIRO<\/p>\n\n\n\n<p><strong>14 h 30 : <\/strong>Agn\u00e8s LEV\u00c9COT | Universit\u00e9 Sorbonne Nouvelle \u2013 CREPAL<\/p>\n\n\n\n<p><em>Le Paysage macanais selon Maria Ondina Braga dans <\/em>A China Fica ao lado<\/p>\n\n\n\n<ol type=\"1\"><li><strong>h 50 : <\/strong>Raquel SABINO | Universit\u00e9 d\u2019\u00c9vora<\/li><\/ol>\n\n\n\n<p><em>L\u2019Influence de l\u2019Autre dans la construction de l\u2019identit\u00e9 des personnages de Maria Judite de Carvalho<\/em><\/p>\n\n\n\n<ol type=\"1\"><li><strong>h 10 : <\/strong>Jos\u00e9 Manuel ESTEVES | Universit\u00e9 Paris Nanterre \u2013 CRILUS \/ Chaire Lindley Cintra, Cam\u00f5es, I. P. <em>Configurations familiales et interg\u00e9n\u00e9rationnelles en trois ouvrages des \u00e9crivaines Maria Archer, Maria Judite de Carvalho et Lu\u00edsa Dacosta<\/em><\/li><\/ol>\n\n\n\n<p><strong>15 h 30 : <\/strong>D\u00e9bat<\/p>\n\n\n\n<p class=\"has-cyan-bluish-gray-background-color has-background\"><strong>R<\/strong><strong>ESISTANCES : <\/strong><strong>MIGRATION, <\/strong><strong>GENRE ET FORMES LITTERAIRES EN MOUVEMENT<\/strong><\/p>\n\n\n\n<p>Mod\u00e9ratrice : Isabel HENRIQUES DE JESUS<\/p>\n\n\n\n<ol type=\"1\"><li><strong>h 50 : <\/strong>Gon\u00e7alo CORDEIRO | Universit\u00e9 Paris Nanterre \u2013 CRILUS<\/li><\/ol>\n\n\n\n<p><em>La Harpe suspendue : condition exilique, m\u00e9moire traumatique et impossible retour chez Ilse Losa<\/em><\/p>\n\n\n\n<ol type=\"1\"><li><strong>h 10 : <\/strong>Isabel VIEIRA | Universit\u00e9 Paris Nanterre \u2013 CRILUS<\/li><\/ol>\n\n\n\n<p><em>Les Femmes dans l\u2019\u0153uvre de Nita Cl\u00edmaco<\/em><\/p>\n\n\n\n<p><strong>16 h 30 : <\/strong>Rita NOVAS MIRANDA | Universit\u00e9 Paris Nanterre \u2013 CRILUS \/ ILCML (Porto)<\/p>\n\n\n\n<p><em>Du genre et de l\u2019ind\u00e9finition : les premi\u00e8res <\/em>Tisanas <em>d\u2019Ana Hatherly<\/em><em><\/em><\/p>\n\n\n\n<ol type=\"1\"><li><strong>h 50 : <\/strong>D\u00e9bat<\/li><li><strong>h 30 : <\/strong>Cl\u00f4ture<\/li><\/ol>\n\n\n\n<p><strong>Comit\u00e9 ex\u00e9cutif : <\/strong>Marina BERTRAND, Gon\u00e7alo CORDEIRO, Gra\u00e7a DOS SANTOS, Jos\u00e9 Manuel ESTEVES, Rita NOVAS MIRANDA<\/p>\n\n\n\n<figure class=\"wp-block-gallery has-nested-images columns-default is-cropped wp-block-gallery-5 is-layout-flex wp-block-gallery-is-layout-flex\">\n<figure class=\"wp-block-image size-full is-style-default\"><img decoding=\"async\" loading=\"lazy\" width=\"622\" height=\"872\" data-id=\"5205\" src=\"https:\/\/semfronteiras.eu\/wp-content\/uploads\/2022\/02\/catataz.jpg\" alt=\"\" class=\"wp-image-5205\" srcset=\"https:\/\/nsf.pt\/wp-content\/uploads\/2022\/02\/catataz.jpg 622w, https:\/\/nsf.pt\/wp-content\/uploads\/2022\/02\/catataz-214x300.jpg 214w\" sizes=\"(max-width: 622px) 100vw, 622px\" \/><\/figure>\n<\/figure>\n\n\n\n<p><\/p>\n\n\n\n<p><\/p>\n","protected":false},"excerpt":{"rendered":"<p>AGENDA | Jornadas de Estudo na Universidade de Nanterre | 24 de fevereiro de 2022&#8230;<\/p>\n","protected":false},"author":2,"featured_media":5206,"comment_status":"open","ping_status":"open","sticky":true,"template":"","format":"standard","meta":{"sfsi_plus_gutenberg_text_before_share":"","sfsi_plus_gutenberg_show_text_before_share":"","sfsi_plus_gutenberg_icon_type":"","sfsi_plus_gutenberg_icon_alignemt":"","sfsi_plus_gutenburg_max_per_row":"","ngg_post_thumbnail":0,"footnotes":""},"categories":[207],"tags":[290,291],"featured_image_urls":{"full":["https:\/\/nsf.pt\/wp-content\/uploads\/2022\/02\/naterre1-3.jpg",610,341,false],"thumbnail":["https:\/\/nsf.pt\/wp-content\/uploads\/2022\/02\/naterre1-3-150x150.jpg",150,150,true],"medium":["https:\/\/nsf.pt\/wp-content\/uploads\/2022\/02\/naterre1-3-300x168.jpg",300,168,true],"medium_large":["https:\/\/nsf.pt\/wp-content\/uploads\/2022\/02\/naterre1-3.jpg",610,341,false],"large":["https:\/\/nsf.pt\/wp-content\/uploads\/2022\/02\/naterre1-3.jpg",610,341,false],"1536x1536":["https:\/\/nsf.pt\/wp-content\/uploads\/2022\/02\/naterre1-3.jpg",610,341,false],"2048x2048":["https:\/\/nsf.pt\/wp-content\/uploads\/2022\/02\/naterre1-3.jpg",610,341,false],"covernews-slider-full":["https:\/\/nsf.pt\/wp-content\/uploads\/2022\/02\/naterre1-3.jpg",610,341,false],"covernews-slider-center":["https:\/\/nsf.pt\/wp-content\/uploads\/2022\/02\/naterre1-3.jpg",610,341,false],"covernews-featured":["https:\/\/nsf.pt\/wp-content\/uploads\/2022\/02\/naterre1-3.jpg",610,341,false],"covernews-medium":["https:\/\/nsf.pt\/wp-content\/uploads\/2022\/02\/naterre1-3-540x340.jpg",540,340,true],"covernews-medium-square":["https:\/\/nsf.pt\/wp-content\/uploads\/2022\/02\/naterre1-3-400x250.jpg",400,250,true]},"author_info":{"info":["Carlos Ribeiro"]},"category_info":"<a href=\"https:\/\/nsf.pt\/index.php\/category\/agenda-2\/\" rel=\"category tag\">AGENDA<\/a>","tag_info":"AGENDA","comment_count":"0","_links":{"self":[{"href":"https:\/\/nsf.pt\/index.php\/wp-json\/wp\/v2\/posts\/5201"}],"collection":[{"href":"https:\/\/nsf.pt\/index.php\/wp-json\/wp\/v2\/posts"}],"about":[{"href":"https:\/\/nsf.pt\/index.php\/wp-json\/wp\/v2\/types\/post"}],"author":[{"embeddable":true,"href":"https:\/\/nsf.pt\/index.php\/wp-json\/wp\/v2\/users\/2"}],"replies":[{"embeddable":true,"href":"https:\/\/nsf.pt\/index.php\/wp-json\/wp\/v2\/comments?post=5201"}],"version-history":[{"count":6,"href":"https:\/\/nsf.pt\/index.php\/wp-json\/wp\/v2\/posts\/5201\/revisions"}],"predecessor-version":[{"id":5212,"href":"https:\/\/nsf.pt\/index.php\/wp-json\/wp\/v2\/posts\/5201\/revisions\/5212"}],"wp:featuredmedia":[{"embeddable":true,"href":"https:\/\/nsf.pt\/index.php\/wp-json\/wp\/v2\/media\/5206"}],"wp:attachment":[{"href":"https:\/\/nsf.pt\/index.php\/wp-json\/wp\/v2\/media?parent=5201"}],"wp:term":[{"taxonomy":"category","embeddable":true,"href":"https:\/\/nsf.pt\/index.php\/wp-json\/wp\/v2\/categories?post=5201"},{"taxonomy":"post_tag","embeddable":true,"href":"https:\/\/nsf.pt\/index.php\/wp-json\/wp\/v2\/tags?post=5201"}],"curies":[{"name":"wp","href":"https:\/\/api.w.org\/{rel}","templated":true}]}}