{"id":5258,"date":"2022-02-26T01:06:05","date_gmt":"2022-02-26T01:06:05","guid":{"rendered":"https:\/\/semfronteiras.eu\/?p=5258"},"modified":"2022-02-26T01:06:11","modified_gmt":"2022-02-26T01:06:11","slug":"de-gaulle-e-a-europa","status":"publish","type":"post","link":"https:\/\/nsf.pt\/index.php\/2022\/02\/26\/de-gaulle-e-a-europa\/","title":{"rendered":"De Gaulle e a Europa"},"content":{"rendered":"\n<p><mark style=\"background-color:rgba(0, 0, 0, 0)\" class=\"has-inline-color has-vivid-red-color\"><strong>OPINI\u00c3O <\/strong><\/mark>| De Gaulle europeista esquecido<\/p>\n\n\n\n<figure class=\"wp-block-image size-full is-resized is-style-default\"><img decoding=\"async\" loading=\"lazy\" src=\"https:\/\/semfronteiras.eu\/wp-content\/uploads\/2022\/02\/hcostas334.jpg\" alt=\"\" class=\"wp-image-5260\" width=\"252\" height=\"223\" srcset=\"https:\/\/nsf.pt\/wp-content\/uploads\/2022\/02\/hcostas334.jpg 466w, https:\/\/nsf.pt\/wp-content\/uploads\/2022\/02\/hcostas334-300x265.jpg 300w\" sizes=\"(max-width: 252px) 100vw, 252px\" \/><\/figure>\n\n\n\n<h2 class=\"wp-block-heading\">Por H\u00e9lder Costa<\/h2>\n\n\n\n<p>Perten\u00e7o ao imenso grupo de europeus que est\u00e3o desiludidos com a n\u00e3o- interven\u00e7\u00e3o pol\u00edtica\u00a0 da Comunidade Europeia no actual conflito R\u00fassia \u2013 Ucr\u00e2nia.<\/p>\n\n\n\n<p class=\"has-drop-cap\">E lembrei-me de De Gaulle, general, pol\u00edtico e estadista franc\u00eas que liderou as For\u00e7as Francesas Livres durante a Segunda Guerra Mundial e presidiu ao Governo Provis\u00f3rio da Rep\u00fablica Francesa de 1944 a 1946, a fim de restabelecer a democracia na Fran\u00e7a. Foi eleito presidente de Fran\u00e7a \u00a0e concedeu a independ\u00eancia a Arg\u00e9lia contra os colonos <em>pieds-noirs<\/em> e os militares franceses, \u00a0o que motivou um dos atentados de que foi \u00a0alvo em 8 de Setembro de 1961, \u00a0pelo general Raoul Salan. Outros atentados foram em Paris, no ano de 1945, por atiradores furtivos alem\u00e3es\u00a0 e outro em 22 de Agosto de 1962, quando o seu carro foi crivado de balas. Ainda em 1963, seria desbaratado um compl\u00f4 na Escola Militar para o matar.<\/p>\n\n\n\n<p>Como se percebe, os p\u00e9tainistas que apoiaram Hitler tinham muita for\u00e7a anti\u2013democr\u00e1tica, o nazismo continuava, como j\u00e1 sabemos. At\u00e9 aos dias de hoje.<\/p>\n\n\n\n<p>De Gaulle empreendeu o desenvolvimento de armas nucleares francesas e promoveu uma pol\u00edtica externa pan-europeia, buscando livrar-se das influ\u00eancias norte-americana e brit\u00e2nica. Retirou a Fran\u00e7a do comando militar da OTAN \u00a0e lan\u00e7ou a palavra de ordem\u00a0 \u201cA Europa do Atl\u00e2ntico aos Urais!&#8221;, o que demonstra que n\u00e3o tinha medo do stalinismo do Staline e respeitava o\u00a0 enorme sacrif\u00edcio do povo russo com 25 milh\u00f5es de mortos causados pela Ofensiva Hitleriana. E tamb\u00e9m, em 1967, durante uma visita oficial ao Canad\u00e1, incentivou publicamente o Movimento pela independ\u00eancia de Quebec lan\u00e7ando o slogan dos separatistas: &#8220;Viva o Quebec livre!&#8221;.<\/p>\n\n\n\n<p>Viajou frequentemente pela Europa Oriental e por outras partes do mundo e reconheceu a China comunista.<\/p>\n\n\n\n<p>Para fim do mandato &nbsp;em maio de 1968 &nbsp;sofreu protestos generalizados de estudantes e trabalhadores. No entanto, sobreviveu \u00e0 crise com uma amplia\u00e7\u00e3o da maioria na Assembleia. Pouco depois, em 1969, depois de perder um referendo sobre a reforma do Senado e a regionaliza\u00e7\u00e3o, renunciou e faleceu no ano seguinte.<\/p>\n\n\n\n<p>Este \u00e9 um verdadeiro exemplo de um lutador pela EUROPA independente , progressista e pluralista.\u00a0\u00a0 Um exemplo infelizmente esquecido.\u00a0<\/p>\n\n\n\n<p>Foto \u00a9 Carlo<em>s Martins Pereira<\/em><\/p>\n","protected":false},"excerpt":{"rendered":"<p>OPINI\u00c3O | De Gaulle europeista esquecido Por H\u00e9lder Costa Perten\u00e7o ao imenso grupo de europeus&#8230;<\/p>\n","protected":false},"author":2,"featured_media":5260,"comment_status":"open","ping_status":"open","sticky":true,"template":"","format":"standard","meta":{"sfsi_plus_gutenberg_text_before_share":"","sfsi_plus_gutenberg_show_text_before_share":"","sfsi_plus_gutenberg_icon_type":"","sfsi_plus_gutenberg_icon_alignemt":"","sfsi_plus_gutenburg_max_per_row":"","ngg_post_thumbnail":0,"footnotes":""},"categories":[236,99],"tags":[268],"featured_image_urls":{"full":["https:\/\/nsf.pt\/wp-content\/uploads\/2022\/02\/hcostas334.jpg",466,412,false],"thumbnail":["https:\/\/nsf.pt\/wp-content\/uploads\/2022\/02\/hcostas334-150x150.jpg",150,150,true],"medium":["https:\/\/nsf.pt\/wp-content\/uploads\/2022\/02\/hcostas334-300x265.jpg",300,265,true],"medium_large":["https:\/\/nsf.pt\/wp-content\/uploads\/2022\/02\/hcostas334.jpg",466,412,false],"large":["https:\/\/nsf.pt\/wp-content\/uploads\/2022\/02\/hcostas334.jpg",466,412,false],"1536x1536":["https:\/\/nsf.pt\/wp-content\/uploads\/2022\/02\/hcostas334.jpg",466,412,false],"2048x2048":["https:\/\/nsf.pt\/wp-content\/uploads\/2022\/02\/hcostas334.jpg",466,412,false],"covernews-slider-full":["https:\/\/nsf.pt\/wp-content\/uploads\/2022\/02\/hcostas334.jpg",466,412,false],"covernews-slider-center":["https:\/\/nsf.pt\/wp-content\/uploads\/2022\/02\/hcostas334.jpg",466,412,false],"covernews-featured":["https:\/\/nsf.pt\/wp-content\/uploads\/2022\/02\/hcostas334.jpg",466,412,false],"covernews-medium":["https:\/\/nsf.pt\/wp-content\/uploads\/2022\/02\/hcostas334-466x340.jpg",466,340,true],"covernews-medium-square":["https:\/\/nsf.pt\/wp-content\/uploads\/2022\/02\/hcostas334-400x250.jpg",400,250,true]},"author_info":{"info":["Carlos Ribeiro"]},"category_info":"<a href=\"https:\/\/nsf.pt\/index.php\/category\/mundo\/\" rel=\"category tag\">MUNDO<\/a> <a href=\"https:\/\/nsf.pt\/index.php\/category\/opiniao\/\" rel=\"category tag\">OPINI\u00c3O<\/a>","tag_info":"OPINI\u00c3O","comment_count":"0","_links":{"self":[{"href":"https:\/\/nsf.pt\/index.php\/wp-json\/wp\/v2\/posts\/5258"}],"collection":[{"href":"https:\/\/nsf.pt\/index.php\/wp-json\/wp\/v2\/posts"}],"about":[{"href":"https:\/\/nsf.pt\/index.php\/wp-json\/wp\/v2\/types\/post"}],"author":[{"embeddable":true,"href":"https:\/\/nsf.pt\/index.php\/wp-json\/wp\/v2\/users\/2"}],"replies":[{"embeddable":true,"href":"https:\/\/nsf.pt\/index.php\/wp-json\/wp\/v2\/comments?post=5258"}],"version-history":[{"count":1,"href":"https:\/\/nsf.pt\/index.php\/wp-json\/wp\/v2\/posts\/5258\/revisions"}],"predecessor-version":[{"id":5261,"href":"https:\/\/nsf.pt\/index.php\/wp-json\/wp\/v2\/posts\/5258\/revisions\/5261"}],"wp:featuredmedia":[{"embeddable":true,"href":"https:\/\/nsf.pt\/index.php\/wp-json\/wp\/v2\/media\/5260"}],"wp:attachment":[{"href":"https:\/\/nsf.pt\/index.php\/wp-json\/wp\/v2\/media?parent=5258"}],"wp:term":[{"taxonomy":"category","embeddable":true,"href":"https:\/\/nsf.pt\/index.php\/wp-json\/wp\/v2\/categories?post=5258"},{"taxonomy":"post_tag","embeddable":true,"href":"https:\/\/nsf.pt\/index.php\/wp-json\/wp\/v2\/tags?post=5258"}],"curies":[{"name":"wp","href":"https:\/\/api.w.org\/{rel}","templated":true}]}}