{"id":6343,"date":"2022-04-28T15:19:08","date_gmt":"2022-04-28T15:19:08","guid":{"rendered":"https:\/\/semfronteiras.eu\/?p=6343"},"modified":"2022-04-28T15:19:14","modified_gmt":"2022-04-28T15:19:14","slug":"homenagem-a-jose-tengarrinha","status":"publish","type":"post","link":"https:\/\/nsf.pt\/index.php\/2022\/04\/28\/homenagem-a-jose-tengarrinha\/","title":{"rendered":"Homenagem a Jos\u00e9 Tengarrinha"},"content":{"rendered":"\n<p><mark style=\"background-color:rgba(0, 0, 0, 0)\" class=\"has-inline-color has-vivid-red-color\"><strong>AGENDA<\/strong><\/mark> | Dia 4 de maio 2022 | 18h00 | Arquivo Nacional da Torre do Tombo<\/p>\n\n\n\n<p>Por ocasi\u00e3o do 90.\u00ba anivers\u00e1rio de Jos\u00e9 Tengarrinha, celebra-se, no Arquivo Nacional Torre do Tombo, uma <a href=\"http:\/\/www.centrodehistoria-flul.com\/abertura\/jose-tengarrinha-sessao-de-homenagem-arquivo-nacional-torre-do-tombo-04052022-18h00-20h30\">sess\u00e3o de homenagem<\/a> com a presen\u00e7a de Martins Guerreiro, Margarida Tengarrinha, S\u00e9rgio Campos Matos, Maria Jo\u00e3o Duarte, Rui Tavares, Ant\u00f3nio Carvalho. A modera\u00e7\u00e3o estar\u00e1 a cargo de Isabel Mendes Lopes. Dia 4 de Maio de 2022, das 18h00 \u00e0s 20h03.<\/p>\n\n\n\n<figure class=\"wp-block-gallery has-nested-images columns-default is-cropped wp-block-gallery-1 is-layout-flex wp-block-gallery-is-layout-flex\">\n<figure class=\"wp-block-image size-large is-style-default\"><img decoding=\"async\" loading=\"lazy\" width=\"966\" height=\"669\" data-id=\"6344\" src=\"https:\/\/semfronteiras.eu\/wp-content\/uploads\/2022\/04\/tenfarrinha.jpg\" alt=\"\" class=\"wp-image-6344\" srcset=\"https:\/\/nsf.pt\/wp-content\/uploads\/2022\/04\/tenfarrinha.jpg 966w, https:\/\/nsf.pt\/wp-content\/uploads\/2022\/04\/tenfarrinha-300x208.jpg 300w, https:\/\/nsf.pt\/wp-content\/uploads\/2022\/04\/tenfarrinha-768x532.jpg 768w\" sizes=\"(max-width: 966px) 100vw, 966px\" \/><\/figure>\n<\/figure>\n\n\n\n<p><em>Fonte Centro de Hist\u00f3ria da Universidade de Lisboa<\/em><\/p>\n","protected":false},"excerpt":{"rendered":"<p>AGENDA | Dia 4 de maio 2022 | 18h00 | Arquivo Nacional da Torre do&#8230;<\/p>\n","protected":false},"author":2,"featured_media":6344,"comment_status":"open","ping_status":"open","sticky":true,"template":"","format":"standard","meta":{"sfsi_plus_gutenberg_text_before_share":"","sfsi_plus_gutenberg_show_text_before_share":"","sfsi_plus_gutenberg_icon_type":"","sfsi_plus_gutenberg_icon_alignemt":"","sfsi_plus_gutenburg_max_per_row":"","ngg_post_thumbnail":0,"footnotes":""},"categories":[207,93],"tags":[107],"featured_image_urls":{"full":["https:\/\/nsf.pt\/wp-content\/uploads\/2022\/04\/tenfarrinha.jpg",966,669,false],"thumbnail":["https:\/\/nsf.pt\/wp-content\/uploads\/2022\/04\/tenfarrinha-150x150.jpg",150,150,true],"medium":["https:\/\/nsf.pt\/wp-content\/uploads\/2022\/04\/tenfarrinha-300x208.jpg",300,208,true],"medium_large":["https:\/\/nsf.pt\/wp-content\/uploads\/2022\/04\/tenfarrinha-768x532.jpg",640,443,true],"large":["https:\/\/nsf.pt\/wp-content\/uploads\/2022\/04\/tenfarrinha.jpg",640,443,false],"1536x1536":["https:\/\/nsf.pt\/wp-content\/uploads\/2022\/04\/tenfarrinha.jpg",966,669,false],"2048x2048":["https:\/\/nsf.pt\/wp-content\/uploads\/2022\/04\/tenfarrinha.jpg",966,669,false],"covernews-slider-full":["https:\/\/nsf.pt\/wp-content\/uploads\/2022\/04\/tenfarrinha.jpg",966,669,false],"covernews-slider-center":["https:\/\/nsf.pt\/wp-content\/uploads\/2022\/04\/tenfarrinha-800x500.jpg",800,500,true],"covernews-featured":["https:\/\/nsf.pt\/wp-content\/uploads\/2022\/04\/tenfarrinha.jpg",966,669,false],"covernews-medium":["https:\/\/nsf.pt\/wp-content\/uploads\/2022\/04\/tenfarrinha-540x340.jpg",540,340,true],"covernews-medium-square":["https:\/\/nsf.pt\/wp-content\/uploads\/2022\/04\/tenfarrinha-400x250.jpg",400,250,true]},"author_info":{"info":["Carlos Ribeiro"]},"category_info":"<a href=\"https:\/\/nsf.pt\/index.php\/category\/agenda-2\/\" rel=\"category tag\">AGENDA<\/a> <a href=\"https:\/\/nsf.pt\/index.php\/category\/memorias-vivas\/combatentes-da-liberdade\/\" rel=\"category tag\">Combatentes da Liberdade<\/a>","tag_info":"Combatentes da Liberdade","comment_count":"0","_links":{"self":[{"href":"https:\/\/nsf.pt\/index.php\/wp-json\/wp\/v2\/posts\/6343"}],"collection":[{"href":"https:\/\/nsf.pt\/index.php\/wp-json\/wp\/v2\/posts"}],"about":[{"href":"https:\/\/nsf.pt\/index.php\/wp-json\/wp\/v2\/types\/post"}],"author":[{"embeddable":true,"href":"https:\/\/nsf.pt\/index.php\/wp-json\/wp\/v2\/users\/2"}],"replies":[{"embeddable":true,"href":"https:\/\/nsf.pt\/index.php\/wp-json\/wp\/v2\/comments?post=6343"}],"version-history":[{"count":1,"href":"https:\/\/nsf.pt\/index.php\/wp-json\/wp\/v2\/posts\/6343\/revisions"}],"predecessor-version":[{"id":6345,"href":"https:\/\/nsf.pt\/index.php\/wp-json\/wp\/v2\/posts\/6343\/revisions\/6345"}],"wp:featuredmedia":[{"embeddable":true,"href":"https:\/\/nsf.pt\/index.php\/wp-json\/wp\/v2\/media\/6344"}],"wp:attachment":[{"href":"https:\/\/nsf.pt\/index.php\/wp-json\/wp\/v2\/media?parent=6343"}],"wp:term":[{"taxonomy":"category","embeddable":true,"href":"https:\/\/nsf.pt\/index.php\/wp-json\/wp\/v2\/categories?post=6343"},{"taxonomy":"post_tag","embeddable":true,"href":"https:\/\/nsf.pt\/index.php\/wp-json\/wp\/v2\/tags?post=6343"}],"curies":[{"name":"wp","href":"https:\/\/api.w.org\/{rel}","templated":true}]}}