{"id":6705,"date":"2022-05-23T10:11:01","date_gmt":"2022-05-23T10:11:01","guid":{"rendered":"https:\/\/semfronteiras.eu\/?p=6705"},"modified":"2022-05-23T10:21:30","modified_gmt":"2022-05-23T10:21:30","slug":"resistencia-e-luta-pela-liberdade-marek-edelman","status":"publish","type":"post","link":"https:\/\/nsf.pt\/index.php\/2022\/05\/23\/resistencia-e-luta-pela-liberdade-marek-edelman\/","title":{"rendered":"Resist\u00eancia e luta pela liberdade, Marek Edelman"},"content":{"rendered":"\n<p><mark style=\"background-color:rgba(0, 0, 0, 0)\" class=\"has-inline-color has-vivid-red-color\"><strong>MUNDO<\/strong><\/mark> | DOSSI\u00ca Europa dos Cidad\u00e3os, da Resist\u00eancia e da Liberdade | Lodz &#8211; Pol\u00f3nia | maio 2022<\/p>\n\n\n\n<p>No \u00e2mbito do projeto Total Peace no qual a Aep61-74 tem participado realizou-se o 5\u00ba evento em Lodz, na Pol\u00f3nia, a 9 e 10 de maio 2022.<br>A institui\u00e7\u00e3o organizadora foi o <strong><a href=\"https:\/\/www.centrumdialogu.com\/\">Centrum Dialogu Marka Im. Edelman<\/a><\/strong>a que tem uma liga\u00e7\u00e3o muito estreita com a C\u00e2mara Municipal da cidade. O Centro foi criado em homenagem a Mark Edelman.<\/p>\n\n\n\n<p><br>Para al\u00e9m da visita ao Centro e de uma exposi\u00e7\u00e3o dedicada ao seu patrono, o programa incluiu uma visita ao antigo cemit\u00e9rio judeu, uma confer\u00eancia sobre o partido Bund de inspira\u00e7\u00e3o social democrata de que Marek Edelman foi membro, uma sess\u00e3o de can\u00e7\u00f5es da \u00e9poca e uma visita ao Museu dos T\u00eaxteis de grande tradi\u00e7\u00e3o em Lodz.<\/p>\n\n\n\n<figure class=\"wp-block-image size-large is-style-default\"><img decoding=\"async\" loading=\"lazy\" width=\"1024\" height=\"551\" src=\"https:\/\/semfronteiras.eu\/wp-content\/uploads\/2022\/05\/marek5-1024x551.jpg\" alt=\"\" class=\"wp-image-6710\" srcset=\"https:\/\/nsf.pt\/wp-content\/uploads\/2022\/05\/marek5-1024x551.jpg 1024w, https:\/\/nsf.pt\/wp-content\/uploads\/2022\/05\/marek5-300x162.jpg 300w, https:\/\/nsf.pt\/wp-content\/uploads\/2022\/05\/marek5-768x414.jpg 768w, https:\/\/nsf.pt\/wp-content\/uploads\/2022\/05\/marek5.jpg 1233w\" sizes=\"(max-width: 1024px) 100vw, 1024px\" \/><figcaption>Uma mensagem em favor da paz pelos participantes<\/figcaption><\/figure>\n\n\n\n<h2 class=\"wp-block-heading\">Narcisos<\/h2>\n\n\n\n<p>Finalmente a planta\u00e7\u00e3o de narcisos (flor escolhida para este 5\u00ba evento como s\u00edmbolo da paz), junto ao hospital onde Edelman trabalhou durante cerca de 40 anos depois da II Guerra Mundial.<br>Participaram por parte da Aep61-74 Jos\u00e9 Martins e Am\u00e9lia Resende.<\/p>\n\n\n\n<figure class=\"wp-block-gallery has-nested-images columns-default is-cropped wp-block-gallery-1 is-layout-flex wp-block-gallery-is-layout-flex\">\n<figure class=\"wp-block-image size-large is-style-default\"><img decoding=\"async\" loading=\"lazy\" width=\"635\" height=\"387\" data-id=\"6707\" src=\"https:\/\/semfronteiras.eu\/wp-content\/uploads\/2022\/05\/marek1-1.jpg\" alt=\"\" class=\"wp-image-6707\" srcset=\"https:\/\/nsf.pt\/wp-content\/uploads\/2022\/05\/marek1-1.jpg 635w, https:\/\/nsf.pt\/wp-content\/uploads\/2022\/05\/marek1-1-300x183.jpg 300w\" sizes=\"(max-width: 635px) 100vw, 635px\" \/><\/figure>\n\n\n\n<figure class=\"wp-block-image size-large is-style-default\"><img decoding=\"async\" loading=\"lazy\" width=\"1024\" height=\"507\" data-id=\"6711\" src=\"https:\/\/semfronteiras.eu\/wp-content\/uploads\/2022\/05\/marek6-1024x507.jpg\" alt=\"\" class=\"wp-image-6711\" srcset=\"https:\/\/nsf.pt\/wp-content\/uploads\/2022\/05\/marek6-1024x507.jpg 1024w, https:\/\/nsf.pt\/wp-content\/uploads\/2022\/05\/marek6-300x149.jpg 300w, https:\/\/nsf.pt\/wp-content\/uploads\/2022\/05\/marek6-768x380.jpg 768w, https:\/\/nsf.pt\/wp-content\/uploads\/2022\/05\/marek6.jpg 1240w\" sizes=\"(max-width: 1024px) 100vw, 1024px\" \/><\/figure>\n<\/figure>\n\n\n\n<figure class=\"wp-block-gallery has-nested-images columns-default is-cropped wp-block-gallery-3 is-layout-flex wp-block-gallery-is-layout-flex\">\n<figure class=\"wp-block-image size-large is-style-default\"><img decoding=\"async\" loading=\"lazy\" width=\"694\" height=\"165\" data-id=\"6718\" src=\"https:\/\/semfronteiras.eu\/wp-content\/uploads\/2022\/05\/marek8-1.jpg\" alt=\"\" class=\"wp-image-6718\" srcset=\"https:\/\/nsf.pt\/wp-content\/uploads\/2022\/05\/marek8-1.jpg 694w, https:\/\/nsf.pt\/wp-content\/uploads\/2022\/05\/marek8-1-300x71.jpg 300w\" sizes=\"(max-width: 694px) 100vw, 694px\" \/><\/figure>\n<\/figure>\n\n\n\n<h2 class=\"wp-block-heading\">Marek Edelman<\/h2>\n\n\n\n<h3 class=\"wp-block-heading\">Insurrei\u00e7\u00e3o do Gueto de Vars\u00f3via<\/h3>\n\n\n\n<p>Marek Edelman, o personagem central deste evento, nasceu na Bielor\u00fassia em 1921, mas viveu na Pol\u00f3nia desde os treze anos. Foi membro ativo do Bund e do Partido Judeu Socialista dos Trabalhadores que lutavam por uma Pol\u00f3nia socialista que respeitasse os direitos das minorias.<br><br>Participou na cria\u00e7\u00e3o da Organiza\u00e7\u00e3o Judaica de Combate, que juntava jovens judeus que queriam resistir \u00e0 opress\u00e3o alem\u00e3, tornando-se l\u00edder em 1943 da Insurrei\u00e7\u00e3o do Gueto de Vars\u00f3via, sendo dos poucos que sobreviveram escapando atrav\u00e9s dos t\u00faneis de esgoto, participando mais uma vez, um ano depois, na grande Revolta de Vars\u00f3via.<\/p>\n\n\n\n<p><\/p>\n\n\n\n<h2 class=\"wp-block-heading\">Mark Edelman<\/h2>\n\n\n\n<h3 class=\"wp-block-heading\">Solidarnosc<\/h3>\n\n\n\n<p>Depois da guerra permaneceu na Pol\u00f3nia trabalhando como cirurgi\u00e3o em Lodz durante&nbsp; 40 anos, Nos anos 1970, envolveu-se na oposi\u00e7\u00e3o democr\u00e1tica como membro ativo do Comit\u00e9 de Defesa dos Trabalhadores e mais tarde em 1989 do Solidarnosc, sendo posteriormente eleito deputado, falecendo em 2009.<\/p>\n\n\n\n<p>Escreveu&nbsp;<em>Resistindo ao Holocausto, a luta no Gueto de Vars\u00f3via<\/em>, sobre a hist\u00f3ria da resist\u00eancia durante a guerra contra a ocupa\u00e7\u00e3o nazi.<\/p>\n\n\n\n<figure class=\"wp-block-gallery has-nested-images columns-default is-cropped wp-block-gallery-5 is-layout-flex wp-block-gallery-is-layout-flex\">\n<figure class=\"wp-block-image size-large is-style-default\"><img decoding=\"async\" loading=\"lazy\" width=\"1024\" height=\"541\" data-id=\"6714\" src=\"https:\/\/semfronteiras.eu\/wp-content\/uploads\/2022\/05\/marek2-1-1024x541.jpg\" alt=\"\" class=\"wp-image-6714\" srcset=\"https:\/\/nsf.pt\/wp-content\/uploads\/2022\/05\/marek2-1-1024x541.jpg 1024w, https:\/\/nsf.pt\/wp-content\/uploads\/2022\/05\/marek2-1-300x159.jpg 300w, https:\/\/nsf.pt\/wp-content\/uploads\/2022\/05\/marek2-1-768x406.jpg 768w, https:\/\/nsf.pt\/wp-content\/uploads\/2022\/05\/marek2-1.jpg 1192w\" sizes=\"(max-width: 1024px) 100vw, 1024px\" \/><\/figure>\n\n\n\n<figure class=\"wp-block-image size-large is-style-default\"><img decoding=\"async\" loading=\"lazy\" width=\"700\" height=\"470\" data-id=\"6713\" src=\"https:\/\/semfronteiras.eu\/wp-content\/uploads\/2022\/05\/marek3-1.jpg\" alt=\"\" class=\"wp-image-6713\" srcset=\"https:\/\/nsf.pt\/wp-content\/uploads\/2022\/05\/marek3-1.jpg 700w, https:\/\/nsf.pt\/wp-content\/uploads\/2022\/05\/marek3-1-300x201.jpg 300w\" sizes=\"(max-width: 700px) 100vw, 700px\" \/><\/figure>\n<\/figure>\n\n\n\n<figure class=\"wp-block-gallery has-nested-images columns-default is-cropped wp-block-gallery-7 is-layout-flex wp-block-gallery-is-layout-flex\">\n<figure class=\"wp-block-image size-large is-style-default\"><img decoding=\"async\" loading=\"lazy\" width=\"1024\" height=\"411\" data-id=\"6716\" src=\"https:\/\/semfronteiras.eu\/wp-content\/uploads\/2022\/05\/marek4-1024x411.jpg\" alt=\"\" class=\"wp-image-6716\" srcset=\"https:\/\/nsf.pt\/wp-content\/uploads\/2022\/05\/marek4-1024x411.jpg 1024w, https:\/\/nsf.pt\/wp-content\/uploads\/2022\/05\/marek4-300x121.jpg 300w, https:\/\/nsf.pt\/wp-content\/uploads\/2022\/05\/marek4-768x309.jpg 768w, https:\/\/nsf.pt\/wp-content\/uploads\/2022\/05\/marek4.jpg 1272w\" sizes=\"(max-width: 1024px) 100vw, 1024px\" \/><\/figure>\n<\/figure>\n\n\n\n<p>F<em>otos \u00a9 Total Peace<\/em> | Foto de destaque \u00a9 Aventuras na Hist\u00f3ria | EDITADO CR\/Sem Fronteiras<\/p>\n\n\n\n<p><\/p>\n\n\n\n<figure class=\"wp-block-image size-large is-style-default\"><img decoding=\"async\" loading=\"lazy\" width=\"1024\" height=\"391\" src=\"https:\/\/semfronteiras.eu\/wp-content\/uploads\/2022\/05\/jmear-1024x391.jpg\" alt=\"\" class=\"wp-image-6719\" srcset=\"https:\/\/nsf.pt\/wp-content\/uploads\/2022\/05\/jmear-1024x391.jpg 1024w, https:\/\/nsf.pt\/wp-content\/uploads\/2022\/05\/jmear-300x114.jpg 300w, https:\/\/nsf.pt\/wp-content\/uploads\/2022\/05\/jmear-768x293.jpg 768w, https:\/\/nsf.pt\/wp-content\/uploads\/2022\/05\/jmear.jpg 1132w\" sizes=\"(max-width: 1024px) 100vw, 1024px\" \/><\/figure>\n","protected":false},"excerpt":{"rendered":"<p>MUNDO | DOSSI\u00ca Europa dos Cidad\u00e3os, da Resist\u00eancia e da Liberdade | Lodz &#8211; Pol\u00f3nia&#8230;<\/p>\n","protected":false},"author":2,"featured_media":6720,"comment_status":"open","ping_status":"open","sticky":true,"template":"","format":"standard","meta":{"sfsi_plus_gutenberg_text_before_share":"","sfsi_plus_gutenberg_show_text_before_share":"","sfsi_plus_gutenberg_icon_type":"","sfsi_plus_gutenberg_icon_alignemt":"","sfsi_plus_gutenburg_max_per_row":"","ngg_post_thumbnail":0,"footnotes":""},"categories":[238],"tags":[184],"featured_image_urls":{"full":["https:\/\/nsf.pt\/wp-content\/uploads\/2022\/05\/marek12.jpg",417,300,false],"thumbnail":["https:\/\/nsf.pt\/wp-content\/uploads\/2022\/05\/marek12-150x150.jpg",150,150,true],"medium":["https:\/\/nsf.pt\/wp-content\/uploads\/2022\/05\/marek12-300x216.jpg",300,216,true],"medium_large":["https:\/\/nsf.pt\/wp-content\/uploads\/2022\/05\/marek12.jpg",417,300,false],"large":["https:\/\/nsf.pt\/wp-content\/uploads\/2022\/05\/marek12.jpg",417,300,false],"1536x1536":["https:\/\/nsf.pt\/wp-content\/uploads\/2022\/05\/marek12.jpg",417,300,false],"2048x2048":["https:\/\/nsf.pt\/wp-content\/uploads\/2022\/05\/marek12.jpg",417,300,false],"covernews-slider-full":["https:\/\/nsf.pt\/wp-content\/uploads\/2022\/05\/marek12.jpg",417,300,false],"covernews-slider-center":["https:\/\/nsf.pt\/wp-content\/uploads\/2022\/05\/marek12.jpg",417,300,false],"covernews-featured":["https:\/\/nsf.pt\/wp-content\/uploads\/2022\/05\/marek12.jpg",417,300,false],"covernews-medium":["https:\/\/nsf.pt\/wp-content\/uploads\/2022\/05\/marek12.jpg",417,300,false],"covernews-medium-square":["https:\/\/nsf.pt\/wp-content\/uploads\/2022\/05\/marek12-400x250.jpg",400,250,true]},"author_info":{"info":["Carlos Ribeiro"]},"category_info":"<a href=\"https:\/\/nsf.pt\/index.php\/category\/destaque\/\" rel=\"category tag\">DESTAQUE<\/a>","tag_info":"DESTAQUE","comment_count":"0","_links":{"self":[{"href":"https:\/\/nsf.pt\/index.php\/wp-json\/wp\/v2\/posts\/6705"}],"collection":[{"href":"https:\/\/nsf.pt\/index.php\/wp-json\/wp\/v2\/posts"}],"about":[{"href":"https:\/\/nsf.pt\/index.php\/wp-json\/wp\/v2\/types\/post"}],"author":[{"embeddable":true,"href":"https:\/\/nsf.pt\/index.php\/wp-json\/wp\/v2\/users\/2"}],"replies":[{"embeddable":true,"href":"https:\/\/nsf.pt\/index.php\/wp-json\/wp\/v2\/comments?post=6705"}],"version-history":[{"count":2,"href":"https:\/\/nsf.pt\/index.php\/wp-json\/wp\/v2\/posts\/6705\/revisions"}],"predecessor-version":[{"id":6722,"href":"https:\/\/nsf.pt\/index.php\/wp-json\/wp\/v2\/posts\/6705\/revisions\/6722"}],"wp:featuredmedia":[{"embeddable":true,"href":"https:\/\/nsf.pt\/index.php\/wp-json\/wp\/v2\/media\/6720"}],"wp:attachment":[{"href":"https:\/\/nsf.pt\/index.php\/wp-json\/wp\/v2\/media?parent=6705"}],"wp:term":[{"taxonomy":"category","embeddable":true,"href":"https:\/\/nsf.pt\/index.php\/wp-json\/wp\/v2\/categories?post=6705"},{"taxonomy":"post_tag","embeddable":true,"href":"https:\/\/nsf.pt\/index.php\/wp-json\/wp\/v2\/tags?post=6705"}],"curies":[{"name":"wp","href":"https:\/\/api.w.org\/{rel}","templated":true}]}}