{"id":6797,"date":"2022-05-26T07:10:56","date_gmt":"2022-05-26T07:10:56","guid":{"rendered":"https:\/\/semfronteiras.eu\/?p=6797"},"modified":"2022-07-03T23:46:15","modified_gmt":"2022-07-03T23:46:15","slug":"o-helder-esta-bem","status":"publish","type":"post","link":"https:\/\/nsf.pt\/index.php\/2022\/05\/26\/o-helder-esta-bem\/","title":{"rendered":"O H\u00e9lder est\u00e1 bem!"},"content":{"rendered":"\n<p>SEM FRONTEIRAS | 26 de mar\u00e7o 2022<\/p>\n\n\n\n<p>O Helder est\u00e1 bem. Esta frase curta e tranquilizadora seria suficiente para todos aqueles que nos \u00faltimos dias t\u00eam procurado not\u00edcias sobre a sa\u00fade do amigo, camarada e companheiro de todas as lutas que, como ele pr\u00f3prio afirmou h\u00e1 uns dias no Porto, na Associa\u00e7\u00e3o dos Jornalistas e Homens de Letras do Porto, n\u00e3o desistimos porque ainda temos muito para fazer.<\/p>\n\n\n\n<p>O H\u00e9lder Costa \u00e9 o teatro. \u00c9 a resist\u00eancia antifascista. \u00c9 a organiza\u00e7\u00e3o do grande palco da luta por novas refer\u00eancias ideol\u00f3gicas, pol\u00edticas e culturais. \u00c8 a esquerda sincera. \u00c9 a mesa de amigos que conspiram abertamente contra os conservadorismos diversos que atravessam os nossos dias. <\/p>\n\n\n\n<p>At\u00e9 breve na A Barraca, por aqui no SEM FRONTEIRAS e por a\u00ed nesses becos e travessas do labirinto da vida. Um abra\u00e7o de todos  os que colaboram e escrevem neste espa\u00e7o de comunica\u00e7\u00e3o colaborativa que tamb\u00e9m \u00e9 teu!<\/p>\n\n\n\n<p>Nota: Carlos Pereira Martins tem acompanhado o H\u00e9lder e da sua visita mais recente publicou duas fotos que aqui reproduzimos,<\/p>\n\n\n\n<figure class=\"wp-block-gallery has-nested-images columns-default is-cropped wp-block-gallery-1 is-layout-flex wp-block-gallery-is-layout-flex\">\n<figure class=\"wp-block-image size-large is-style-default\"><img decoding=\"async\" loading=\"lazy\" width=\"1024\" height=\"768\" data-id=\"6798\" src=\"https:\/\/semfronteiras.eu\/wp-content\/uploads\/2022\/05\/Helder-1-1024x768.jpeg\" alt=\"\" class=\"wp-image-6798\" srcset=\"https:\/\/nsf.pt\/wp-content\/uploads\/2022\/05\/Helder-1-1024x768.jpeg 1024w, https:\/\/nsf.pt\/wp-content\/uploads\/2022\/05\/Helder-1-300x225.jpeg 300w, https:\/\/nsf.pt\/wp-content\/uploads\/2022\/05\/Helder-1-768x576.jpeg 768w, https:\/\/nsf.pt\/wp-content\/uploads\/2022\/05\/Helder-1.jpeg 1280w\" sizes=\"(max-width: 1024px) 100vw, 1024px\" \/><\/figure>\n\n\n\n<figure class=\"wp-block-image size-large is-style-default\"><img decoding=\"async\" loading=\"lazy\" width=\"1024\" height=\"768\" data-id=\"6799\" src=\"https:\/\/semfronteiras.eu\/wp-content\/uploads\/2022\/05\/He\u0301lder-4-1024x768.jpeg\" alt=\"\" class=\"wp-image-6799\" srcset=\"https:\/\/nsf.pt\/wp-content\/uploads\/2022\/05\/He\u0301lder-4-1024x768.jpeg 1024w, https:\/\/nsf.pt\/wp-content\/uploads\/2022\/05\/He\u0301lder-4-300x225.jpeg 300w, https:\/\/nsf.pt\/wp-content\/uploads\/2022\/05\/He\u0301lder-4-768x576.jpeg 768w, https:\/\/nsf.pt\/wp-content\/uploads\/2022\/05\/He\u0301lder-4.jpeg 1280w\" sizes=\"(max-width: 1024px) 100vw, 1024px\" \/><\/figure>\n<\/figure>\n","protected":false},"excerpt":{"rendered":"<p>SEM FRONTEIRAS | 26 de mar\u00e7o 2022 O Helder est\u00e1 bem. Esta frase curta e&#8230;<\/p>\n","protected":false},"author":2,"featured_media":6798,"comment_status":"open","ping_status":"open","sticky":true,"template":"","format":"standard","meta":{"sfsi_plus_gutenberg_text_before_share":"","sfsi_plus_gutenberg_show_text_before_share":"","sfsi_plus_gutenberg_icon_type":"","sfsi_plus_gutenberg_icon_alignemt":"","sfsi_plus_gutenburg_max_per_row":"","ngg_post_thumbnail":0,"footnotes":""},"categories":[1],"tags":[66],"featured_image_urls":{"full":["https:\/\/nsf.pt\/wp-content\/uploads\/2022\/05\/Helder-1.jpeg",1280,960,false],"thumbnail":["https:\/\/nsf.pt\/wp-content\/uploads\/2022\/05\/Helder-1-150x150.jpeg",150,150,true],"medium":["https:\/\/nsf.pt\/wp-content\/uploads\/2022\/05\/Helder-1-300x225.jpeg",300,225,true],"medium_large":["https:\/\/nsf.pt\/wp-content\/uploads\/2022\/05\/Helder-1-768x576.jpeg",640,480,true],"large":["https:\/\/nsf.pt\/wp-content\/uploads\/2022\/05\/Helder-1-1024x768.jpeg",640,480,true],"1536x1536":["https:\/\/nsf.pt\/wp-content\/uploads\/2022\/05\/Helder-1.jpeg",1280,960,false],"2048x2048":["https:\/\/nsf.pt\/wp-content\/uploads\/2022\/05\/Helder-1.jpeg",1280,960,false],"covernews-slider-full":["https:\/\/nsf.pt\/wp-content\/uploads\/2022\/05\/Helder-1-1115x715.jpeg",1115,715,true],"covernews-slider-center":["https:\/\/nsf.pt\/wp-content\/uploads\/2022\/05\/Helder-1-800x500.jpeg",800,500,true],"covernews-featured":["https:\/\/nsf.pt\/wp-content\/uploads\/2022\/05\/Helder-1-1024x768.jpeg",1024,768,true],"covernews-medium":["https:\/\/nsf.pt\/wp-content\/uploads\/2022\/05\/Helder-1-540x340.jpeg",540,340,true],"covernews-medium-square":["https:\/\/nsf.pt\/wp-content\/uploads\/2022\/05\/Helder-1-400x250.jpeg",400,250,true]},"author_info":{"info":["Carlos Ribeiro"]},"category_info":"<a href=\"https:\/\/nsf.pt\/index.php\/category\/uncategorized\/\" rel=\"category tag\">Uncategorized<\/a>","tag_info":"Uncategorized","comment_count":"0","_links":{"self":[{"href":"https:\/\/nsf.pt\/index.php\/wp-json\/wp\/v2\/posts\/6797"}],"collection":[{"href":"https:\/\/nsf.pt\/index.php\/wp-json\/wp\/v2\/posts"}],"about":[{"href":"https:\/\/nsf.pt\/index.php\/wp-json\/wp\/v2\/types\/post"}],"author":[{"embeddable":true,"href":"https:\/\/nsf.pt\/index.php\/wp-json\/wp\/v2\/users\/2"}],"replies":[{"embeddable":true,"href":"https:\/\/nsf.pt\/index.php\/wp-json\/wp\/v2\/comments?post=6797"}],"version-history":[{"count":1,"href":"https:\/\/nsf.pt\/index.php\/wp-json\/wp\/v2\/posts\/6797\/revisions"}],"predecessor-version":[{"id":6800,"href":"https:\/\/nsf.pt\/index.php\/wp-json\/wp\/v2\/posts\/6797\/revisions\/6800"}],"wp:featuredmedia":[{"embeddable":true,"href":"https:\/\/nsf.pt\/index.php\/wp-json\/wp\/v2\/media\/6798"}],"wp:attachment":[{"href":"https:\/\/nsf.pt\/index.php\/wp-json\/wp\/v2\/media?parent=6797"}],"wp:term":[{"taxonomy":"category","embeddable":true,"href":"https:\/\/nsf.pt\/index.php\/wp-json\/wp\/v2\/categories?post=6797"},{"taxonomy":"post_tag","embeddable":true,"href":"https:\/\/nsf.pt\/index.php\/wp-json\/wp\/v2\/tags?post=6797"}],"curies":[{"name":"wp","href":"https:\/\/api.w.org\/{rel}","templated":true}]}}