{"id":8426,"date":"2022-11-24T17:07:34","date_gmt":"2022-11-24T17:07:34","guid":{"rendered":"https:\/\/semfronteiras.eu\/?p=8426"},"modified":"2022-12-06T23:11:19","modified_gmt":"2022-12-06T23:11:19","slug":"tome-no-outro-25","status":"publish","type":"post","link":"https:\/\/nsf.pt\/index.php\/2022\/11\/24\/tome-no-outro-25\/","title":{"rendered":"Tom\u00e9  no outro 25"},"content":{"rendered":"\n<p>24 de novembro, 2022<\/p>\n\n\n\n<h2 class=\"wp-block-heading\">INFO VIVA O PREC | <mark style=\"background-color:rgba(0, 0, 0, 0)\" class=\"has-inline-color has-vivid-red-color\">AGENDA<\/mark><\/h2>\n\n\n\n<p>Vai ser um debate no qual o conhecido militar de abril M\u00e1rio Tom\u00e9 testemunhar\u00e1 sobre os acontecimentos do 25 de novembro. Na conversa ser\u00e1 acompanhado por Ana Barradas uma defensora do movimento que ganhou express\u00e3o pol\u00edtica como PREC, que recorde-se significa Processo Revolucion\u00e1rio em Curso.<\/p>\n\n\n\n<p>O evento \u00e9 divulgado pelos organizadores nos seguintes termos:<\/p>\n\n\n\n<h2 class=\"wp-block-heading\">25 de Novembro de 1975: Abril sob liberdade vigiada | com M\u00e1rio Tom\u00e9 e Ana Barradas<\/h2>\n\n\n\n<p><mark style=\"background-color:rgba(0, 0, 0, 0)\" class=\"has-inline-color has-vivid-red-color\"><strong>Sexta-feira, 25 de Novembro, \u00e0s 18h00<\/strong><\/mark><\/p>\n\n\n\n<p>Numa iniciativa da Comiss\u00e3o Comemorativa do Movimento Popular do 25 de Abril \u2013 Viva o PREC!, recebemos na Tigre de Papel uma conversa sobre os acontecimentos do dia 25 de Novembro de 1975 e tudo o que ficou por fazer a partir deste dia. Contamos com os testemunhos de M\u00e1rio Tom\u00e9 e Ana Barradas que viveram este dia no Quartel da Ajuda.<\/p>\n\n\n\n<p>M\u00e1rio Tom\u00e9 \u2013 durante o PREC foi o segundo comandante do Regimento de Pol\u00edcia Militar de Lisboa, unidade do ex\u00e9rcito que se destacou pelo apoio ao movimento popular ap\u00f3s o 25 de Abril. Unidade onde se registaram os confrontos com os comandos de Jaime Neves, de que resultaram tr\u00eas mortos no 25 de Novembro. Viria a ser deputado na Assembleia da Rep\u00fablica, eleito pela UDP.<\/p>\n\n\n\n<p>Ana Barradas \u2013 Autora, editora e jornalista. Ativista de longa data, com intensa participa\u00e7\u00e3o nas a\u00e7\u00f5es populares ap\u00f3s o 25 de Abril.<\/p>\n\n\n\n<div style=\"height:11px\" aria-hidden=\"true\" class=\"wp-block-spacer\"><\/div>\n\n\n\n<figure class=\"wp-block-gallery has-nested-images columns-default is-cropped wp-block-gallery-1 is-layout-flex wp-block-gallery-is-layout-flex\">\n<figure class=\"wp-block-image size-large is-style-default\"><img decoding=\"async\" loading=\"lazy\" width=\"1024\" height=\"571\" data-id=\"8427\" src=\"https:\/\/semfronteiras.eu\/wp-content\/uploads\/2022\/11\/25-de-novembro-1024x571.jpg\" alt=\"\" class=\"wp-image-8427\" srcset=\"https:\/\/nsf.pt\/wp-content\/uploads\/2022\/11\/25-de-novembro-1024x571.jpg 1024w, https:\/\/nsf.pt\/wp-content\/uploads\/2022\/11\/25-de-novembro-300x167.jpg 300w, https:\/\/nsf.pt\/wp-content\/uploads\/2022\/11\/25-de-novembro-768x429.jpg 768w, https:\/\/nsf.pt\/wp-content\/uploads\/2022\/11\/25-de-novembro.jpg 1034w\" sizes=\"(max-width: 1024px) 100vw, 1024px\" \/><\/figure>\n<\/figure>\n","protected":false},"excerpt":{"rendered":"<p>24 de novembro, 2022 INFO VIVA O PREC | AGENDA Vai ser um debate no&#8230;<\/p>\n","protected":false},"author":2,"featured_media":8427,"comment_status":"open","ping_status":"open","sticky":false,"template":"","format":"standard","meta":{"sfsi_plus_gutenberg_text_before_share":"","sfsi_plus_gutenberg_show_text_before_share":"","sfsi_plus_gutenberg_icon_type":"","sfsi_plus_gutenberg_icon_alignemt":"","sfsi_plus_gutenburg_max_per_row":"","ngg_post_thumbnail":0,"footnotes":""},"categories":[207,3],"tags":[397],"featured_image_urls":{"full":["https:\/\/nsf.pt\/wp-content\/uploads\/2022\/11\/25-de-novembro.jpg",1034,577,false],"thumbnail":["https:\/\/nsf.pt\/wp-content\/uploads\/2022\/11\/25-de-novembro-150x150.jpg",150,150,true],"medium":["https:\/\/nsf.pt\/wp-content\/uploads\/2022\/11\/25-de-novembro-300x167.jpg",300,167,true],"medium_large":["https:\/\/nsf.pt\/wp-content\/uploads\/2022\/11\/25-de-novembro-768x429.jpg",640,358,true],"large":["https:\/\/nsf.pt\/wp-content\/uploads\/2022\/11\/25-de-novembro-1024x571.jpg",640,357,true],"1536x1536":["https:\/\/nsf.pt\/wp-content\/uploads\/2022\/11\/25-de-novembro.jpg",1034,577,false],"2048x2048":["https:\/\/nsf.pt\/wp-content\/uploads\/2022\/11\/25-de-novembro.jpg",1034,577,false],"covernews-slider-full":["https:\/\/nsf.pt\/wp-content\/uploads\/2022\/11\/25-de-novembro.jpg",1034,577,false],"covernews-slider-center":["https:\/\/nsf.pt\/wp-content\/uploads\/2022\/11\/25-de-novembro-800x500.jpg",800,500,true],"covernews-featured":["https:\/\/nsf.pt\/wp-content\/uploads\/2022\/11\/25-de-novembro-1024x571.jpg",1024,571,true],"covernews-medium":["https:\/\/nsf.pt\/wp-content\/uploads\/2022\/11\/25-de-novembro-540x340.jpg",540,340,true],"covernews-medium-square":["https:\/\/nsf.pt\/wp-content\/uploads\/2022\/11\/25-de-novembro-400x250.jpg",400,250,true]},"author_info":{"info":["Carlos Ribeiro"]},"category_info":"<a href=\"https:\/\/nsf.pt\/index.php\/category\/agenda-2\/\" rel=\"category tag\">AGENDA<\/a> <a href=\"https:\/\/nsf.pt\/index.php\/category\/cooperacao\/\" rel=\"category tag\">COOPERA\u00c7\u00c3O<\/a>","tag_info":"COOPERA\u00c7\u00c3O","comment_count":"0","_links":{"self":[{"href":"https:\/\/nsf.pt\/index.php\/wp-json\/wp\/v2\/posts\/8426"}],"collection":[{"href":"https:\/\/nsf.pt\/index.php\/wp-json\/wp\/v2\/posts"}],"about":[{"href":"https:\/\/nsf.pt\/index.php\/wp-json\/wp\/v2\/types\/post"}],"author":[{"embeddable":true,"href":"https:\/\/nsf.pt\/index.php\/wp-json\/wp\/v2\/users\/2"}],"replies":[{"embeddable":true,"href":"https:\/\/nsf.pt\/index.php\/wp-json\/wp\/v2\/comments?post=8426"}],"version-history":[{"count":2,"href":"https:\/\/nsf.pt\/index.php\/wp-json\/wp\/v2\/posts\/8426\/revisions"}],"predecessor-version":[{"id":8557,"href":"https:\/\/nsf.pt\/index.php\/wp-json\/wp\/v2\/posts\/8426\/revisions\/8557"}],"wp:featuredmedia":[{"embeddable":true,"href":"https:\/\/nsf.pt\/index.php\/wp-json\/wp\/v2\/media\/8427"}],"wp:attachment":[{"href":"https:\/\/nsf.pt\/index.php\/wp-json\/wp\/v2\/media?parent=8426"}],"wp:term":[{"taxonomy":"category","embeddable":true,"href":"https:\/\/nsf.pt\/index.php\/wp-json\/wp\/v2\/categories?post=8426"},{"taxonomy":"post_tag","embeddable":true,"href":"https:\/\/nsf.pt\/index.php\/wp-json\/wp\/v2\/tags?post=8426"}],"curies":[{"name":"wp","href":"https:\/\/api.w.org\/{rel}","templated":true}]}}