{"id":8446,"date":"2022-11-27T15:56:00","date_gmt":"2022-11-27T15:56:00","guid":{"rendered":"https:\/\/semfronteiras.eu\/?p=8446"},"modified":"2022-11-27T15:56:04","modified_gmt":"2022-11-27T15:56:04","slug":"escola-da-rua","status":"publish","type":"post","link":"https:\/\/nsf.pt\/index.php\/2022\/11\/27\/escola-da-rua\/","title":{"rendered":"Escola da Rua"},"content":{"rendered":"\n<p>27 de novembro. 2022<\/p>\n\n\n\n<h2 class=\"wp-block-heading\"><mark style=\"background-color:rgba(0, 0, 0, 0)\" class=\"has-inline-color has-vivid-red-color\">\u00c9 de uma mudan\u00e7a de paradigma que precisamos<\/mark><\/h2>\n\n\n\n<p><\/p>\n\n\n\n<p>por Nelson Anjos<\/p>\n\n\n\n<div style=\"height:8px\" aria-hidden=\"true\" class=\"wp-block-spacer\"><\/div>\n\n\n\n<p>\u00a0\u00a0\u00a0\u00a0\u00a0\u00a0\u00a0\u00a0\u00a0\u00a0\u00a0\u00a0\u00a0\u00a0\u00a0<\/p>\n\n\n\n<figure class=\"wp-block-gallery has-nested-images columns-default is-cropped wp-block-gallery-1 is-layout-flex wp-block-gallery-is-layout-flex\">\n<figure class=\"wp-block-image size-large is-style-default\"><img decoding=\"async\" loading=\"lazy\" width=\"748\" height=\"418\" data-id=\"8447\" src=\"https:\/\/semfronteiras.eu\/wp-content\/uploads\/2022\/11\/escola-rua.jpg\" alt=\"\" class=\"wp-image-8447\" srcset=\"https:\/\/nsf.pt\/wp-content\/uploads\/2022\/11\/escola-rua.jpg 748w, https:\/\/nsf.pt\/wp-content\/uploads\/2022\/11\/escola-rua-300x168.jpg 300w\" sizes=\"(max-width: 748px) 100vw, 748px\" \/><\/figure>\n<\/figure>\n\n\n\n<p>\u00a0<\/p>\n\n\n\n<div style=\"height:10px\" aria-hidden=\"true\" class=\"wp-block-spacer\"><\/div>\n\n\n\n<p>A escola \u00e9 \u2013 ou deveria ser \u2013 antes de mais uma manifesta\u00e7\u00e3o em perman\u00eancia contra a ignor\u00e2ncia. Desde logo com \u201csala de aulas\u201d na rua que, como se sabe, \u00e9 local frequentado por muitas pessoas. Da\u00ed que seja de saudar a iniciativa dos jovens estudantes que, nos \u00faltimos dias, num verdadeiro exemplo de ensino universal gratuito para toda a popula\u00e7\u00e3o, se manifestaram das mais diversas formas contra a continua\u00e7\u00e3o do uso de combust\u00edveis f\u00f3sseis. Que, como se sabe, se encontra h\u00e1 muito identificado, sem que reste hoje margem para d\u00favidas, como o mais significativo contributo, decorrente da a\u00e7\u00e3o humana, para as altera\u00e7\u00f5es clim\u00e1ticas. Considero pois falsas as not\u00edcias que se leram e ouviram sobre a suposta gravidade das faltas dos jovens \u00e0s aulas, a prop\u00f3sito das referidas manifesta\u00e7\u00f5es: afinal, estiveram apenas ocupados a dar aulas de cidadania \u00e0 popula\u00e7\u00e3o, tarefa da qual, a meu ver, se sa\u00edram com m\u00e9rito e distin\u00e7\u00e3o; \u2013 quanto ao resto \u2026 apenas\u00a0<em>fake news.<\/em><\/p>\n\n\n\n<p>&nbsp;&nbsp;&nbsp;&nbsp;&nbsp;&nbsp;&nbsp;O tema levou-me a espreitar sublinhados de livros lidos h\u00e1 j\u00e1 algum tempo. Hoje fico com Ronald Wright e a sua&nbsp;<em>Breve Hist\u00f3ria do Progresso<\/em>. O autor faz o levantamento resumido de quatro antigas civiliza\u00e7\u00f5es \u2013 Sum\u00e9ria, Ilha de P\u00e1scoa, Roma e Maias \u2013 e do seu colapso, todas elas com algo em comum. Se \u00e9 verdade que foram edificadas pelo homem, n\u00e3o o \u00e9 menos que foram por ele igualmente destru\u00eddas:<\/p>\n\n\n\n<p>\u201c(\u2026) O Imp\u00e9rio de Ur com a sua curta vida mostra o mesmo comportamento que vimos na Ilha de P\u00e1scoa; a fixa\u00e7\u00e3o nas cren\u00e7as e pr\u00e1ticas enraizadas, roubando ao futuro para pagar o presente, gastando as \u00faltimas reservas do capital natural numa despreocupada farra de gl\u00f3ria e riqueza excessivas. (\u2026)<\/p>\n\n\n\n<div style=\"height:16px\" aria-hidden=\"true\" class=\"wp-block-spacer\"><\/div>\n\n\n\n<figure class=\"wp-block-gallery has-nested-images columns-default is-cropped wp-block-gallery-3 is-layout-flex wp-block-gallery-is-layout-flex\">\n<figure class=\"wp-block-image size-large is-style-default\"><img decoding=\"async\" loading=\"lazy\" width=\"336\" height=\"240\" data-id=\"8448\" src=\"https:\/\/semfronteiras.eu\/wp-content\/uploads\/2022\/11\/progres.jpg\" alt=\"\" class=\"wp-image-8448\" srcset=\"https:\/\/nsf.pt\/wp-content\/uploads\/2022\/11\/progres.jpg 336w, https:\/\/nsf.pt\/wp-content\/uploads\/2022\/11\/progres-300x214.jpg 300w\" sizes=\"(max-width: 336px) 100vw, 336px\" \/><\/figure>\n<\/figure>\n\n\n\n<p>A Ilha de P\u00e1scoa e a Sum\u00e9ria destru\u00edram os seus ambientes de tal maneira, e acabaram t\u00e3o mal, que efetivamente se extinguiram. Mas Roma e os Maias conseguiram sobreviver depois dos seus colapsos em formas \u201cmedievais\u201d simplificadas, deixando descendentes diretos que fazem parte do mundo atual. (\u2026)<\/p>\n\n\n\n<p>O deserto onde Ur e Uruk se erguem \u00e9 um deserto feito por essas cidades. (\u2026)\u201d<\/p>\n\n\n\n<p>&nbsp;&nbsp;&nbsp;&nbsp;&nbsp;&nbsp;&nbsp;E, mais adiante, utilizando um modelo da economia:<\/p>\n\n\n\n<p>\u201c(\u2026) Se a civiliza\u00e7\u00e3o quiser sobreviver, deve viver dos juros e n\u00e3o do capital da natureza. As refer\u00eancias ecol\u00f3gicas mostram que no princ\u00edpio da d\u00e9cada de 1960 os humanos estavam a usar cerca de 70% da produ\u00e7\u00e3o anual da natureza; no princ\u00edpio da d\u00e9cada de 1980, chegamos aos 100%; e em 1999 est\u00e1vamos nos 125%. Estes n\u00fameros podem n\u00e3o ser precisos, mas a tend\u00eancia \u00e9 clara \u2013 indicam o percurso para a bancarrota. (\u2026)\u201d<\/p>\n\n\n\n<p>\u00a0\u00a0\u00a0\u00a0\u00a0\u00a0\u00a0\u00a0As considera\u00e7\u00f5es finais com que o autor conclui o livro, que apontam para medidas de \u201cmodera\u00e7\u00e3o\u201d, \u201cprinc\u00edpios preventivos\u201d e \u201creformas\u201d, como forma de reverter o caminho que o atual modelo de civiliza\u00e7\u00e3o vem trilhando, parecem-me manifestamente insuficientes e sem outro alcance que n\u00e3o seja o de paliativo. \u00c9 de uma mudan\u00e7a de paradigma que precisamos com urg\u00eancia. Resta saber como, e principalmente se ainda h\u00e1 tempo.<\/p>\n\n\n\n<p><\/p>\n\n\n\n<h2 class=\"wp-block-heading\">Nelson Anjos<\/h2>\n\n\n\n<figure class=\"wp-block-image aligncenter size-full is-resized is-style-default\"><img decoding=\"async\" loading=\"lazy\" src=\"https:\/\/semfronteiras.eu\/wp-content\/uploads\/2022\/11\/nelson-1-2.jpg\" alt=\"\" class=\"wp-image-8449\" width=\"264\" height=\"254\" srcset=\"https:\/\/nsf.pt\/wp-content\/uploads\/2022\/11\/nelson-1-2.jpg 407w, https:\/\/nsf.pt\/wp-content\/uploads\/2022\/11\/nelson-1-2-300x289.jpg 300w\" sizes=\"(max-width: 264px) 100vw, 264px\" \/><figcaption>NELSON ANJOS<\/figcaption><\/figure>\n\n\n\n<p><\/p>\n","protected":false},"excerpt":{"rendered":"<p>27 de novembro. 2022 \u00c9 de uma mudan\u00e7a de paradigma que precisamos por Nelson Anjos&#8230;<\/p>\n","protected":false},"author":2,"featured_media":8447,"comment_status":"open","ping_status":"open","sticky":true,"template":"","format":"standard","meta":{"sfsi_plus_gutenberg_text_before_share":"","sfsi_plus_gutenberg_show_text_before_share":"","sfsi_plus_gutenberg_icon_type":"","sfsi_plus_gutenberg_icon_alignemt":"","sfsi_plus_gutenburg_max_per_row":"","ngg_post_thumbnail":0,"footnotes":""},"categories":[317,99],"tags":[354],"featured_image_urls":{"full":["https:\/\/nsf.pt\/wp-content\/uploads\/2022\/11\/escola-rua.jpg",748,418,false],"thumbnail":["https:\/\/nsf.pt\/wp-content\/uploads\/2022\/11\/escola-rua-150x150.jpg",150,150,true],"medium":["https:\/\/nsf.pt\/wp-content\/uploads\/2022\/11\/escola-rua-300x168.jpg",300,168,true],"medium_large":["https:\/\/nsf.pt\/wp-content\/uploads\/2022\/11\/escola-rua.jpg",640,358,false],"large":["https:\/\/nsf.pt\/wp-content\/uploads\/2022\/11\/escola-rua.jpg",640,358,false],"1536x1536":["https:\/\/nsf.pt\/wp-content\/uploads\/2022\/11\/escola-rua.jpg",748,418,false],"2048x2048":["https:\/\/nsf.pt\/wp-content\/uploads\/2022\/11\/escola-rua.jpg",748,418,false],"covernews-slider-full":["https:\/\/nsf.pt\/wp-content\/uploads\/2022\/11\/escola-rua.jpg",748,418,false],"covernews-slider-center":["https:\/\/nsf.pt\/wp-content\/uploads\/2022\/11\/escola-rua.jpg",748,418,false],"covernews-featured":["https:\/\/nsf.pt\/wp-content\/uploads\/2022\/11\/escola-rua.jpg",748,418,false],"covernews-medium":["https:\/\/nsf.pt\/wp-content\/uploads\/2022\/11\/escola-rua-540x340.jpg",540,340,true],"covernews-medium-square":["https:\/\/nsf.pt\/wp-content\/uploads\/2022\/11\/escola-rua-400x250.jpg",400,250,true]},"author_info":{"info":["Carlos Ribeiro"]},"category_info":"<a href=\"https:\/\/nsf.pt\/index.php\/category\/noticias\/\" rel=\"category tag\">NOTICIAS<\/a> <a href=\"https:\/\/nsf.pt\/index.php\/category\/opiniao\/\" rel=\"category tag\">OPINI\u00c3O<\/a>","tag_info":"OPINI\u00c3O","comment_count":"0","_links":{"self":[{"href":"https:\/\/nsf.pt\/index.php\/wp-json\/wp\/v2\/posts\/8446"}],"collection":[{"href":"https:\/\/nsf.pt\/index.php\/wp-json\/wp\/v2\/posts"}],"about":[{"href":"https:\/\/nsf.pt\/index.php\/wp-json\/wp\/v2\/types\/post"}],"author":[{"embeddable":true,"href":"https:\/\/nsf.pt\/index.php\/wp-json\/wp\/v2\/users\/2"}],"replies":[{"embeddable":true,"href":"https:\/\/nsf.pt\/index.php\/wp-json\/wp\/v2\/comments?post=8446"}],"version-history":[{"count":1,"href":"https:\/\/nsf.pt\/index.php\/wp-json\/wp\/v2\/posts\/8446\/revisions"}],"predecessor-version":[{"id":8450,"href":"https:\/\/nsf.pt\/index.php\/wp-json\/wp\/v2\/posts\/8446\/revisions\/8450"}],"wp:featuredmedia":[{"embeddable":true,"href":"https:\/\/nsf.pt\/index.php\/wp-json\/wp\/v2\/media\/8447"}],"wp:attachment":[{"href":"https:\/\/nsf.pt\/index.php\/wp-json\/wp\/v2\/media?parent=8446"}],"wp:term":[{"taxonomy":"category","embeddable":true,"href":"https:\/\/nsf.pt\/index.php\/wp-json\/wp\/v2\/categories?post=8446"},{"taxonomy":"post_tag","embeddable":true,"href":"https:\/\/nsf.pt\/index.php\/wp-json\/wp\/v2\/tags?post=8446"}],"curies":[{"name":"wp","href":"https:\/\/api.w.org\/{rel}","templated":true}]}}