{"id":8494,"date":"2022-12-01T17:54:54","date_gmt":"2022-12-01T17:54:54","guid":{"rendered":"https:\/\/semfronteiras.eu\/?p=8494"},"modified":"2022-12-01T17:55:56","modified_gmt":"2022-12-01T17:55:56","slug":"por-razoes-de-agenda","status":"publish","type":"post","link":"https:\/\/nsf.pt\/index.php\/2022\/12\/01\/por-razoes-de-agenda\/","title":{"rendered":"Por raz\u00f5es de agenda"},"content":{"rendered":"\n<p>1 de dezembro, 2022<\/p>\n\n\n\n<h2 class=\"wp-block-heading\"><mark style=\"background-color:rgba(0, 0, 0, 0)\" class=\"has-inline-color has-vivid-red-color\">A Revolu\u00e7\u00e3o n\u00e3o ser\u00e1 fofinha | OPINI\u00c3O<\/mark><\/h2>\n\n\n\n<h3 class=\"wp-block-heading\">por Nelson Anjos<\/h3>\n\n\n\n<p>&nbsp;&nbsp;&nbsp;&nbsp;&nbsp;&nbsp;&nbsp;Vale a pena voltar \u00e0&nbsp;<em>Breve Hist\u00f3ria do Progresso<\/em>. Raz\u00f5es de agenda assim o recomendam. Que \u00e9 como quem diz: raz\u00f5es de urg\u00eancia. Hoje, tudo acontece mais depressa. Fazer crescer a popula\u00e7\u00e3o do planeta em 200 milh\u00f5es, depois de Roma, levou 13 s\u00e9culos; o crescimento dos \u00faltimos 200 milh\u00f5es levou apenas tr\u00eas anos \u2013 lembra Ronald Wright. Sum\u00e9ria, Ilha de P\u00e1scoa, Roma e os Maias, com o ritmo de destrui\u00e7\u00e3o dos recursos naturais de que dispunham, e as t\u00e9cnicas que dominavam, duraram mil anos cada. Mantendo o modelo de vida que levamos, num mundo caracterizado pela incerteza, h\u00e1 uma certeza que podemos ter: n\u00e3o chegaremos aos mil anos de exist\u00eancia p\u00f3s-revolu\u00e7\u00e3o industrial.<\/p>\n\n\n\n<div style=\"height:4px\" aria-hidden=\"true\" class=\"wp-block-spacer\"><\/div>\n\n\n\n<p>&nbsp;&nbsp;&nbsp;&nbsp;&nbsp;&nbsp;&nbsp;<\/p>\n\n\n\n<figure class=\"wp-block-gallery has-nested-images columns-default is-cropped wp-block-gallery-1 is-layout-flex wp-block-gallery-is-layout-flex\">\n<figure class=\"wp-block-image size-large is-style-default\"><img decoding=\"async\" loading=\"lazy\" width=\"831\" height=\"481\" data-id=\"8496\" src=\"https:\/\/semfronteiras.eu\/wp-content\/uploads\/2022\/12\/rw.jpg\" alt=\"\" class=\"wp-image-8496\" srcset=\"https:\/\/nsf.pt\/wp-content\/uploads\/2022\/12\/rw.jpg 831w, https:\/\/nsf.pt\/wp-content\/uploads\/2022\/12\/rw-300x174.jpg 300w, https:\/\/nsf.pt\/wp-content\/uploads\/2022\/12\/rw-768x445.jpg 768w\" sizes=\"(max-width: 831px) 100vw, 831px\" \/><figcaption>Ronald Wright<\/figcaption><\/figure>\n<\/figure>\n\n\n\n<div style=\"height:9px\" aria-hidden=\"true\" class=\"wp-block-spacer\"><\/div>\n\n\n\n<p>Em mat\u00e9ria de agenda, lembrava o autor em 2004:<\/p>\n\n\n\n<p>\u201c(\u2026) H\u00e1 12 anos, mesmo antes da cimeira ambiental do Rio de Janeiro, que levou au acordo de Kioto sobre as mudan\u00e7as clim\u00e1ticas, mais de metade dos pr\u00e9mios Nobel do mundo avisaram que poderemos s\u00f3 ter mais ou menos uma d\u00e9cada para tornar o nosso sistema sustent\u00e1vel. Agora, num relat\u00f3rio que a administra\u00e7\u00e3o n\u00e3o conseguiu esconder, o Pent\u00e1gono prev\u00ea fome mundial, anarquia e guerra \u201cdentro de uma gera\u00e7\u00e3o\u201d se as mudan\u00e7as clim\u00e1ticas atingirem as piores proje\u00e7\u00f5es. No seu livro de 2003,&nbsp;<em>Our Final Century<\/em>, Martin Rees, da Universidade de Cambridge, Astr\u00f3nomo Real e antigo presidente da Sociedade Inglesa para o Avan\u00e7o da Ci\u00eancia, conclui: \u201cAs hip\u00f3teses n\u00e3o s\u00e3o melhores do que 50% de que a nossa presente civiliza\u00e7\u00e3o \u2026 sobreviva at\u00e9 ao fim deste s\u00e9culo \u2026 a n\u00e3o ser que todas as na\u00e7\u00f5es adotem pol\u00edticas sustent\u00e1veis de baixo risco, baseadas nas tecnologias atuais.\u201d<\/p>\n\n\n\n<p>&nbsp;&nbsp;&nbsp;&nbsp;&nbsp;&nbsp;&nbsp;(\u2026) Os c\u00e9pticos dizem que as anteriores previs\u00f5es de desastre n\u00e3o se realizaram. Mas trata-se de um para\u00edso de loucos. Algumas das situa\u00e7\u00f5es de que escapamos \u2013 da guerra nuclear, por exemplo \u2013 foi mais por sorte do que por ter consci\u00eancia da situa\u00e7\u00e3o, e n\u00e3o s\u00e3o definitivas. (\u2026)\u201d<\/p>\n\n\n\n<p>&nbsp;&nbsp;&nbsp;&nbsp;&nbsp;&nbsp;&nbsp;Finalmente, muito embora algumas considera\u00e7\u00f5es amb\u00edguas relativamente ao modelo de economia capitalista, que referi no texto anterior, Wright n\u00e3o se escusa a reconhecer que:<\/p>\n\n\n\n<p>\u201c(\u2026) A revolta contra a redistribui\u00e7\u00e3o est\u00e1 a matar a civiliza\u00e7\u00e3o, desde o gueto \u00e0 floresta tropical. Na maioria dos pa\u00edses, os impostos n\u00e3o foram de facto reduzidos; foram simplesmente mudados para a parte inferior da pir\u00e2mide dos rendimentos, e mudados dos programas sociais e de ajuda, para os militares e as empresas. (\u2026)\u201d (Onde \u00e9 que eu j\u00e1 vi isto? \u2026)<\/p>\n\n\n\n<p>&nbsp;&nbsp;&nbsp;&nbsp;&nbsp;&nbsp;&nbsp;Termino com o t\u00edtulo da cr\u00f3nica da Lu\u00edsa Semedo no jornal&nbsp;<em>P\u00fablico<\/em>&nbsp;do passado dia 17 de Novembro de 2022: \u201c<em>A Revolu\u00e7\u00e3o N\u00e3o Ser\u00e1 Fofinha<\/em>\u201d.<\/p>\n\n\n\n<h2 class=\"wp-block-heading\">nelson anjos<\/h2>\n\n\n\n<div style=\"height:9px\" aria-hidden=\"true\" class=\"wp-block-spacer\"><\/div>\n\n\n\n<figure class=\"wp-block-image aligncenter size-full is-resized is-style-default\"><img decoding=\"async\" loading=\"lazy\" src=\"https:\/\/semfronteiras.eu\/wp-content\/uploads\/2022\/12\/nelson-1.jpg\" alt=\"\" class=\"wp-image-8495\" width=\"309\" height=\"298\" srcset=\"https:\/\/nsf.pt\/wp-content\/uploads\/2022\/12\/nelson-1.jpg 407w, https:\/\/nsf.pt\/wp-content\/uploads\/2022\/12\/nelson-1-300x289.jpg 300w\" sizes=\"(max-width: 309px) 100vw, 309px\" \/><figcaption>Nelson Anjos<\/figcaption><\/figure>\n","protected":false},"excerpt":{"rendered":"<p>1 de dezembro, 2022 A Revolu\u00e7\u00e3o n\u00e3o ser\u00e1 fofinha | OPINI\u00c3O por Nelson Anjos &nbsp;&nbsp;&nbsp;&nbsp;&nbsp;&nbsp;&nbsp;Vale&#8230;<\/p>\n","protected":false},"author":2,"featured_media":8496,"comment_status":"open","ping_status":"open","sticky":true,"template":"","format":"standard","meta":{"sfsi_plus_gutenberg_text_before_share":"","sfsi_plus_gutenberg_show_text_before_share":"","sfsi_plus_gutenberg_icon_type":"","sfsi_plus_gutenberg_icon_alignemt":"","sfsi_plus_gutenburg_max_per_row":"","ngg_post_thumbnail":0,"footnotes":""},"categories":[242,317,99],"tags":[354],"featured_image_urls":{"full":["https:\/\/nsf.pt\/wp-content\/uploads\/2022\/12\/rw.jpg",831,481,false],"thumbnail":["https:\/\/nsf.pt\/wp-content\/uploads\/2022\/12\/rw-150x150.jpg",150,150,true],"medium":["https:\/\/nsf.pt\/wp-content\/uploads\/2022\/12\/rw-300x174.jpg",300,174,true],"medium_large":["https:\/\/nsf.pt\/wp-content\/uploads\/2022\/12\/rw-768x445.jpg",640,371,true],"large":["https:\/\/nsf.pt\/wp-content\/uploads\/2022\/12\/rw.jpg",640,370,false],"1536x1536":["https:\/\/nsf.pt\/wp-content\/uploads\/2022\/12\/rw.jpg",831,481,false],"2048x2048":["https:\/\/nsf.pt\/wp-content\/uploads\/2022\/12\/rw.jpg",831,481,false],"covernews-slider-full":["https:\/\/nsf.pt\/wp-content\/uploads\/2022\/12\/rw.jpg",831,481,false],"covernews-slider-center":["https:\/\/nsf.pt\/wp-content\/uploads\/2022\/12\/rw-800x481.jpg",800,481,true],"covernews-featured":["https:\/\/nsf.pt\/wp-content\/uploads\/2022\/12\/rw.jpg",831,481,false],"covernews-medium":["https:\/\/nsf.pt\/wp-content\/uploads\/2022\/12\/rw-540x340.jpg",540,340,true],"covernews-medium-square":["https:\/\/nsf.pt\/wp-content\/uploads\/2022\/12\/rw-400x250.jpg",400,250,true]},"author_info":{"info":["Carlos Ribeiro"]},"category_info":"<a href=\"https:\/\/nsf.pt\/index.php\/category\/livros-musica\/\" rel=\"category tag\">LIVROS &amp; M\u00daSICA<\/a> <a href=\"https:\/\/nsf.pt\/index.php\/category\/noticias\/\" rel=\"category tag\">NOTICIAS<\/a> <a href=\"https:\/\/nsf.pt\/index.php\/category\/opiniao\/\" rel=\"category tag\">OPINI\u00c3O<\/a>","tag_info":"OPINI\u00c3O","comment_count":"0","_links":{"self":[{"href":"https:\/\/nsf.pt\/index.php\/wp-json\/wp\/v2\/posts\/8494"}],"collection":[{"href":"https:\/\/nsf.pt\/index.php\/wp-json\/wp\/v2\/posts"}],"about":[{"href":"https:\/\/nsf.pt\/index.php\/wp-json\/wp\/v2\/types\/post"}],"author":[{"embeddable":true,"href":"https:\/\/nsf.pt\/index.php\/wp-json\/wp\/v2\/users\/2"}],"replies":[{"embeddable":true,"href":"https:\/\/nsf.pt\/index.php\/wp-json\/wp\/v2\/comments?post=8494"}],"version-history":[{"count":2,"href":"https:\/\/nsf.pt\/index.php\/wp-json\/wp\/v2\/posts\/8494\/revisions"}],"predecessor-version":[{"id":8498,"href":"https:\/\/nsf.pt\/index.php\/wp-json\/wp\/v2\/posts\/8494\/revisions\/8498"}],"wp:featuredmedia":[{"embeddable":true,"href":"https:\/\/nsf.pt\/index.php\/wp-json\/wp\/v2\/media\/8496"}],"wp:attachment":[{"href":"https:\/\/nsf.pt\/index.php\/wp-json\/wp\/v2\/media?parent=8494"}],"wp:term":[{"taxonomy":"category","embeddable":true,"href":"https:\/\/nsf.pt\/index.php\/wp-json\/wp\/v2\/categories?post=8494"},{"taxonomy":"post_tag","embeddable":true,"href":"https:\/\/nsf.pt\/index.php\/wp-json\/wp\/v2\/tags?post=8494"}],"curies":[{"name":"wp","href":"https:\/\/api.w.org\/{rel}","templated":true}]}}