{"id":8517,"date":"2022-12-02T22:12:33","date_gmt":"2022-12-02T22:12:33","guid":{"rendered":"https:\/\/semfronteiras.eu\/?p=8517"},"modified":"2022-12-04T16:11:53","modified_gmt":"2022-12-04T16:11:53","slug":"teatro-camus-e-helder-costa-encheram-a-barraca-de-calor-cultural-e-humano","status":"publish","type":"post","link":"https:\/\/nsf.pt\/index.php\/2022\/12\/02\/teatro-camus-e-helder-costa-encheram-a-barraca-de-calor-cultural-e-humano\/","title":{"rendered":"Teatro, Camus e H\u00e9lder Costa encheram A Barraca de calor cultural e humano"},"content":{"rendered":"\n<p>2 de dezembro, 2022<\/p>\n\n\n\n<h2 class=\"wp-block-heading\"><mark style=\"background-color:rgba(0, 0, 0, 0)\" class=\"has-inline-color has-vivid-red-color\">O regresso do dramaturgo otimista \u00e0 A Barraca foi motivo de alegria coletiva<\/mark><\/h2>\n\n\n\n<p>Foi uma surpresa. Na v\u00e9spera foram chegando pequenos bilhetes postais eletr\u00f3nicos. T\u00edmidos mas certeiros. Ele vai estar l\u00e1 acompanhado pela equipa m\u00e9dica do Hospital do Mar. A boa not\u00edcia da recente realiza\u00e7\u00e3o do<a href=\"https:\/\/semfronteiras.eu\/index.php\/2022\/11\/29\/encontro-imaginario-levantou-ondas-no-hospital\/\"> Encontro Imagin\u00e1rio<\/a> no estabelecimento hospitalar tinha desta forma uma segunda etapa ainda mais estimulante.<\/p>\n\n\n\n<p>Nada melhor que juntar, na mesma noite, teatro, um grupos de amigos, espectadores fi\u00e9is e um elenco extraordin\u00e1rio que representou uma pe\u00e7a de Albert Camus, um autor que, para al\u00e9m da sua dimens\u00e3o intelectual, filos\u00f3fica e liter\u00e1ria,  tamb\u00e9m foi um resistente durante a ocupa\u00e7\u00e3o nazi em Fran\u00e7a e utilizou o teatro para expor, entre outras, as suas ideias do absurdo. <\/p>\n\n\n\n<p><\/p>\n\n\n\n<p class=\"has-white-color has-vivid-red-background-color has-text-color has-background\">A execu\u00e7\u00e3o do jornalista e ex-deputado Gabriel P\u00e9ri pelas tropas de ocupa\u00e7\u00e3o, em 1941, fizera-o regressar a Fran\u00e7a, onde passou a integrar o movimento da Resist\u00eancia, escrevendo num jornal clandestino, Combat; para garantir a subsist\u00eancia, traba\u00adlhava como leitor na editora Gallimard.<\/p>\n\n\n\n<div style=\"height:12px\" aria-hidden=\"true\" class=\"wp-block-spacer\"><\/div>\n\n\n\n<figure class=\"wp-block-audio\"><audio controls src=\"https:\/\/semfronteiras.eu\/wp-content\/uploads\/2022\/12\/camus_resistencia.wav\"><\/audio><\/figure>\n\n\n\n<h2 class=\"wp-block-heading\"><strong>Os sofrimentos e das alegrias comuns<\/strong><\/h2>\n\n\n\n<p><\/p>\n\n\n\n<p>Quando recebeu o Pr\u00e9mio Nobel da Literatura em 1957  proferiu um discurso no qual analisa o papel do artista, que n\u00e3o deve apenas distrair o p\u00fablico, mas &#8220;<strong>comover o maior n\u00fame\u00adro poss\u00edvel de homens, oferecendo-lhes uma imagem privilegiada dos sofrimentos e das alegrias comuns&#8221;<\/strong>,  esta abordagem tem tudo a ver com o H\u00e9lder Costa com o sentido transformador que ele atribui ao teatro e pela import\u00e2ncia que sempre atribuiu ao humor na rela\u00e7\u00e3o com o p\u00fablico, j\u00e1 bem patente nas pe\u00e7as do Teatro Oper\u00e1rio de Paris.<\/p>\n\n\n\n<div style=\"height:6px\" aria-hidden=\"true\" class=\"wp-block-spacer\"><\/div>\n\n\n\n<figure class=\"wp-block-gallery has-nested-images columns-default is-cropped wp-block-gallery-1 is-layout-flex wp-block-gallery-is-layout-flex\">\n<figure class=\"wp-block-image size-large is-style-default\"><img decoding=\"async\" loading=\"lazy\" width=\"1024\" height=\"652\" data-id=\"8518\" src=\"https:\/\/semfronteiras.eu\/wp-content\/uploads\/2022\/12\/helder-1024x652.jpg\" alt=\"\" class=\"wp-image-8518\" srcset=\"https:\/\/nsf.pt\/wp-content\/uploads\/2022\/12\/helder-1024x652.jpg 1024w, https:\/\/nsf.pt\/wp-content\/uploads\/2022\/12\/helder-300x191.jpg 300w, https:\/\/nsf.pt\/wp-content\/uploads\/2022\/12\/helder-768x489.jpg 768w, https:\/\/nsf.pt\/wp-content\/uploads\/2022\/12\/helder.jpg 1305w\" sizes=\"(max-width: 1024px) 100vw, 1024px\" \/><\/figure>\n\n\n\n<figure class=\"wp-block-image size-large is-style-default\"><img decoding=\"async\" loading=\"lazy\" width=\"1024\" height=\"496\" data-id=\"8519\" src=\"https:\/\/semfronteiras.eu\/wp-content\/uploads\/2022\/12\/herder3-1024x496.jpg\" alt=\"\" class=\"wp-image-8519\" srcset=\"https:\/\/nsf.pt\/wp-content\/uploads\/2022\/12\/herder3-1024x496.jpg 1024w, https:\/\/nsf.pt\/wp-content\/uploads\/2022\/12\/herder3-300x145.jpg 300w, https:\/\/nsf.pt\/wp-content\/uploads\/2022\/12\/herder3-768x372.jpg 768w, https:\/\/nsf.pt\/wp-content\/uploads\/2022\/12\/herder3.jpg 1277w\" sizes=\"(max-width: 1024px) 100vw, 1024px\" \/><\/figure>\n<\/figure>\n\n\n\n<div style=\"height:8px\" aria-hidden=\"true\" class=\"wp-block-spacer\"><\/div>\n\n\n\n<figure class=\"wp-block-gallery has-nested-images columns-default is-cropped wp-block-gallery-3 is-layout-flex wp-block-gallery-is-layout-flex\">\n<figure class=\"wp-block-image size-large is-style-default\"><img decoding=\"async\" loading=\"lazy\" width=\"1024\" height=\"585\" data-id=\"8520\" src=\"https:\/\/semfronteiras.eu\/wp-content\/uploads\/2022\/12\/amigos1-1024x585.jpg\" alt=\"\" class=\"wp-image-8520\" srcset=\"https:\/\/nsf.pt\/wp-content\/uploads\/2022\/12\/amigos1-1024x585.jpg 1024w, https:\/\/nsf.pt\/wp-content\/uploads\/2022\/12\/amigos1-300x171.jpg 300w, https:\/\/nsf.pt\/wp-content\/uploads\/2022\/12\/amigos1-768x439.jpg 768w, https:\/\/nsf.pt\/wp-content\/uploads\/2022\/12\/amigos1.jpg 1280w\" sizes=\"(max-width: 1024px) 100vw, 1024px\" \/><\/figure>\n\n\n\n<figure class=\"wp-block-image size-large is-style-default\"><img decoding=\"async\" loading=\"lazy\" width=\"1024\" height=\"450\" data-id=\"8521\" src=\"https:\/\/semfronteiras.eu\/wp-content\/uploads\/2022\/12\/amigos4-1024x450.jpg\" alt=\"\" class=\"wp-image-8521\" srcset=\"https:\/\/nsf.pt\/wp-content\/uploads\/2022\/12\/amigos4-1024x450.jpg 1024w, https:\/\/nsf.pt\/wp-content\/uploads\/2022\/12\/amigos4-300x132.jpg 300w, https:\/\/nsf.pt\/wp-content\/uploads\/2022\/12\/amigos4-768x338.jpg 768w, https:\/\/nsf.pt\/wp-content\/uploads\/2022\/12\/amigos4.jpg 1278w\" sizes=\"(max-width: 1024px) 100vw, 1024px\" \/><\/figure>\n<\/figure>\n\n\n\n<p>Noite de teatro e de amigos, a pe\u00e7a em palco foi:<\/p>\n\n\n\n<h2 class=\"wp-block-heading\">O Mal-Entendido<\/h2>\n\n\n\n<p>Uma das obras m\u00e1ximas do existencialismo\/absurdo do teatro franc\u00eas alcan\u00e7a no momento que vivemos impressionante relev\u00e2ncia.&nbsp;<\/p>\n\n\n\n<p>O Mal-Entendido, trag\u00e9dia moderna de Albert Camus, apresenta-nos uma reflex\u00e3o sobre o crime e o castigo. De regresso de \u00c1frica onde em 20 anos fez fortuna, um filho regressa \u00e0 sua terra natal e de surpresa vai visitar a m\u00e3e e a irm\u00e3 que vivem nas montanhas da Bo\u00e9mia onde exploram uma estalagem e onde, quando o h\u00f3spede \u00e9 rico, o assassinam lhe roubam o que traz e o lan\u00e7am a um rio que desce os Alpes vizinhos. \u00c9 esse o destino que o espera. A \u201csurpresa\u201d custa-lhe a vida e precipita uma trag\u00e9dia. A dramaturgia vai permitir ao espectador \u00e0 maneira da Trag\u00e9dia Cl\u00e1ssica antecipar o desfecho. E saber sempre mais do que cada uma das personagens alimentando o suspense. Cada personagem, por omiss\u00e3o, ambi\u00e7\u00e3o ou instinto criminal comete uma falha tr\u00e1gica que a levar\u00e1 \u00e0 morte. S\u00f3 a mulher de Jan afastada do reencontro pelo marido, acaba por n\u00e3o se inscrever no quadro das personagens tr\u00e1gicas e por fim, isolada nas montanhas que desconhece, sobrevive. No nosso s\u00e9culo, particularmente agora nesta \u00e9poca de confinamentos, de crimes familiares frequentes, onde a gan\u00e2ncia \u00e9 muitas vezes a causa de enormes e secretas barbaridades que passam anos despercebidas e impunes, a leitura desta obra de Albert Camus ganha um sentido talvez mais social do que no tempo em que foi escrita. O Mal-Entendido que segundo o pr\u00f3prio autor ilustra \u201cuma situa\u00e7\u00e3o imposs\u00edvel\u201d perseguindo o objectivo de criar \u201cuma trag\u00e9dia moderna\u201d em que a moral e o sentido da vida s\u00e3o os principais temas, talvez ganhe outros contornos no nosso tempo e nos aproxime de uma realidade tenebrosa de que n\u00e3o estamos t\u00e3o longe como desejar\u00edamos.<\/p>\n\n\n\n<p><em>(in A Barraca)<\/em><\/p>\n\n\n\n<div style=\"height:10px\" aria-hidden=\"true\" class=\"wp-block-spacer\"><\/div>\n\n\n\n<figure class=\"wp-block-gallery has-nested-images columns-default is-cropped wp-block-gallery-5 is-layout-flex wp-block-gallery-is-layout-flex\">\n<figure class=\"wp-block-image size-large is-style-default\"><img decoding=\"async\" loading=\"lazy\" width=\"1024\" height=\"580\" data-id=\"8523\" src=\"https:\/\/semfronteiras.eu\/wp-content\/uploads\/2022\/12\/espec2-1024x580.jpg\" alt=\"\" class=\"wp-image-8523\" srcset=\"https:\/\/nsf.pt\/wp-content\/uploads\/2022\/12\/espec2-1024x580.jpg 1024w, https:\/\/nsf.pt\/wp-content\/uploads\/2022\/12\/espec2-300x170.jpg 300w, https:\/\/nsf.pt\/wp-content\/uploads\/2022\/12\/espec2-768x435.jpg 768w, https:\/\/nsf.pt\/wp-content\/uploads\/2022\/12\/espec2.jpg 1286w\" sizes=\"(max-width: 1024px) 100vw, 1024px\" \/><\/figure>\n\n\n\n<figure class=\"wp-block-image size-large is-style-default\"><img decoding=\"async\" loading=\"lazy\" width=\"1024\" height=\"681\" data-id=\"8524\" src=\"https:\/\/semfronteiras.eu\/wp-content\/uploads\/2022\/12\/espec8-1-1024x681.jpg\" alt=\"\" class=\"wp-image-8524\" srcset=\"https:\/\/nsf.pt\/wp-content\/uploads\/2022\/12\/espec8-1-1024x681.jpg 1024w, https:\/\/nsf.pt\/wp-content\/uploads\/2022\/12\/espec8-1-300x199.jpg 300w, https:\/\/nsf.pt\/wp-content\/uploads\/2022\/12\/espec8-1-768x511.jpg 768w, https:\/\/nsf.pt\/wp-content\/uploads\/2022\/12\/espec8-1.jpg 1298w\" sizes=\"(max-width: 1024px) 100vw, 1024px\" \/><\/figure>\n<\/figure>\n\n\n\n<figure class=\"wp-block-gallery has-nested-images columns-default is-cropped wp-block-gallery-7 is-layout-flex wp-block-gallery-is-layout-flex\">\n<figure class=\"wp-block-image size-large is-style-default\"><img decoding=\"async\" loading=\"lazy\" width=\"1024\" height=\"410\" data-id=\"8526\" src=\"https:\/\/semfronteiras.eu\/wp-content\/uploads\/2022\/12\/espec1-1024x410.jpg\" alt=\"\" class=\"wp-image-8526\" srcset=\"https:\/\/nsf.pt\/wp-content\/uploads\/2022\/12\/espec1-1024x410.jpg 1024w, https:\/\/nsf.pt\/wp-content\/uploads\/2022\/12\/espec1-300x120.jpg 300w, https:\/\/nsf.pt\/wp-content\/uploads\/2022\/12\/espec1-768x308.jpg 768w, https:\/\/nsf.pt\/wp-content\/uploads\/2022\/12\/espec1.jpg 1300w\" sizes=\"(max-width: 1024px) 100vw, 1024px\" \/><\/figure>\n<\/figure>\n\n\n\n<p><\/p>\n\n\n\n<p>Fotos @ Carlos Pereira Martins<\/p>\n\n\n\n<figure class=\"wp-block-image size-full is-resized is-style-default\"><img decoding=\"async\" loading=\"lazy\" src=\"https:\/\/semfronteiras.eu\/wp-content\/uploads\/2022\/12\/cmp.jpg\" alt=\"\" class=\"wp-image-8527\" width=\"255\" height=\"223\" srcset=\"https:\/\/nsf.pt\/wp-content\/uploads\/2022\/12\/cmp.jpg 418w, https:\/\/nsf.pt\/wp-content\/uploads\/2022\/12\/cmp-300x263.jpg 300w\" sizes=\"(max-width: 255px) 100vw, 255px\" \/><\/figure>\n\n\n\n<p><\/p>\n","protected":false},"excerpt":{"rendered":"<p>2 de dezembro, 2022 O regresso do dramaturgo otimista \u00e0 A Barraca foi motivo de&#8230;<\/p>\n","protected":false},"author":2,"featured_media":8521,"comment_status":"open","ping_status":"open","sticky":true,"template":"","format":"standard","meta":{"sfsi_plus_gutenberg_text_before_share":"","sfsi_plus_gutenberg_show_text_before_share":"","sfsi_plus_gutenberg_icon_type":"","sfsi_plus_gutenberg_icon_alignemt":"","sfsi_plus_gutenburg_max_per_row":"","ngg_post_thumbnail":0,"footnotes":""},"categories":[238,317,112],"tags":[31,66],"featured_image_urls":{"full":["https:\/\/nsf.pt\/wp-content\/uploads\/2022\/12\/amigos4.jpg",1278,562,false],"thumbnail":["https:\/\/nsf.pt\/wp-content\/uploads\/2022\/12\/amigos4-150x150.jpg",150,150,true],"medium":["https:\/\/nsf.pt\/wp-content\/uploads\/2022\/12\/amigos4-300x132.jpg",300,132,true],"medium_large":["https:\/\/nsf.pt\/wp-content\/uploads\/2022\/12\/amigos4-768x338.jpg",640,282,true],"large":["https:\/\/nsf.pt\/wp-content\/uploads\/2022\/12\/amigos4-1024x450.jpg",640,281,true],"1536x1536":["https:\/\/nsf.pt\/wp-content\/uploads\/2022\/12\/amigos4.jpg",1278,562,false],"2048x2048":["https:\/\/nsf.pt\/wp-content\/uploads\/2022\/12\/amigos4.jpg",1278,562,false],"covernews-slider-full":["https:\/\/nsf.pt\/wp-content\/uploads\/2022\/12\/amigos4-1115x562.jpg",1115,562,true],"covernews-slider-center":["https:\/\/nsf.pt\/wp-content\/uploads\/2022\/12\/amigos4-800x500.jpg",800,500,true],"covernews-featured":["https:\/\/nsf.pt\/wp-content\/uploads\/2022\/12\/amigos4-1024x450.jpg",1024,450,true],"covernews-medium":["https:\/\/nsf.pt\/wp-content\/uploads\/2022\/12\/amigos4-540x340.jpg",540,340,true],"covernews-medium-square":["https:\/\/nsf.pt\/wp-content\/uploads\/2022\/12\/amigos4-400x250.jpg",400,250,true]},"author_info":{"info":["Carlos Ribeiro"]},"category_info":"<a href=\"https:\/\/nsf.pt\/index.php\/category\/destaque\/\" rel=\"category tag\">DESTAQUE<\/a> <a href=\"https:\/\/nsf.pt\/index.php\/category\/noticias\/\" rel=\"category tag\">NOTICIAS<\/a> <a href=\"https:\/\/nsf.pt\/index.php\/category\/especial-sf\/teatro\/\" rel=\"category tag\">TEATRO<\/a>","tag_info":"TEATRO","comment_count":"0","_links":{"self":[{"href":"https:\/\/nsf.pt\/index.php\/wp-json\/wp\/v2\/posts\/8517"}],"collection":[{"href":"https:\/\/nsf.pt\/index.php\/wp-json\/wp\/v2\/posts"}],"about":[{"href":"https:\/\/nsf.pt\/index.php\/wp-json\/wp\/v2\/types\/post"}],"author":[{"embeddable":true,"href":"https:\/\/nsf.pt\/index.php\/wp-json\/wp\/v2\/users\/2"}],"replies":[{"embeddable":true,"href":"https:\/\/nsf.pt\/index.php\/wp-json\/wp\/v2\/comments?post=8517"}],"version-history":[{"count":1,"href":"https:\/\/nsf.pt\/index.php\/wp-json\/wp\/v2\/posts\/8517\/revisions"}],"predecessor-version":[{"id":8529,"href":"https:\/\/nsf.pt\/index.php\/wp-json\/wp\/v2\/posts\/8517\/revisions\/8529"}],"wp:featuredmedia":[{"embeddable":true,"href":"https:\/\/nsf.pt\/index.php\/wp-json\/wp\/v2\/media\/8521"}],"wp:attachment":[{"href":"https:\/\/nsf.pt\/index.php\/wp-json\/wp\/v2\/media?parent=8517"}],"wp:term":[{"taxonomy":"category","embeddable":true,"href":"https:\/\/nsf.pt\/index.php\/wp-json\/wp\/v2\/categories?post=8517"},{"taxonomy":"post_tag","embeddable":true,"href":"https:\/\/nsf.pt\/index.php\/wp-json\/wp\/v2\/tags?post=8517"}],"curies":[{"name":"wp","href":"https:\/\/api.w.org\/{rel}","templated":true}]}}