{"id":8918,"date":"2023-01-20T15:28:29","date_gmt":"2023-01-20T15:28:29","guid":{"rendered":"https:\/\/semfronteiras.eu\/?p=8918"},"modified":"2023-01-20T15:33:04","modified_gmt":"2023-01-20T15:33:04","slug":"na-confraria-da-sopa-do-vidreiro","status":"publish","type":"post","link":"https:\/\/nsf.pt\/index.php\/2023\/01\/20\/na-confraria-da-sopa-do-vidreiro\/","title":{"rendered":"Na Confraria da Sopa do Vidreiro"},"content":{"rendered":"<div class=\"wp-block-post-date\"><time datetime=\"2023-01-20T15:28:29+00:00\">20 de Janeiro, 2023<\/time><\/div>\n\n\n<h2 class=\"wp-block-heading\"><mark style=\"background-color:rgba(0, 0, 0, 0)\" class=\"has-inline-color has-vivid-red-color\">Uma confraria de cristal<\/mark><\/h2>\n\n\n\n<div style=\"height:12px\" aria-hidden=\"true\" class=\"wp-block-spacer\"><\/div>\n\n\n<figure class=\"wp-block-post-featured-image\"><img width=\"1013\" height=\"574\" src=\"https:\/\/nsf.pt\/wp-content\/uploads\/2023\/01\/ze-grag.jpg\" class=\"attachment-post-thumbnail size-post-thumbnail wp-post-image\" alt=\"ze grag\" decoding=\"async\" style=\"object-fit:cover;\" srcset=\"https:\/\/nsf.pt\/wp-content\/uploads\/2023\/01\/ze-grag.jpg 1013w, https:\/\/nsf.pt\/wp-content\/uploads\/2023\/01\/ze-grag-300x170.jpg 300w, https:\/\/nsf.pt\/wp-content\/uploads\/2023\/01\/ze-grag-768x435.jpg 768w\" sizes=\"(max-width: 1013px) 100vw, 1013px\" loading=\"lazy\" \/><\/figure>\n\n\n<div style=\"height:53px\" aria-hidden=\"true\" class=\"wp-block-spacer\"><\/div>\n\n\n\n<p>Ant\u00f3nio Aires Rodrigues, sendo vice, fez de Gr\u00e3o Mestre e saudou todos os presentes. Estava aberta a sess\u00e3o de conversas e de recupera\u00e7\u00e3o de mem\u00f3rias em torno do 18 de janeiro de 1934. <\/p>\n\n\n\n<p>Quando a gastronomia se associa a acontecimentos hist\u00f3ricos relevantes e a uma classe t\u00e3o carism\u00e1tica como \u00e9 a vidreira, o significado da confraria vai bem para al\u00e9m da gastronomia e dos aspetos meramente identit\u00e1rios locais.<\/p>\n\n\n\n<div style=\"height:31px\" aria-hidden=\"true\" class=\"wp-block-spacer\"><\/div>\n\n\n\n<figure class=\"wp-block-gallery has-nested-images columns-default is-cropped wp-block-gallery-1 is-layout-flex wp-block-gallery-is-layout-flex\">\n<figure class=\"wp-block-image size-large is-style-default\"><img decoding=\"async\" loading=\"lazy\" width=\"1024\" height=\"683\" data-id=\"8919\" src=\"https:\/\/semfronteiras.eu\/wp-content\/uploads\/2023\/01\/103A6007-co\u0301pia.jpeg\" alt=\"\" class=\"wp-image-8919\" srcset=\"https:\/\/nsf.pt\/wp-content\/uploads\/2023\/01\/103A6007-co\u0301pia.jpeg 1024w, https:\/\/nsf.pt\/wp-content\/uploads\/2023\/01\/103A6007-co\u0301pia-300x200.jpeg 300w, https:\/\/nsf.pt\/wp-content\/uploads\/2023\/01\/103A6007-co\u0301pia-768x512.jpeg 768w\" sizes=\"(max-width: 1024px) 100vw, 1024px\" \/><\/figure>\n\n\n\n<figure class=\"wp-block-image size-large is-style-default\"><img decoding=\"async\" loading=\"lazy\" width=\"683\" height=\"1024\" data-id=\"8922\" src=\"https:\/\/semfronteiras.eu\/wp-content\/uploads\/2023\/01\/103A6015-co\u0301pia.jpeg\" alt=\"\" class=\"wp-image-8922\" srcset=\"https:\/\/nsf.pt\/wp-content\/uploads\/2023\/01\/103A6015-co\u0301pia.jpeg 683w, https:\/\/nsf.pt\/wp-content\/uploads\/2023\/01\/103A6015-co\u0301pia-200x300.jpeg 200w\" sizes=\"(max-width: 683px) 100vw, 683px\" \/><\/figure>\n\n\n\n<figure class=\"wp-block-image size-large is-style-default\"><img decoding=\"async\" loading=\"lazy\" width=\"1024\" height=\"683\" data-id=\"8920\" src=\"https:\/\/semfronteiras.eu\/wp-content\/uploads\/2023\/01\/103A6023-co\u0301pia.jpeg\" alt=\"\" class=\"wp-image-8920\" srcset=\"https:\/\/nsf.pt\/wp-content\/uploads\/2023\/01\/103A6023-co\u0301pia.jpeg 1024w, https:\/\/nsf.pt\/wp-content\/uploads\/2023\/01\/103A6023-co\u0301pia-300x200.jpeg 300w, https:\/\/nsf.pt\/wp-content\/uploads\/2023\/01\/103A6023-co\u0301pia-768x512.jpeg 768w\" sizes=\"(max-width: 1024px) 100vw, 1024px\" \/><\/figure>\n<\/figure>\n\n\n\n<p class=\"has-text-align-center has-small-font-size\">Ant\u00f3nio Aires Rodrigues e o provador que testa e garante a qualidade da sopa do vidreiro<\/p>\n\n\n\n<div style=\"height:34px\" aria-hidden=\"true\" class=\"wp-block-spacer\"><\/div>\n\n\n\n<p>Aqui a Sopa do Vidreiro coabita com o len\u00e7o e com o frasco que s\u00e3o s\u00edmbolos do vidreiro como oper\u00e1rio mas tamb\u00e9m como resistente e combatente.<\/p>\n\n\n\n<p>A Presidente da Junta de Freguesia, Cristina de Jesus e Sousa,  relembrou que a n\u00edvel local o 18 de janeiro tem sido mat\u00e9ria de import\u00e2ncia maior nos planos de atividade da autarquia local e o Presidente da C\u00e2mara Municipal, Aur\u00e9lio Ferreira, salientou os apoios que a confraria tem tido da parte do munic\u00edpio atendendo \u00e0 divulga\u00e7\u00e3o que faz do concelho em v\u00e1rias localidades da Europa no \u00e2mbitos das atividades enntre confrades.<\/p>\n\n\n\n<div style=\"height:14px\" aria-hidden=\"true\" class=\"wp-block-spacer\"><\/div>\n\n\n\n<figure class=\"wp-block-gallery has-nested-images columns-default is-cropped wp-block-gallery-3 is-layout-flex wp-block-gallery-is-layout-flex\">\n<figure class=\"wp-block-image size-large is-style-default\"><img decoding=\"async\" loading=\"lazy\" width=\"1024\" height=\"683\" data-id=\"8924\" src=\"https:\/\/semfronteiras.eu\/wp-content\/uploads\/2023\/01\/103A6052-co\u0301pia.jpeg\" alt=\"\" class=\"wp-image-8924\" srcset=\"https:\/\/nsf.pt\/wp-content\/uploads\/2023\/01\/103A6052-co\u0301pia.jpeg 1024w, https:\/\/nsf.pt\/wp-content\/uploads\/2023\/01\/103A6052-co\u0301pia-300x200.jpeg 300w, https:\/\/nsf.pt\/wp-content\/uploads\/2023\/01\/103A6052-co\u0301pia-768x512.jpeg 768w\" sizes=\"(max-width: 1024px) 100vw, 1024px\" \/><\/figure>\n\n\n\n<figure class=\"wp-block-image size-large is-style-default\"><img decoding=\"async\" loading=\"lazy\" width=\"1024\" height=\"683\" data-id=\"8926\" src=\"https:\/\/semfronteiras.eu\/wp-content\/uploads\/2023\/01\/103A6053-co\u0301pia.jpeg\" alt=\"\" class=\"wp-image-8926\" srcset=\"https:\/\/nsf.pt\/wp-content\/uploads\/2023\/01\/103A6053-co\u0301pia.jpeg 1024w, https:\/\/nsf.pt\/wp-content\/uploads\/2023\/01\/103A6053-co\u0301pia-300x200.jpeg 300w, https:\/\/nsf.pt\/wp-content\/uploads\/2023\/01\/103A6053-co\u0301pia-768x512.jpeg 768w\" sizes=\"(max-width: 1024px) 100vw, 1024px\" \/><\/figure>\n\n\n\n<figure class=\"wp-block-image size-full is-style-default\"><img decoding=\"async\" loading=\"lazy\" width=\"1024\" height=\"683\" data-id=\"8929\" src=\"https:\/\/semfronteiras.eu\/wp-content\/uploads\/2023\/01\/103A6017-co\u0301pia.jpeg\" alt=\"\" class=\"wp-image-8929\" srcset=\"https:\/\/nsf.pt\/wp-content\/uploads\/2023\/01\/103A6017-co\u0301pia.jpeg 1024w, https:\/\/nsf.pt\/wp-content\/uploads\/2023\/01\/103A6017-co\u0301pia-300x200.jpeg 300w, https:\/\/nsf.pt\/wp-content\/uploads\/2023\/01\/103A6017-co\u0301pia-768x512.jpeg 768w\" sizes=\"(max-width: 1024px) 100vw, 1024px\" \/><\/figure>\n<\/figure>\n\n\n\n<p class=\"has-text-align-center has-small-font-size\">Presidente da Junta, Presidente da C\u00e2mara e mesa de confrades<\/p>\n\n\n\n<div style=\"height:16px\" aria-hidden=\"true\" class=\"wp-block-spacer\"><\/div>\n\n\n\n<p>Foram relembrados ainda homens com hist\u00f3ria relevantes nas causas sociais no concelho e finalmente foram cantadas can\u00e7\u00f5es diversas que contemplaram o fado, Zeca Afonso, Pedro Barroso e outros.<\/p>\n\n\n\n<div style=\"height:19px\" aria-hidden=\"true\" class=\"wp-block-spacer\"><\/div>\n\n\n\n<figure class=\"wp-block-gallery has-nested-images columns-default is-cropped wp-block-gallery-5 is-layout-flex wp-block-gallery-is-layout-flex\">\n<figure class=\"wp-block-image size-large is-style-default\"><img decoding=\"async\" loading=\"lazy\" width=\"1024\" height=\"683\" data-id=\"8932\" src=\"https:\/\/semfronteiras.eu\/wp-content\/uploads\/2023\/01\/103A6057-co\u0301pia.jpeg\" alt=\"\" class=\"wp-image-8932\" srcset=\"https:\/\/nsf.pt\/wp-content\/uploads\/2023\/01\/103A6057-co\u0301pia.jpeg 1024w, https:\/\/nsf.pt\/wp-content\/uploads\/2023\/01\/103A6057-co\u0301pia-300x200.jpeg 300w, https:\/\/nsf.pt\/wp-content\/uploads\/2023\/01\/103A6057-co\u0301pia-768x512.jpeg 768w\" sizes=\"(max-width: 1024px) 100vw, 1024px\" \/><\/figure>\n\n\n\n<figure class=\"wp-block-image size-large is-style-default\"><img decoding=\"async\" loading=\"lazy\" width=\"1024\" height=\"768\" data-id=\"8930\" src=\"https:\/\/semfronteiras.eu\/wp-content\/uploads\/2023\/01\/IMG_2767-co\u0301pia-1.jpeg\" alt=\"\" class=\"wp-image-8930\" srcset=\"https:\/\/nsf.pt\/wp-content\/uploads\/2023\/01\/IMG_2767-co\u0301pia-1.jpeg 1024w, https:\/\/nsf.pt\/wp-content\/uploads\/2023\/01\/IMG_2767-co\u0301pia-1-300x225.jpeg 300w, https:\/\/nsf.pt\/wp-content\/uploads\/2023\/01\/IMG_2767-co\u0301pia-1-768x576.jpeg 768w\" sizes=\"(max-width: 1024px) 100vw, 1024px\" \/><\/figure>\n\n\n\n<figure class=\"wp-block-image size-large is-style-default\"><img decoding=\"async\" loading=\"lazy\" width=\"1024\" height=\"768\" data-id=\"8931\" src=\"https:\/\/semfronteiras.eu\/wp-content\/uploads\/2023\/01\/IMG_2753-co\u0301pia-1.jpeg\" alt=\"\" class=\"wp-image-8931\" srcset=\"https:\/\/nsf.pt\/wp-content\/uploads\/2023\/01\/IMG_2753-co\u0301pia-1.jpeg 1024w, https:\/\/nsf.pt\/wp-content\/uploads\/2023\/01\/IMG_2753-co\u0301pia-1-300x225.jpeg 300w, https:\/\/nsf.pt\/wp-content\/uploads\/2023\/01\/IMG_2753-co\u0301pia-1-768x576.jpeg 768w\" sizes=\"(max-width: 1024px) 100vw, 1024px\" \/><\/figure>\n<\/figure>\n\n\n\n<div style=\"height:30px\" aria-hidden=\"true\" class=\"wp-block-spacer\"><\/div>\n\n\n\n<p>No final o grupo de ex-exilados pol\u00edticos e amigos tiraram uma fotografia com o filho de Jos\u00e9 Greg\u00f3rio que fica como registo de companheirismo e de reconhecimento \u00e0 figura \u00edmpar de um dos  dirigentes da revolta do 18 de janeiro de 1934.<\/p>\n\n\n\n<div style=\"height:19px\" aria-hidden=\"true\" class=\"wp-block-spacer\"><\/div>\n\n\n\n<figure class=\"wp-block-gallery has-nested-images columns-default is-cropped wp-block-gallery-7 is-layout-flex wp-block-gallery-is-layout-flex\">\n<figure class=\"wp-block-image size-large is-style-default\"><img decoding=\"async\" loading=\"lazy\" width=\"1024\" height=\"768\" data-id=\"8933\" src=\"https:\/\/semfronteiras.eu\/wp-content\/uploads\/2023\/01\/IMG_2784-co\u0301pia-1.jpeg\" alt=\"\" class=\"wp-image-8933\" srcset=\"https:\/\/nsf.pt\/wp-content\/uploads\/2023\/01\/IMG_2784-co\u0301pia-1.jpeg 1024w, https:\/\/nsf.pt\/wp-content\/uploads\/2023\/01\/IMG_2784-co\u0301pia-1-300x225.jpeg 300w, https:\/\/nsf.pt\/wp-content\/uploads\/2023\/01\/IMG_2784-co\u0301pia-1-768x576.jpeg 768w\" sizes=\"(max-width: 1024px) 100vw, 1024px\" \/><\/figure>\n<\/figure>\n\n\n\n<p class=\"has-text-align-center\"><strong>O filho de Jos\u00e9 Greg\u00f3rio ao centro, entre Jos\u00e9 Zaluar sentado \u00e0 esq. e Forqueta, sentado \u00e0 direita<\/strong>.<\/p>\n\n\n\n<p><mark style=\"background-color:rgba(0, 0, 0, 0)\" class=\"has-inline-color has-vivid-red-color\">SF | Reda\u00e7\u00e3o<\/mark><\/p>\n\n\n\n<p>\u00a9 fotografia Carlos Martins Pereira<\/p>\n\n\n\n<figure class=\"wp-block-image size-full is-resized is-style-default\"><img decoding=\"async\" loading=\"lazy\" src=\"https:\/\/semfronteiras.eu\/wp-content\/uploads\/2023\/01\/cmp-1.jpg\" alt=\"\" class=\"wp-image-8939\" width=\"219\" height=\"192\" srcset=\"https:\/\/nsf.pt\/wp-content\/uploads\/2023\/01\/cmp-1.jpg 418w, https:\/\/nsf.pt\/wp-content\/uploads\/2023\/01\/cmp-1-300x263.jpg 300w\" sizes=\"(max-width: 219px) 100vw, 219px\" \/><\/figure>\n","protected":false},"excerpt":{"rendered":"<p>Uma confraria de cristal Ant\u00f3nio Aires Rodrigues, sendo vice, fez de Gr\u00e3o Mestre e saudou&#8230;<\/p>\n","protected":false},"author":2,"featured_media":8934,"comment_status":"open","ping_status":"open","sticky":true,"template":"","format":"standard","meta":{"sfsi_plus_gutenberg_text_before_share":"","sfsi_plus_gutenberg_show_text_before_share":"","sfsi_plus_gutenberg_icon_type":"","sfsi_plus_gutenberg_icon_alignemt":"","sfsi_plus_gutenburg_max_per_row":"","ngg_post_thumbnail":0,"footnotes":""},"categories":[238,239,374],"tags":[408,353],"featured_image_urls":{"full":["https:\/\/nsf.pt\/wp-content\/uploads\/2023\/01\/ze-grag.jpg",1013,574,false],"thumbnail":["https:\/\/nsf.pt\/wp-content\/uploads\/2023\/01\/ze-grag-150x150.jpg",150,150,true],"medium":["https:\/\/nsf.pt\/wp-content\/uploads\/2023\/01\/ze-grag-300x170.jpg",300,170,true],"medium_large":["https:\/\/nsf.pt\/wp-content\/uploads\/2023\/01\/ze-grag-768x435.jpg",640,363,true],"large":["https:\/\/nsf.pt\/wp-content\/uploads\/2023\/01\/ze-grag.jpg",640,363,false],"1536x1536":["https:\/\/nsf.pt\/wp-content\/uploads\/2023\/01\/ze-grag.jpg",1013,574,false],"2048x2048":["https:\/\/nsf.pt\/wp-content\/uploads\/2023\/01\/ze-grag.jpg",1013,574,false],"covernews-slider-full":["https:\/\/nsf.pt\/wp-content\/uploads\/2023\/01\/ze-grag.jpg",1013,574,false],"covernews-slider-center":["https:\/\/nsf.pt\/wp-content\/uploads\/2023\/01\/ze-grag-800x500.jpg",800,500,true],"covernews-featured":["https:\/\/nsf.pt\/wp-content\/uploads\/2023\/01\/ze-grag.jpg",1013,574,false],"covernews-medium":["https:\/\/nsf.pt\/wp-content\/uploads\/2023\/01\/ze-grag-540x340.jpg",540,340,true],"covernews-medium-square":["https:\/\/nsf.pt\/wp-content\/uploads\/2023\/01\/ze-grag-400x250.jpg",400,250,true]},"author_info":{"info":["Carlos Ribeiro"]},"category_info":"<a href=\"https:\/\/nsf.pt\/index.php\/category\/destaque\/\" rel=\"category tag\">DESTAQUE<\/a> <a href=\"https:\/\/nsf.pt\/index.php\/category\/especial-sf\/\" rel=\"category tag\">ESPECIAL-SF<\/a> <a href=\"https:\/\/nsf.pt\/index.php\/category\/evento-central\/\" rel=\"category tag\">EVENTO CENTRAL<\/a>","tag_info":"EVENTO CENTRAL","comment_count":"0","_links":{"self":[{"href":"https:\/\/nsf.pt\/index.php\/wp-json\/wp\/v2\/posts\/8918"}],"collection":[{"href":"https:\/\/nsf.pt\/index.php\/wp-json\/wp\/v2\/posts"}],"about":[{"href":"https:\/\/nsf.pt\/index.php\/wp-json\/wp\/v2\/types\/post"}],"author":[{"embeddable":true,"href":"https:\/\/nsf.pt\/index.php\/wp-json\/wp\/v2\/users\/2"}],"replies":[{"embeddable":true,"href":"https:\/\/nsf.pt\/index.php\/wp-json\/wp\/v2\/comments?post=8918"}],"version-history":[{"count":5,"href":"https:\/\/nsf.pt\/index.php\/wp-json\/wp\/v2\/posts\/8918\/revisions"}],"predecessor-version":[{"id":8940,"href":"https:\/\/nsf.pt\/index.php\/wp-json\/wp\/v2\/posts\/8918\/revisions\/8940"}],"wp:featuredmedia":[{"embeddable":true,"href":"https:\/\/nsf.pt\/index.php\/wp-json\/wp\/v2\/media\/8934"}],"wp:attachment":[{"href":"https:\/\/nsf.pt\/index.php\/wp-json\/wp\/v2\/media?parent=8918"}],"wp:term":[{"taxonomy":"category","embeddable":true,"href":"https:\/\/nsf.pt\/index.php\/wp-json\/wp\/v2\/categories?post=8918"},{"taxonomy":"post_tag","embeddable":true,"href":"https:\/\/nsf.pt\/index.php\/wp-json\/wp\/v2\/tags?post=8918"}],"curies":[{"name":"wp","href":"https:\/\/api.w.org\/{rel}","templated":true}]}}