{"id":9041,"date":"2023-02-02T21:56:58","date_gmt":"2023-02-02T21:56:58","guid":{"rendered":"https:\/\/semfronteiras.eu\/?p=9041"},"modified":"2023-02-02T21:57:02","modified_gmt":"2023-02-02T21:57:02","slug":"agenda-maos-invisiveis-na-aja-lisboa","status":"publish","type":"post","link":"https:\/\/nsf.pt\/index.php\/2023\/02\/02\/agenda-maos-invisiveis-na-aja-lisboa\/","title":{"rendered":"AGENDA &#8211; &#8220;M\u00e3os invis\u00edveis&#8221; na AJA Lisboa"},"content":{"rendered":"<div class=\"wp-block-post-date\"><time datetime=\"2023-02-02T21:56:58+00:00\">2 de Fevereiro, 2023<\/time><\/div>\n\n\n<h2 class=\"wp-block-heading\"><strong><mark style=\"background-color:rgba(0, 0, 0, 0)\" class=\"has-inline-color has-vivid-red-color\">Come\u00e7amos fevereiro com cinema<\/mark>!<\/strong>\u00a0<\/h2>\n\n\n\n<div style=\"height:21px\" aria-hidden=\"true\" class=\"wp-block-spacer\"><\/div>\n\n\n\n<figure class=\"wp-block-gallery has-nested-images columns-default is-cropped wp-block-gallery-1 is-layout-flex wp-block-gallery-is-layout-flex\">\n<figure class=\"wp-block-image size-large is-style-default\"><img decoding=\"async\" loading=\"lazy\" width=\"1024\" height=\"526\" data-id=\"9042\" src=\"https:\/\/semfronteiras.eu\/wp-content\/uploads\/2023\/02\/les-mains-1024x526.jpg\" alt=\"\" class=\"wp-image-9042\" srcset=\"https:\/\/nsf.pt\/wp-content\/uploads\/2023\/02\/les-mains-1024x526.jpg 1024w, https:\/\/nsf.pt\/wp-content\/uploads\/2023\/02\/les-mains-300x154.jpg 300w, https:\/\/nsf.pt\/wp-content\/uploads\/2023\/02\/les-mains-768x394.jpg 768w, https:\/\/nsf.pt\/wp-content\/uploads\/2023\/02\/les-mains.jpg 1028w\" sizes=\"(max-width: 1024px) 100vw, 1024px\" \/><\/figure>\n<\/figure>\n\n\n\n<div style=\"height:16px\" aria-hidden=\"true\" class=\"wp-block-spacer\"><\/div>\n\n\n\n<p>Na\u00a0<strong>quinta-feira, dia 9 de fevereiro<\/strong>, pelas\u00a0<strong>18:30h<\/strong>, exibimos o filme \u201cLes Mains Invisibles\u201d (Invisible Hands), de Hugo dos Santos.<\/p>\n\n\n\n<p>Ap\u00f3s a estreia na \u00faltima edi\u00e7\u00e3o do Festival Doc Lisboa, esta longa-metragem volta a ser apresentada numa sess\u00e3o especial que incluir\u00e1 conversa com participantes do filme.<\/p>\n\n\n\n<p><strong>Sinopse:<\/strong><\/p>\n\n\n\n<p>Nos anos 1970, uma casa em Paris acolhia dezenas de desertores portugueses que fugiam da guerra colonial. Apenas os arquivos da PIDE guardaram vest\u00edgios das suas actividades anti-coloniais.&nbsp;<\/p>\n\n\n\n<p>De um personagem ao outro, juntando testemunhos e imagens amadoras, o filme reconstr\u00f3i esta mem\u00f3ria clandestina.<\/p>\n\n\n\n<p>Entrada Livre.<\/p>\n\n\n\n<h2 class=\"wp-block-heading\"><strong>Comunica\u00e7\u00e3o | AJA &#8211; N\u00facleo de Lisboa<\/strong><\/h2>\n","protected":false},"excerpt":{"rendered":"<p>Come\u00e7amos fevereiro com cinema!\u00a0 Na\u00a0quinta-feira, dia 9 de fevereiro, pelas\u00a018:30h, exibimos o filme \u201cLes Mains&#8230;<\/p>\n","protected":false},"author":2,"featured_media":9042,"comment_status":"open","ping_status":"open","sticky":true,"template":"","format":"standard","meta":{"sfsi_plus_gutenberg_text_before_share":"","sfsi_plus_gutenberg_show_text_before_share":"","sfsi_plus_gutenberg_icon_type":"","sfsi_plus_gutenberg_icon_alignemt":"","sfsi_plus_gutenburg_max_per_row":"","ngg_post_thumbnail":0,"footnotes":""},"categories":[207,3,317],"tags":[96],"featured_image_urls":{"full":["https:\/\/nsf.pt\/wp-content\/uploads\/2023\/02\/les-mains.jpg",1028,528,false],"thumbnail":["https:\/\/nsf.pt\/wp-content\/uploads\/2023\/02\/les-mains-150x150.jpg",150,150,true],"medium":["https:\/\/nsf.pt\/wp-content\/uploads\/2023\/02\/les-mains-300x154.jpg",300,154,true],"medium_large":["https:\/\/nsf.pt\/wp-content\/uploads\/2023\/02\/les-mains-768x394.jpg",640,328,true],"large":["https:\/\/nsf.pt\/wp-content\/uploads\/2023\/02\/les-mains-1024x526.jpg",640,329,true],"1536x1536":["https:\/\/nsf.pt\/wp-content\/uploads\/2023\/02\/les-mains.jpg",1028,528,false],"2048x2048":["https:\/\/nsf.pt\/wp-content\/uploads\/2023\/02\/les-mains.jpg",1028,528,false],"covernews-slider-full":["https:\/\/nsf.pt\/wp-content\/uploads\/2023\/02\/les-mains.jpg",1028,528,false],"covernews-slider-center":["https:\/\/nsf.pt\/wp-content\/uploads\/2023\/02\/les-mains-800x500.jpg",800,500,true],"covernews-featured":["https:\/\/nsf.pt\/wp-content\/uploads\/2023\/02\/les-mains-1024x526.jpg",1024,526,true],"covernews-medium":["https:\/\/nsf.pt\/wp-content\/uploads\/2023\/02\/les-mains-540x340.jpg",540,340,true],"covernews-medium-square":["https:\/\/nsf.pt\/wp-content\/uploads\/2023\/02\/les-mains-400x250.jpg",400,250,true]},"author_info":{"info":["Carlos Ribeiro"]},"category_info":"<a href=\"https:\/\/nsf.pt\/index.php\/category\/agenda-2\/\" rel=\"category tag\">AGENDA<\/a> <a href=\"https:\/\/nsf.pt\/index.php\/category\/cooperacao\/\" rel=\"category tag\">COOPERA\u00c7\u00c3O<\/a> <a href=\"https:\/\/nsf.pt\/index.php\/category\/noticias\/\" rel=\"category tag\">NOTICIAS<\/a>","tag_info":"NOTICIAS","comment_count":"0","_links":{"self":[{"href":"https:\/\/nsf.pt\/index.php\/wp-json\/wp\/v2\/posts\/9041"}],"collection":[{"href":"https:\/\/nsf.pt\/index.php\/wp-json\/wp\/v2\/posts"}],"about":[{"href":"https:\/\/nsf.pt\/index.php\/wp-json\/wp\/v2\/types\/post"}],"author":[{"embeddable":true,"href":"https:\/\/nsf.pt\/index.php\/wp-json\/wp\/v2\/users\/2"}],"replies":[{"embeddable":true,"href":"https:\/\/nsf.pt\/index.php\/wp-json\/wp\/v2\/comments?post=9041"}],"version-history":[{"count":1,"href":"https:\/\/nsf.pt\/index.php\/wp-json\/wp\/v2\/posts\/9041\/revisions"}],"predecessor-version":[{"id":9043,"href":"https:\/\/nsf.pt\/index.php\/wp-json\/wp\/v2\/posts\/9041\/revisions\/9043"}],"wp:featuredmedia":[{"embeddable":true,"href":"https:\/\/nsf.pt\/index.php\/wp-json\/wp\/v2\/media\/9042"}],"wp:attachment":[{"href":"https:\/\/nsf.pt\/index.php\/wp-json\/wp\/v2\/media?parent=9041"}],"wp:term":[{"taxonomy":"category","embeddable":true,"href":"https:\/\/nsf.pt\/index.php\/wp-json\/wp\/v2\/categories?post=9041"},{"taxonomy":"post_tag","embeddable":true,"href":"https:\/\/nsf.pt\/index.php\/wp-json\/wp\/v2\/tags?post=9041"}],"curies":[{"name":"wp","href":"https:\/\/api.w.org\/{rel}","templated":true}]}}