{"id":9083,"date":"2023-02-21T02:25:51","date_gmt":"2023-02-21T02:25:51","guid":{"rendered":"https:\/\/semfronteiras.eu\/?p=9083"},"modified":"2023-02-21T02:28:18","modified_gmt":"2023-02-21T02:28:18","slug":"daniel-bastos-apresenta-livro-no-luxemburgo","status":"publish","type":"post","link":"https:\/\/nsf.pt\/index.php\/2023\/02\/21\/daniel-bastos-apresenta-livro-no-luxemburgo\/","title":{"rendered":"Daniel Bastos apresenta livro no Luxemburgo"},"content":{"rendered":"<div class=\"wp-block-post-date\"><time datetime=\"2023-02-21T02:25:51+00:00\">21 de Fevereiro, 2023<\/time><\/div>\n\n\n<h2 class=\"wp-block-heading\"><mark style=\"background-color:rgba(0, 0, 0, 0)\" class=\"has-inline-color has-vivid-red-color\">Centro de documenta\u00e7\u00e3o sobre as migra\u00e7\u00f5es humanas organiza confer\u00eancia no Festival das Migra\u00e7\u00f5es de Kirchberg<\/mark><\/h2>\n\n\n\n<div style=\"height:20px\" aria-hidden=\"true\" class=\"wp-block-spacer\"><\/div>\n\n\n\n<figure class=\"wp-block-gallery has-nested-images columns-default is-cropped wp-block-gallery-1 is-layout-flex wp-block-gallery-is-layout-flex\">\n<figure class=\"wp-block-image size-large is-style-default\"><img decoding=\"async\" loading=\"lazy\" width=\"646\" height=\"226\" data-id=\"9084\" src=\"https:\/\/semfronteiras.eu\/wp-content\/uploads\/2023\/02\/db2.jpg\" alt=\"\" class=\"wp-image-9084\" srcset=\"https:\/\/nsf.pt\/wp-content\/uploads\/2023\/02\/db2.jpg 646w, https:\/\/nsf.pt\/wp-content\/uploads\/2023\/02\/db2-300x105.jpg 300w\" sizes=\"(max-width: 646px) 100vw, 646px\" \/><\/figure>\n<\/figure>\n\n\n\n<div style=\"height:18px\" aria-hidden=\"true\" class=\"wp-block-spacer\"><\/div>\n\n\n\n<p>No dia&nbsp;<strong>25 de fevereiro (s\u00e1bado)<\/strong>,&nbsp;Daniel Bastos apresenta \u00e0s&nbsp;<strong>13h00<\/strong>, na&nbsp;<strong>Sala 2B da LuxExpo,&nbsp;<\/strong>em<strong>&nbsp;Kirchberg,&nbsp;<\/strong>no \u00e2mbito do<strong>&nbsp;Festival das Migra\u00e7\u00f5es<\/strong>,&nbsp;o seu \u00faltimo livro \u201cCr\u00f3nicas &#8211; Comunidades, Emigra\u00e7\u00e3o e Lusofonia\u201d.<\/p>\n\n\n\n<p>A apresenta\u00e7\u00e3o da obra integra o programa da&nbsp;<strong>confer\u00eancia-debate<\/strong>&nbsp;sobre a emigra\u00e7\u00e3o lus\u00f3fona promovida pelo&nbsp;<strong>Centro de Documenta\u00e7\u00e3o sobre Migra\u00e7\u00f5es Humanas (CDMH)<\/strong>, uma iniciativa que contar\u00e1 com a presen\u00e7a de&nbsp;<strong>Maria Beatriz Rocha-Trindade<\/strong>, uma das maiores especialistas nacionais do fen\u00f3meno das migra\u00e7\u00f5es, e que ser\u00e1 moderada pela soci\u00f3loga&nbsp;<strong>Heidi Martins<\/strong>, investigadora do CDMH.<\/p>\n\n\n\n<h2 class=\"wp-block-heading\">Festival das migra\u00e7\u00f5es<\/h2>\n\n\n\n<p>O evento apresenta um programa muito diversificado e a vertente cinema tamb\u00e9m est\u00e1 presente com a apresenta\u00e7\u00e3o do filme &#8220;A chegada da Juventude&#8221;  de Fabio Bottani <br>Inspirado no livro Tanti italianifa\u2026 in Lussemburgo de Remo Ceccarelli, o filme conta a hist\u00f3ria de um s\u00e9culo de imigra\u00e7\u00e3o italiana para Luxemburgo contada atrav\u00e9s da saga de uma fam\u00edlia transalpina. Ao fundo, a equipa de futebol juvenil de Esch-sur-Alzette, cujos jogadores s\u00e3o todos italianos e todos &#8220;filhos da mina&#8221;.<br>Segue-se um debate com o p\u00fablico na presen\u00e7a do diretor Fabio Bottani, Oreste Sacchelli, professor em\u00e9rito da Universidade de Lorraine, especialista em civiliza\u00e7\u00e3o e cinema italianos contempor\u00e2neos, e Mirka Costanzi, atriz.<\/p>\n\n\n\n<p><\/p>\n\n\n\n<figure class=\"wp-block-embed is-type-video is-provider-youtube wp-block-embed-youtube wp-embed-aspect-16-9 wp-has-aspect-ratio\"><div class=\"wp-block-embed__wrapper\">\n<iframe loading=\"lazy\" title=\"L&#039; Arriv\u00e9e de La Jeunesse | Official Trailer 4K\" width=\"640\" height=\"360\" src=\"https:\/\/www.youtube.com\/embed\/Uq-nqlC6ygU?feature=oembed\" frameborder=\"0\" allow=\"accelerometer; autoplay; clipboard-write; encrypted-media; gyroscope; picture-in-picture; web-share\" allowfullscreen><\/iframe>\n<\/div><\/figure>\n","protected":false},"excerpt":{"rendered":"<p>Centro de documenta\u00e7\u00e3o sobre as migra\u00e7\u00f5es humanas organiza confer\u00eancia no Festival das Migra\u00e7\u00f5es de Kirchberg&#8230;<\/p>\n","protected":false},"author":2,"featured_media":9086,"comment_status":"open","ping_status":"open","sticky":true,"template":"","format":"standard","meta":{"sfsi_plus_gutenberg_text_before_share":"","sfsi_plus_gutenberg_show_text_before_share":"","sfsi_plus_gutenberg_icon_type":"","sfsi_plus_gutenberg_icon_alignemt":"","sfsi_plus_gutenburg_max_per_row":"","ngg_post_thumbnail":0,"footnotes":""},"categories":[207,242,236,317],"tags":[366,145],"featured_image_urls":{"full":["https:\/\/nsf.pt\/wp-content\/uploads\/2023\/02\/db1.jpg",969,463,false],"thumbnail":["https:\/\/nsf.pt\/wp-content\/uploads\/2023\/02\/db1-150x150.jpg",150,150,true],"medium":["https:\/\/nsf.pt\/wp-content\/uploads\/2023\/02\/db1-300x143.jpg",300,143,true],"medium_large":["https:\/\/nsf.pt\/wp-content\/uploads\/2023\/02\/db1-768x367.jpg",640,306,true],"large":["https:\/\/nsf.pt\/wp-content\/uploads\/2023\/02\/db1.jpg",640,306,false],"1536x1536":["https:\/\/nsf.pt\/wp-content\/uploads\/2023\/02\/db1.jpg",969,463,false],"2048x2048":["https:\/\/nsf.pt\/wp-content\/uploads\/2023\/02\/db1.jpg",969,463,false],"covernews-slider-full":["https:\/\/nsf.pt\/wp-content\/uploads\/2023\/02\/db1.jpg",969,463,false],"covernews-slider-center":["https:\/\/nsf.pt\/wp-content\/uploads\/2023\/02\/db1-800x463.jpg",800,463,true],"covernews-featured":["https:\/\/nsf.pt\/wp-content\/uploads\/2023\/02\/db1.jpg",969,463,false],"covernews-medium":["https:\/\/nsf.pt\/wp-content\/uploads\/2023\/02\/db1-540x340.jpg",540,340,true],"covernews-medium-square":["https:\/\/nsf.pt\/wp-content\/uploads\/2023\/02\/db1-400x250.jpg",400,250,true]},"author_info":{"info":["Carlos Ribeiro"]},"category_info":"<a href=\"https:\/\/nsf.pt\/index.php\/category\/agenda-2\/\" rel=\"category tag\">AGENDA<\/a> <a href=\"https:\/\/nsf.pt\/index.php\/category\/livros-musica\/\" rel=\"category tag\">LIVROS &amp; M\u00daSICA<\/a> <a href=\"https:\/\/nsf.pt\/index.php\/category\/mundo\/\" rel=\"category tag\">MUNDO<\/a> <a href=\"https:\/\/nsf.pt\/index.php\/category\/noticias\/\" rel=\"category tag\">NOTICIAS<\/a>","tag_info":"NOTICIAS","comment_count":"0","_links":{"self":[{"href":"https:\/\/nsf.pt\/index.php\/wp-json\/wp\/v2\/posts\/9083"}],"collection":[{"href":"https:\/\/nsf.pt\/index.php\/wp-json\/wp\/v2\/posts"}],"about":[{"href":"https:\/\/nsf.pt\/index.php\/wp-json\/wp\/v2\/types\/post"}],"author":[{"embeddable":true,"href":"https:\/\/nsf.pt\/index.php\/wp-json\/wp\/v2\/users\/2"}],"replies":[{"embeddable":true,"href":"https:\/\/nsf.pt\/index.php\/wp-json\/wp\/v2\/comments?post=9083"}],"version-history":[{"count":2,"href":"https:\/\/nsf.pt\/index.php\/wp-json\/wp\/v2\/posts\/9083\/revisions"}],"predecessor-version":[{"id":9087,"href":"https:\/\/nsf.pt\/index.php\/wp-json\/wp\/v2\/posts\/9083\/revisions\/9087"}],"wp:featuredmedia":[{"embeddable":true,"href":"https:\/\/nsf.pt\/index.php\/wp-json\/wp\/v2\/media\/9086"}],"wp:attachment":[{"href":"https:\/\/nsf.pt\/index.php\/wp-json\/wp\/v2\/media?parent=9083"}],"wp:term":[{"taxonomy":"category","embeddable":true,"href":"https:\/\/nsf.pt\/index.php\/wp-json\/wp\/v2\/categories?post=9083"},{"taxonomy":"post_tag","embeddable":true,"href":"https:\/\/nsf.pt\/index.php\/wp-json\/wp\/v2\/tags?post=9083"}],"curies":[{"name":"wp","href":"https:\/\/api.w.org\/{rel}","templated":true}]}}