{"id":9088,"date":"2023-02-21T11:18:14","date_gmt":"2023-02-21T11:18:14","guid":{"rendered":"https:\/\/semfronteiras.eu\/?p=9088"},"modified":"2023-02-22T10:58:44","modified_gmt":"2023-02-22T10:58:44","slug":"antonio-pinheiro-da-silva-no-quantos-e-que-nos-somos","status":"publish","type":"post","link":"https:\/\/nsf.pt\/index.php\/2023\/02\/21\/antonio-pinheiro-da-silva-no-quantos-e-que-nos-somos\/","title":{"rendered":"Ant\u00f3nio Pinheiro da Silva no &#8220;Quantos \u00e9 que n\u00f3s somos&#8221;"},"content":{"rendered":"<div class=\"wp-block-post-date\"><time datetime=\"2023-02-21T11:18:14+00:00\">21 de Fevereiro, 2023<\/time><\/div>\n\n\n<h2 class=\"wp-block-heading\"><mark style=\"background-color:rgba(0, 0, 0, 0)\" class=\"has-inline-color has-vivid-red-color\">AJA-LISBOA 23 FEV. 19:00h<\/mark><\/h2>\n\n\n\n<div style=\"height:13px\" aria-hidden=\"true\" class=\"wp-block-spacer\"><\/div>\n\n\n\n<figure class=\"wp-block-gallery has-nested-images columns-default is-cropped wp-block-gallery-1 is-layout-flex wp-block-gallery-is-layout-flex\">\n<figure class=\"wp-block-image size-large is-style-default\"><img decoding=\"async\" loading=\"lazy\" width=\"717\" height=\"378\" data-id=\"9092\" src=\"https:\/\/semfronteiras.eu\/wp-content\/uploads\/2023\/02\/marco.jpg\" alt=\"\" class=\"wp-image-9092\" srcset=\"https:\/\/nsf.pt\/wp-content\/uploads\/2023\/02\/marco.jpg 717w, https:\/\/nsf.pt\/wp-content\/uploads\/2023\/02\/marco-300x158.jpg 300w\" sizes=\"(max-width: 717px) 100vw, 717px\" \/><\/figure>\n<\/figure>\n\n\n\n<div style=\"height:20px\" aria-hidden=\"true\" class=\"wp-block-spacer\"><\/div>\n\n\n\n<p>Esta&nbsp;<strong>quinta-feira, dia 23 de fevereiro<\/strong>, pelas&nbsp;<strong>19:00h,&nbsp;<\/strong>recebemos mais uma sess\u00e3o do Ciclo de Conversas \u201cQuantos \u00e9 que n\u00f3s somos?\u201d.<\/p>\n\n\n\n<p>Desta vez, o convidado ser\u00e1&nbsp;<strong>Ant\u00f3nio Pinheiro da Silva.<\/strong><\/p>\n\n\n\n<p>Ant\u00f3nio Pinheiro da Silva&nbsp;<strong>(T\u00f3 Pinheiro)&nbsp;<\/strong>\u00e9 consensualmente reconhecido como&nbsp;<strong>o engenheiro de som que mais contribuiu para a produ\u00e7\u00e3o musical discogr\u00e1fica em Portugal<\/strong>&nbsp;tendo gravado e misturados mais de 150 discos dos mais importantes nomes do panorama musical portugu\u00eas, tais como Dulce Pontes, Madredeus, Carlos do Carmo, S\u00e9rgio Godinho, Jorge Palma ou Jos\u00e9 M\u00e1rio Branco.&nbsp;Junta-se a n\u00f3s para partilhar um pouco do seu percurso.<\/p>\n\n\n\n<p>\u201cQuantos \u00e9 que n\u00f3s somos?\u201d \u2013 di\u00e1logos abertos sobre os of\u00edcios da cria\u00e7\u00e3o art\u00edstica \u00e9 um projeto idealizado e dinamizado pelo fadista Marco Oliveira, com frequ\u00eancia mensal \u2013 sempre na \u00faltima quinta-feira de cada m\u00eas.<\/p>\n\n\n\n<p>Est\u00e1 ainda patente,&nbsp;<strong>at\u00e9 31 de Mar\u00e7o de 2023<\/strong>,&nbsp;<strong>a exposi\u00e7\u00e3o fotogr\u00e1fica \u201cQuantos \u00e9 que n\u00f3s somos\u201d<\/strong>, do fot\u00f3grafo&nbsp;<strong>Tiago Fezas Vital<\/strong>. O que teria sido uma discreta aproxima\u00e7\u00e3o do fot\u00f3grafo ao trabalho de est\u00fadio tornou-se no \u00fanico registo do processo de grava\u00e7\u00e3o do disco Ruas e Mem\u00f3rias, de Marco Oliveira, com direc\u00e7\u00e3o de Jos\u00e9 M\u00e1rio Branco, e tamb\u00e9m na cristaliza\u00e7\u00e3o das \u00faltimas horas de vida de um homem no exerc\u00edcio do seu of\u00edcio.<\/p>\n\n\n\n<p><strong>Entrada Livre.<\/strong><\/p>\n\n\n\n<p><\/p>\n\n\n\n<p><em>FONTE AJA &#8211; Lisboa<\/em><\/p>\n\n\n\n<figure class=\"wp-block-gallery has-nested-images columns-default is-cropped wp-block-gallery-3 is-layout-flex wp-block-gallery-is-layout-flex\">\n<figure class=\"wp-block-image size-large is-style-default\"><img decoding=\"async\" loading=\"lazy\" width=\"1024\" height=\"497\" data-id=\"9093\" src=\"https:\/\/semfronteiras.eu\/wp-content\/uploads\/2023\/02\/ajalx-1-1024x497.jpg\" alt=\"\" class=\"wp-image-9093\" srcset=\"https:\/\/nsf.pt\/wp-content\/uploads\/2023\/02\/ajalx-1-1024x497.jpg 1024w, https:\/\/nsf.pt\/wp-content\/uploads\/2023\/02\/ajalx-1-300x145.jpg 300w, https:\/\/nsf.pt\/wp-content\/uploads\/2023\/02\/ajalx-1-768x372.jpg 768w, https:\/\/nsf.pt\/wp-content\/uploads\/2023\/02\/ajalx-1.jpg 1029w\" sizes=\"(max-width: 1024px) 100vw, 1024px\" \/><\/figure>\n<\/figure>\n","protected":false},"excerpt":{"rendered":"<p>AJA-LISBOA 23 FEV. 19:00h Esta&nbsp;quinta-feira, dia 23 de fevereiro, pelas&nbsp;19:00h,&nbsp;recebemos mais uma sess\u00e3o do Ciclo&#8230;<\/p>\n","protected":false},"author":2,"featured_media":9089,"comment_status":"open","ping_status":"open","sticky":true,"template":"","format":"standard","meta":{"sfsi_plus_gutenberg_text_before_share":"","sfsi_plus_gutenberg_show_text_before_share":"","sfsi_plus_gutenberg_icon_type":"","sfsi_plus_gutenberg_icon_alignemt":"","sfsi_plus_gutenburg_max_per_row":"","ngg_post_thumbnail":0,"footnotes":""},"categories":[207,3],"tags":[104],"featured_image_urls":{"full":["https:\/\/nsf.pt\/wp-content\/uploads\/2023\/02\/ajalx.jpg",1029,499,false],"thumbnail":["https:\/\/nsf.pt\/wp-content\/uploads\/2023\/02\/ajalx-150x150.jpg",150,150,true],"medium":["https:\/\/nsf.pt\/wp-content\/uploads\/2023\/02\/ajalx-300x145.jpg",300,145,true],"medium_large":["https:\/\/nsf.pt\/wp-content\/uploads\/2023\/02\/ajalx-768x372.jpg",640,310,true],"large":["https:\/\/nsf.pt\/wp-content\/uploads\/2023\/02\/ajalx-1024x497.jpg",640,311,true],"1536x1536":["https:\/\/nsf.pt\/wp-content\/uploads\/2023\/02\/ajalx.jpg",1029,499,false],"2048x2048":["https:\/\/nsf.pt\/wp-content\/uploads\/2023\/02\/ajalx.jpg",1029,499,false],"covernews-slider-full":["https:\/\/nsf.pt\/wp-content\/uploads\/2023\/02\/ajalx.jpg",1029,499,false],"covernews-slider-center":["https:\/\/nsf.pt\/wp-content\/uploads\/2023\/02\/ajalx-800x499.jpg",800,499,true],"covernews-featured":["https:\/\/nsf.pt\/wp-content\/uploads\/2023\/02\/ajalx-1024x497.jpg",1024,497,true],"covernews-medium":["https:\/\/nsf.pt\/wp-content\/uploads\/2023\/02\/ajalx-540x340.jpg",540,340,true],"covernews-medium-square":["https:\/\/nsf.pt\/wp-content\/uploads\/2023\/02\/ajalx-400x250.jpg",400,250,true]},"author_info":{"info":["Carlos Ribeiro"]},"category_info":"<a href=\"https:\/\/nsf.pt\/index.php\/category\/agenda-2\/\" rel=\"category tag\">AGENDA<\/a> <a href=\"https:\/\/nsf.pt\/index.php\/category\/cooperacao\/\" rel=\"category tag\">COOPERA\u00c7\u00c3O<\/a>","tag_info":"COOPERA\u00c7\u00c3O","comment_count":"0","_links":{"self":[{"href":"https:\/\/nsf.pt\/index.php\/wp-json\/wp\/v2\/posts\/9088"}],"collection":[{"href":"https:\/\/nsf.pt\/index.php\/wp-json\/wp\/v2\/posts"}],"about":[{"href":"https:\/\/nsf.pt\/index.php\/wp-json\/wp\/v2\/types\/post"}],"author":[{"embeddable":true,"href":"https:\/\/nsf.pt\/index.php\/wp-json\/wp\/v2\/users\/2"}],"replies":[{"embeddable":true,"href":"https:\/\/nsf.pt\/index.php\/wp-json\/wp\/v2\/comments?post=9088"}],"version-history":[{"count":3,"href":"https:\/\/nsf.pt\/index.php\/wp-json\/wp\/v2\/posts\/9088\/revisions"}],"predecessor-version":[{"id":9094,"href":"https:\/\/nsf.pt\/index.php\/wp-json\/wp\/v2\/posts\/9088\/revisions\/9094"}],"wp:featuredmedia":[{"embeddable":true,"href":"https:\/\/nsf.pt\/index.php\/wp-json\/wp\/v2\/media\/9089"}],"wp:attachment":[{"href":"https:\/\/nsf.pt\/index.php\/wp-json\/wp\/v2\/media?parent=9088"}],"wp:term":[{"taxonomy":"category","embeddable":true,"href":"https:\/\/nsf.pt\/index.php\/wp-json\/wp\/v2\/categories?post=9088"},{"taxonomy":"post_tag","embeddable":true,"href":"https:\/\/nsf.pt\/index.php\/wp-json\/wp\/v2\/tags?post=9088"}],"curies":[{"name":"wp","href":"https:\/\/api.w.org\/{rel}","templated":true}]}}