{"id":9109,"date":"2023-02-24T23:07:17","date_gmt":"2023-02-24T23:07:17","guid":{"rendered":"https:\/\/semfronteiras.eu\/?p=9109"},"modified":"2023-02-25T21:00:06","modified_gmt":"2023-02-25T21:00:06","slug":"zeca-afonso-ao-lado-de-pomar","status":"publish","type":"post","link":"https:\/\/nsf.pt\/index.php\/2023\/02\/24\/zeca-afonso-ao-lado-de-pomar\/","title":{"rendered":"Zeca Afonso ao lado de Pomar"},"content":{"rendered":"<div class=\"wp-block-post-date\"><time datetime=\"2023-02-24T23:07:17+00:00\">24 de Fevereiro, 2023<\/time><\/div>\n\n\n<h2 class=\"wp-block-heading\"><mark style=\"background-color:rgba(0, 0, 0, 0)\" class=\"has-inline-color has-vivid-red-color\">No Caf\u00e9 Central, nas Caldas da Rainha, houve Zeca e festa<\/mark><\/h2>\n\n\n\n<p>Foi no caf\u00e9 que simbolicamente representa a resist\u00eancia \u00e0 ditadura salazarista, o Central, que se realizou a iniciativa do N\u00facleo da AJA &#8211; Caldas da Rainha na qual Zeca Afonso foi recordado com festa e emo\u00e7\u00e3o.<\/p>\n\n\n\n<p>Francisco Fanhais e Manuel Freire estiveram presentes e houve can\u00e7\u00f5es e poesia. <\/p>\n\n\n\n<p>Um cartaz de Jos\u00e9 Afonso associava~se informalmente ao elemento mais emblem\u00e1tico do espa\u00e7o que \u00e9 um painel de baixo relevo de J\u00falio Pomar designado por \u201cunic\u00f3rnio\u201d datado dos anos 50.<\/p>\n\n\n\n<div style=\"height:23px\" aria-hidden=\"true\" class=\"wp-block-spacer\"><\/div>\n\n\n\n<figure class=\"wp-block-gallery has-nested-images columns-default is-cropped wp-block-gallery-1 is-layout-flex wp-block-gallery-is-layout-flex\">\n<figure class=\"wp-block-image size-large is-style-default\"><img decoding=\"async\" loading=\"lazy\" width=\"1024\" height=\"768\" data-id=\"9111\" src=\"https:\/\/semfronteiras.eu\/wp-content\/uploads\/2023\/02\/caldas-2.jpeg\" alt=\"\" class=\"wp-image-9111\" srcset=\"https:\/\/nsf.pt\/wp-content\/uploads\/2023\/02\/caldas-2.jpeg 1024w, https:\/\/nsf.pt\/wp-content\/uploads\/2023\/02\/caldas-2-300x225.jpeg 300w, https:\/\/nsf.pt\/wp-content\/uploads\/2023\/02\/caldas-2-768x576.jpeg 768w\" sizes=\"(max-width: 1024px) 100vw, 1024px\" \/><\/figure>\n<\/figure>\n\n\n\n<div style=\"height:19px\" aria-hidden=\"true\" class=\"wp-block-spacer\"><\/div>\n\n\n\n<figure class=\"wp-block-gallery has-nested-images columns-default is-cropped wp-block-gallery-3 is-layout-flex wp-block-gallery-is-layout-flex\">\n<figure class=\"wp-block-image size-large is-style-default\"><img decoding=\"async\" loading=\"lazy\" width=\"1024\" height=\"768\" data-id=\"9112\" src=\"https:\/\/semfronteiras.eu\/wp-content\/uploads\/2023\/02\/caldas-6-1.jpeg\" alt=\"\" class=\"wp-image-9112\" srcset=\"https:\/\/nsf.pt\/wp-content\/uploads\/2023\/02\/caldas-6-1.jpeg 1024w, https:\/\/nsf.pt\/wp-content\/uploads\/2023\/02\/caldas-6-1-300x225.jpeg 300w, https:\/\/nsf.pt\/wp-content\/uploads\/2023\/02\/caldas-6-1-768x576.jpeg 768w\" sizes=\"(max-width: 1024px) 100vw, 1024px\" \/><\/figure>\n\n\n\n<figure class=\"wp-block-image size-large is-style-default\"><img decoding=\"async\" loading=\"lazy\" width=\"960\" height=\"720\" data-id=\"9113\" src=\"https:\/\/semfronteiras.eu\/wp-content\/uploads\/2023\/02\/caldas1.jpeg\" alt=\"\" class=\"wp-image-9113\" srcset=\"https:\/\/nsf.pt\/wp-content\/uploads\/2023\/02\/caldas1.jpeg 960w, https:\/\/nsf.pt\/wp-content\/uploads\/2023\/02\/caldas1-300x225.jpeg 300w, https:\/\/nsf.pt\/wp-content\/uploads\/2023\/02\/caldas1-768x576.jpeg 768w\" sizes=\"(max-width: 960px) 100vw, 960px\" \/><\/figure>\n\n\n\n<figure class=\"wp-block-image size-large is-style-default\"><img decoding=\"async\" loading=\"lazy\" width=\"768\" height=\"1024\" data-id=\"9114\" src=\"https:\/\/semfronteiras.eu\/wp-content\/uploads\/2023\/02\/caldas3.jpeg\" alt=\"\" class=\"wp-image-9114\" srcset=\"https:\/\/nsf.pt\/wp-content\/uploads\/2023\/02\/caldas3.jpeg 768w, https:\/\/nsf.pt\/wp-content\/uploads\/2023\/02\/caldas3-225x300.jpeg 225w\" sizes=\"(max-width: 768px) 100vw, 768px\" \/><\/figure>\n\n\n\n<figure class=\"wp-block-image size-large is-style-default\"><img decoding=\"async\" loading=\"lazy\" width=\"1024\" height=\"768\" data-id=\"9115\" src=\"https:\/\/semfronteiras.eu\/wp-content\/uploads\/2023\/02\/caldas4.jpeg\" alt=\"\" class=\"wp-image-9115\" srcset=\"https:\/\/nsf.pt\/wp-content\/uploads\/2023\/02\/caldas4.jpeg 1024w, https:\/\/nsf.pt\/wp-content\/uploads\/2023\/02\/caldas4-300x225.jpeg 300w, https:\/\/nsf.pt\/wp-content\/uploads\/2023\/02\/caldas4-768x576.jpeg 768w\" sizes=\"(max-width: 1024px) 100vw, 1024px\" \/><\/figure>\n\n\n\n<figure class=\"wp-block-image size-large is-style-default\"><img decoding=\"async\" loading=\"lazy\" width=\"768\" height=\"1024\" data-id=\"9116\" src=\"https:\/\/semfronteiras.eu\/wp-content\/uploads\/2023\/02\/caldas5.jpeg\" alt=\"\" class=\"wp-image-9116\" srcset=\"https:\/\/nsf.pt\/wp-content\/uploads\/2023\/02\/caldas5.jpeg 768w, https:\/\/nsf.pt\/wp-content\/uploads\/2023\/02\/caldas5-225x300.jpeg 225w\" sizes=\"(max-width: 768px) 100vw, 768px\" \/><\/figure>\n<\/figure>\n\n\n\n<p>Outras iniciativas promovidas pelo N\u00facleo AJA &#8211; Caldas da Rainha est\u00e3o previstas para muito em breve. <\/p>\n\n\n\n<p><em>Fotos @ AJA-Caldas<\/em><\/p>\n","protected":false},"excerpt":{"rendered":"<p>No Caf\u00e9 Central, nas Caldas da Rainha, houve Zeca e festa Foi no caf\u00e9 que&#8230;<\/p>\n","protected":false},"author":2,"featured_media":9111,"comment_status":"open","ping_status":"open","sticky":true,"template":"","format":"standard","meta":{"sfsi_plus_gutenberg_text_before_share":"","sfsi_plus_gutenberg_show_text_before_share":"","sfsi_plus_gutenberg_icon_type":"","sfsi_plus_gutenberg_icon_alignemt":"","sfsi_plus_gutenburg_max_per_row":"","ngg_post_thumbnail":0,"footnotes":""},"categories":[3,238,317,395],"tags":[418,179],"featured_image_urls":{"full":["https:\/\/nsf.pt\/wp-content\/uploads\/2023\/02\/caldas-2.jpeg",1024,768,false],"thumbnail":["https:\/\/nsf.pt\/wp-content\/uploads\/2023\/02\/caldas-2-150x150.jpeg",150,150,true],"medium":["https:\/\/nsf.pt\/wp-content\/uploads\/2023\/02\/caldas-2-300x225.jpeg",300,225,true],"medium_large":["https:\/\/nsf.pt\/wp-content\/uploads\/2023\/02\/caldas-2-768x576.jpeg",640,480,true],"large":["https:\/\/nsf.pt\/wp-content\/uploads\/2023\/02\/caldas-2.jpeg",640,480,false],"1536x1536":["https:\/\/nsf.pt\/wp-content\/uploads\/2023\/02\/caldas-2.jpeg",1024,768,false],"2048x2048":["https:\/\/nsf.pt\/wp-content\/uploads\/2023\/02\/caldas-2.jpeg",1024,768,false],"covernews-slider-full":["https:\/\/nsf.pt\/wp-content\/uploads\/2023\/02\/caldas-2-1024x715.jpeg",1024,715,true],"covernews-slider-center":["https:\/\/nsf.pt\/wp-content\/uploads\/2023\/02\/caldas-2-800x500.jpeg",800,500,true],"covernews-featured":["https:\/\/nsf.pt\/wp-content\/uploads\/2023\/02\/caldas-2.jpeg",1024,768,false],"covernews-medium":["https:\/\/nsf.pt\/wp-content\/uploads\/2023\/02\/caldas-2-540x340.jpeg",540,340,true],"covernews-medium-square":["https:\/\/nsf.pt\/wp-content\/uploads\/2023\/02\/caldas-2-400x250.jpeg",400,250,true]},"author_info":{"info":["Carlos Ribeiro"]},"category_info":"<a href=\"https:\/\/nsf.pt\/index.php\/category\/cooperacao\/\" rel=\"category tag\">COOPERA\u00c7\u00c3O<\/a> <a href=\"https:\/\/nsf.pt\/index.php\/category\/destaque\/\" rel=\"category tag\">DESTAQUE<\/a> <a href=\"https:\/\/nsf.pt\/index.php\/category\/noticias\/\" rel=\"category tag\">NOTICIAS<\/a> <a href=\"https:\/\/nsf.pt\/index.php\/category\/zeca-afonso\/\" rel=\"category tag\">ZECA AFONSO<\/a>","tag_info":"ZECA AFONSO","comment_count":"0","_links":{"self":[{"href":"https:\/\/nsf.pt\/index.php\/wp-json\/wp\/v2\/posts\/9109"}],"collection":[{"href":"https:\/\/nsf.pt\/index.php\/wp-json\/wp\/v2\/posts"}],"about":[{"href":"https:\/\/nsf.pt\/index.php\/wp-json\/wp\/v2\/types\/post"}],"author":[{"embeddable":true,"href":"https:\/\/nsf.pt\/index.php\/wp-json\/wp\/v2\/users\/2"}],"replies":[{"embeddable":true,"href":"https:\/\/nsf.pt\/index.php\/wp-json\/wp\/v2\/comments?post=9109"}],"version-history":[{"count":2,"href":"https:\/\/nsf.pt\/index.php\/wp-json\/wp\/v2\/posts\/9109\/revisions"}],"predecessor-version":[{"id":9118,"href":"https:\/\/nsf.pt\/index.php\/wp-json\/wp\/v2\/posts\/9109\/revisions\/9118"}],"wp:featuredmedia":[{"embeddable":true,"href":"https:\/\/nsf.pt\/index.php\/wp-json\/wp\/v2\/media\/9111"}],"wp:attachment":[{"href":"https:\/\/nsf.pt\/index.php\/wp-json\/wp\/v2\/media?parent=9109"}],"wp:term":[{"taxonomy":"category","embeddable":true,"href":"https:\/\/nsf.pt\/index.php\/wp-json\/wp\/v2\/categories?post=9109"},{"taxonomy":"post_tag","embeddable":true,"href":"https:\/\/nsf.pt\/index.php\/wp-json\/wp\/v2\/tags?post=9109"}],"curies":[{"name":"wp","href":"https:\/\/api.w.org\/{rel}","templated":true}]}}