{"id":9256,"date":"2023-03-10T22:29:15","date_gmt":"2023-03-10T22:29:15","guid":{"rendered":"https:\/\/semfronteiras.eu\/?p=9256"},"modified":"2023-03-10T22:29:19","modified_gmt":"2023-03-10T22:29:19","slug":"agenda-amilcar-cabral-uma-exposicao","status":"publish","type":"post","link":"https:\/\/nsf.pt\/index.php\/2023\/03\/10\/agenda-amilcar-cabral-uma-exposicao\/","title":{"rendered":"AGENDA &#8211; Am\u00edlcar Cabral, uma exposi\u00e7\u00e3o"},"content":{"rendered":"<div class=\"wp-block-post-date\"><time datetime=\"2023-03-10T22:29:15+00:00\">10 de Mar\u00e7o, 2023<\/time><\/div>\n\n\n<h2 class=\"wp-block-heading\"><mark style=\"background-color:rgba(0, 0, 0, 0)\" class=\"has-inline-color has-vivid-red-color\">Quinta-feira, 16 de mar\u00e7o de 2023 16:00\u00a0 | Pal\u00e1cio Baldaya<\/mark><\/h2>\n\n\n\n<div style=\"height:16px\" aria-hidden=\"true\" class=\"wp-block-spacer\"><\/div>\n\n\n\n<figure class=\"wp-block-gallery has-nested-images columns-default is-cropped wp-block-gallery-1 is-layout-flex wp-block-gallery-is-layout-flex\">\n<figure class=\"wp-block-image size-large is-style-default\"><img decoding=\"async\" loading=\"lazy\" width=\"832\" height=\"470\" data-id=\"9257\" src=\"https:\/\/semfronteiras.eu\/wp-content\/uploads\/2023\/03\/amilcar-cabra.jpg\" alt=\"\" class=\"wp-image-9257\" srcset=\"https:\/\/nsf.pt\/wp-content\/uploads\/2023\/03\/amilcar-cabra.jpg 832w, https:\/\/nsf.pt\/wp-content\/uploads\/2023\/03\/amilcar-cabra-300x169.jpg 300w, https:\/\/nsf.pt\/wp-content\/uploads\/2023\/03\/amilcar-cabra-768x434.jpg 768w\" sizes=\"(max-width: 832px) 100vw, 832px\" \/><\/figure>\n<\/figure>\n\n\n\n<div style=\"height:13px\" aria-hidden=\"true\" class=\"wp-block-spacer\"><\/div>\n\n\n\n<h3 class=\"wp-block-heading\"><strong>\u00abAm\u00edlcar Cabral, uma Exposi\u00e7\u00e3o\u00bb, iniciativa da Comiss\u00e3o Comemorativa 50 anos 25 de Abril, estar\u00e1 patente no Pal\u00e1cio Baldaya, em Benfica, entre 16 de mar\u00e7o e 25 de junho. Tem entrada livre e pode ser visitada todos os dias das 9h \u00e0s 22h.<\/strong><\/h3>\n\n\n\n<p>A exposi\u00e7\u00e3o sobre Am\u00edlcar Cabral \u00e9 inaugurada no ano em que passa meio s\u00e9culo sobre o seu assassinato (1973, Conacri), e conta a hist\u00f3ria do revolucion\u00e1rio que \u2013 ao lado dos seus camaradas do PAIGC \u2013 contribuiu decisivamente para o fim do \u00faltimo imp\u00e9rio colonial europeu. Mostra objetos e correspond\u00eancia de Cabral, mas tamb\u00e9m imagens, sons e textos que outras e outros lhe t\u00eam dedicado. \u00c9 uma exposi\u00e7\u00e3o sobre Am\u00edlcar Cabral e as suas vidas posteriores.<\/p>\n\n\n\n<p>\u201cAm\u00edlcar Cabral foi uma figura destacada do s\u00e9culo XX cuja mem\u00f3ria permanece, seja no imagin\u00e1rio pol\u00edtico ou no nome das ruas de v\u00e1rios pa\u00edses do hemisf\u00e9rio Sul, da \u00c1frica do Sul ao Brasil. A sua vida \u00e9 hoje motivo de renovado interesse em \u00c1frica, assim como nas periferias de capitais europeias, em universidades ocidentais ou nos principais canais televisivos mundiais\u201d, explica Jos\u00e9 Neves, membro da Comiss\u00e3o Cient\u00edfica da iniciativa.<\/p>\n\n\n\n<p>No Pal\u00e1cio Baldaya estar\u00e3o 50 pe\u00e7as que permitem uma viagem pela vida do agr\u00f3nomo e l\u00edder nacionalista, mas n\u00e3o s\u00f3: \u201cCada uma das pe\u00e7as expostas leva-nos a momentos e lugares da vida de Cabral, enquanto indicia o tempo, o espa\u00e7o e a experi\u00eancia de quem o conheceu, vigiou, admirou, filmou, retratou ou cantou. Cabral est\u00e1 omnipresente, mas muitas das 50 pe\u00e7as que exibimos t\u00eam protagonistas pr\u00f3prios, da fot\u00f3grafa italiana Bruna Polimeni ao m\u00fasico angolano David Z\u00e9, passando pelo l\u00edder gan\u00eas Kwame Nkrumah\u201d, acrescenta o historiador.<\/p>\n\n\n\n<p>A partir da exposi\u00e7\u00e3o, a Comiss\u00e3o Comemorativa 50 anos 25 de Abril vai promover iniciativas diversificadas \u2013 mesas redondas, concertos, visitas guiadas e cinema \u2013, incidindo sobre temas como liberdade, colonialismo, luta anticolonial e descoloniza\u00e7\u00e3o.<\/p>\n\n\n\n<hr class=\"wp-block-separator has-alpha-channel-opacity\"\/>\n\n\n\n<p>A iniciativa tem curadoria cient\u00edfica de Jos\u00e9 Neves e Leonor Pires Martins, consultoria de Alfredo Caldeira; Arquitetura de Ricardo Santos e Miguel Fevereiro; e Grafismo de Vera Tavares. Conta, enquanto parceiros, com a Junta de Freguesia de Benfica, a Funda\u00e7\u00e3o Am\u00edlcar Cabral, o Laborat\u00f3rio Associado IN2PAST, a Associa\u00e7\u00e3o TCHIWEKA de Documenta\u00e7\u00e3o, e a Funda\u00e7\u00e3o M\u00e1rio Soares e Maria Barroso.<\/p>\n\n\n\n<p><\/p>\n\n\n\n<p><\/p>\n","protected":false},"excerpt":{"rendered":"<p>Quinta-feira, 16 de mar\u00e7o de 2023 16:00\u00a0 | Pal\u00e1cio Baldaya \u00abAm\u00edlcar Cabral, uma Exposi\u00e7\u00e3o\u00bb, iniciativa&#8230;<\/p>\n","protected":false},"author":2,"featured_media":9257,"comment_status":"open","ping_status":"open","sticky":true,"template":"","format":"standard","meta":{"sfsi_plus_gutenberg_text_before_share":"","sfsi_plus_gutenberg_show_text_before_share":"","sfsi_plus_gutenberg_icon_type":"","sfsi_plus_gutenberg_icon_alignemt":"","sfsi_plus_gutenburg_max_per_row":"","ngg_post_thumbnail":0,"footnotes":""},"categories":[319,207,317],"tags":[277],"featured_image_urls":{"full":["https:\/\/nsf.pt\/wp-content\/uploads\/2023\/03\/amilcar-cabra.jpg",832,470,false],"thumbnail":["https:\/\/nsf.pt\/wp-content\/uploads\/2023\/03\/amilcar-cabra-150x150.jpg",150,150,true],"medium":["https:\/\/nsf.pt\/wp-content\/uploads\/2023\/03\/amilcar-cabra-300x169.jpg",300,169,true],"medium_large":["https:\/\/nsf.pt\/wp-content\/uploads\/2023\/03\/amilcar-cabra-768x434.jpg",640,362,true],"large":["https:\/\/nsf.pt\/wp-content\/uploads\/2023\/03\/amilcar-cabra.jpg",640,362,false],"1536x1536":["https:\/\/nsf.pt\/wp-content\/uploads\/2023\/03\/amilcar-cabra.jpg",832,470,false],"2048x2048":["https:\/\/nsf.pt\/wp-content\/uploads\/2023\/03\/amilcar-cabra.jpg",832,470,false],"covernews-slider-full":["https:\/\/nsf.pt\/wp-content\/uploads\/2023\/03\/amilcar-cabra.jpg",832,470,false],"covernews-slider-center":["https:\/\/nsf.pt\/wp-content\/uploads\/2023\/03\/amilcar-cabra-800x470.jpg",800,470,true],"covernews-featured":["https:\/\/nsf.pt\/wp-content\/uploads\/2023\/03\/amilcar-cabra.jpg",832,470,false],"covernews-medium":["https:\/\/nsf.pt\/wp-content\/uploads\/2023\/03\/amilcar-cabra-540x340.jpg",540,340,true],"covernews-medium-square":["https:\/\/nsf.pt\/wp-content\/uploads\/2023\/03\/amilcar-cabra-400x250.jpg",400,250,true]},"author_info":{"info":["Carlos Ribeiro"]},"category_info":"<a href=\"https:\/\/nsf.pt\/index.php\/category\/50x2abril\/\" rel=\"category tag\">50X2ABRIL<\/a> <a href=\"https:\/\/nsf.pt\/index.php\/category\/agenda-2\/\" rel=\"category tag\">AGENDA<\/a> <a href=\"https:\/\/nsf.pt\/index.php\/category\/noticias\/\" rel=\"category tag\">NOTICIAS<\/a>","tag_info":"NOTICIAS","comment_count":"0","_links":{"self":[{"href":"https:\/\/nsf.pt\/index.php\/wp-json\/wp\/v2\/posts\/9256"}],"collection":[{"href":"https:\/\/nsf.pt\/index.php\/wp-json\/wp\/v2\/posts"}],"about":[{"href":"https:\/\/nsf.pt\/index.php\/wp-json\/wp\/v2\/types\/post"}],"author":[{"embeddable":true,"href":"https:\/\/nsf.pt\/index.php\/wp-json\/wp\/v2\/users\/2"}],"replies":[{"embeddable":true,"href":"https:\/\/nsf.pt\/index.php\/wp-json\/wp\/v2\/comments?post=9256"}],"version-history":[{"count":1,"href":"https:\/\/nsf.pt\/index.php\/wp-json\/wp\/v2\/posts\/9256\/revisions"}],"predecessor-version":[{"id":9258,"href":"https:\/\/nsf.pt\/index.php\/wp-json\/wp\/v2\/posts\/9256\/revisions\/9258"}],"wp:featuredmedia":[{"embeddable":true,"href":"https:\/\/nsf.pt\/index.php\/wp-json\/wp\/v2\/media\/9257"}],"wp:attachment":[{"href":"https:\/\/nsf.pt\/index.php\/wp-json\/wp\/v2\/media?parent=9256"}],"wp:term":[{"taxonomy":"category","embeddable":true,"href":"https:\/\/nsf.pt\/index.php\/wp-json\/wp\/v2\/categories?post=9256"},{"taxonomy":"post_tag","embeddable":true,"href":"https:\/\/nsf.pt\/index.php\/wp-json\/wp\/v2\/tags?post=9256"}],"curies":[{"name":"wp","href":"https:\/\/api.w.org\/{rel}","templated":true}]}}