{"id":9638,"date":"2023-05-16T20:13:42","date_gmt":"2023-05-16T20:13:42","guid":{"rendered":"https:\/\/semfronteiras.eu\/?p=9638"},"modified":"2023-05-16T20:13:47","modified_gmt":"2023-05-16T20:13:47","slug":"exilios-no-feminino-afinal-que-livro-e-este-2","status":"publish","type":"post","link":"https:\/\/nsf.pt\/index.php\/2023\/05\/16\/exilios-no-feminino-afinal-que-livro-e-este-2\/","title":{"rendered":"EX\u00cdLIOS NO FEMININO \u2013 Afinal que livro \u00e9 este?"},"content":{"rendered":"<div class=\"wp-block-post-date\"><time datetime=\"2023-05-16T20:13:42+00:00\">16 de Maio, 2023<\/time><\/div>\n\n\n<h2 class=\"wp-block-heading\">Opini\u00f5es, protagonistas e roteiro das apresenta\u00e7\u00f5es p\u00fablicas (3) | MARINHA GRANDE<\/h2>\n\n\n\n<div style=\"height:20px\" aria-hidden=\"true\" class=\"wp-block-spacer\"><\/div>\n\n\n\n<figure class=\"wp-block-gallery has-nested-images columns-default is-cropped wp-block-gallery-1 is-layout-flex wp-block-gallery-is-layout-flex\">\n<figure class=\"wp-block-image size-large is-style-default\"><img decoding=\"async\" loading=\"lazy\" width=\"1024\" height=\"683\" data-id=\"9639\" src=\"https:\/\/semfronteiras.eu\/wp-content\/uploads\/2023\/05\/IMG_1592-1024x683.jpg\" alt=\"\" class=\"wp-image-9639\" srcset=\"https:\/\/nsf.pt\/wp-content\/uploads\/2023\/05\/IMG_1592-1024x683.jpg 1024w, https:\/\/nsf.pt\/wp-content\/uploads\/2023\/05\/IMG_1592-300x200.jpg 300w, https:\/\/nsf.pt\/wp-content\/uploads\/2023\/05\/IMG_1592-768x512.jpg 768w, https:\/\/nsf.pt\/wp-content\/uploads\/2023\/05\/IMG_1592-1536x1024.jpg 1536w, https:\/\/nsf.pt\/wp-content\/uploads\/2023\/05\/IMG_1592-2048x1365.jpg 2048w\" sizes=\"(max-width: 1024px) 100vw, 1024px\" \/><\/figure>\n<\/figure>\n\n\n\n<div style=\"height:26px\" aria-hidden=\"true\" class=\"wp-block-spacer\"><\/div>\n\n\n\n<h2 class=\"wp-block-heading\">O que diz Ad\u00e9lio Amaro?<\/h2>\n\n\n\n<h3 class=\"wp-block-heading\">A opini\u00e3o do apresentador do livro e dinamizador da sess\u00e3o na Marinha Grande dia 15 de abril 2023 <\/h3>\n\n\n\n<p><strong>AD\u00c9LIO AMARO<\/strong>, nasceu em 1973, em Leiria. Entre v\u00e1rios cursos frequentou <em>Design da Comunica\u00e7\u00e3o<\/em> e <em>Hist\u00f3ria de Arte do S\u00e9culo XX<\/em>. Atualmente \u00e9 Presidente do Centro de Patrim\u00f3nio da Estremadura (CEPAE), Consultor para a Cultura Popular do Munic\u00edpio de Leiria, Presidente da BiblioRuralis \u2013 Associa\u00e7\u00e3o Cultural, Diretor do jornal <em>Gazeta Lus\u00f3fona<\/em> (Su\u00ed\u00e7a), desde 2020, Coordenador Editorial da editora <em>Portugal Mag <\/em>(Paris, Fran\u00e7a). Foi, por duas vezes (2002-2004 \/ 2017-2019), presidente da Associa\u00e7\u00e3o Folcl\u00f3rica da Regi\u00e3o de Leiria \u2013 Alta Estremadura e presidente da Associa\u00e7\u00e3o de Investiga\u00e7\u00e3o e Cultura de A\u00e7ores.<\/p>\n\n\n\n<div style=\"height:22px\" aria-hidden=\"true\" class=\"wp-block-spacer\"><\/div>\n\n\n\n<figure class=\"wp-block-gallery has-nested-images columns-default is-cropped wp-block-gallery-3 is-layout-flex wp-block-gallery-is-layout-flex\">\n<figure class=\"wp-block-image size-large is-style-default\"><img decoding=\"async\" loading=\"lazy\" width=\"1024\" height=\"311\" data-id=\"9640\" src=\"https:\/\/semfronteiras.eu\/wp-content\/uploads\/2023\/05\/io-baner-1024x311.jpg\" alt=\"\" class=\"wp-image-9640\" srcset=\"https:\/\/nsf.pt\/wp-content\/uploads\/2023\/05\/io-baner-1024x311.jpg 1024w, https:\/\/nsf.pt\/wp-content\/uploads\/2023\/05\/io-baner-300x91.jpg 300w, https:\/\/nsf.pt\/wp-content\/uploads\/2023\/05\/io-baner-768x233.jpg 768w, https:\/\/nsf.pt\/wp-content\/uploads\/2023\/05\/io-baner.jpg 1188w\" sizes=\"(max-width: 1024px) 100vw, 1024px\" \/><\/figure>\n<\/figure>\n\n\n\n<div style=\"height:19px\" aria-hidden=\"true\" class=\"wp-block-spacer\"><\/div>\n\n\n\n<p><strong>A Associa\u00e7\u00e3o Cultural e Recreativa da Comeira, Marinha Grande, recebeu a apresenta\u00e7\u00e3o do livro \u201cEx\u00edlios no Feminino\u201d, no passado dia 15 de abril.<\/strong><\/p>\n\n\n\n<p>Este livro celebra os 50 anos do 25 de Abril e, como tal, uniu sete mulheres que divulgaram um conjunto de apontamentos, testemunhos e notas numa reflex\u00e3o conjunta e que entenderam partilhar com os outros. Marcaram presen\u00e7a quatro das sete autoras, Fernanda Marques (coordenadora), Beatriz Abrantes, Maria Em\u00edlia Brederode dos Santos e Am\u00e9lia Resende. De salientar que o livro conta, tamb\u00e9m, com textos de mais tr\u00eas autoras: Helena Cabe\u00e7adas, Helena Rato e Irene Pimentel.<\/p>\n\n\n\n<p>Esta apresenta\u00e7\u00e3o fez parte do projeto \u201cPoesia ao Ser\u00e3o\u201d daquela Associa\u00e7\u00e3o e contou, ainda, com a presen\u00e7a de Carlos Franco, presidente da coletividade, de Carlos Ribeiro, editor.<\/p>\n\n\n\n<p>Durante a sess\u00e3o, as quatro coautoras foram respondendo a algumas quest\u00f5es que ali foram colocadas, perante uma sala cheia. Recordaram as est\u00f3rias da Hist\u00f3ria, muitas delas contadas na primeira pessoa em \u201cEx\u00edlio no Feminino\u201d, numa perspetiva interrogativa sobre a exist\u00eancia ou n\u00e3o de um ex\u00edlio no feminino.<\/p>\n\n\n\n<div style=\"height:20px\" aria-hidden=\"true\" class=\"wp-block-spacer\"><\/div>\n\n\n\n<figure class=\"wp-block-gallery has-nested-images columns-default is-cropped wp-block-gallery-5 is-layout-flex wp-block-gallery-is-layout-flex\">\n<figure class=\"wp-block-image size-large is-style-default\"><img decoding=\"async\" loading=\"lazy\" width=\"1024\" height=\"683\" data-id=\"9641\" src=\"https:\/\/semfronteiras.eu\/wp-content\/uploads\/2023\/05\/IMG_1633-1024x683.jpg\" alt=\"\" class=\"wp-image-9641\" srcset=\"https:\/\/nsf.pt\/wp-content\/uploads\/2023\/05\/IMG_1633-1024x683.jpg 1024w, https:\/\/nsf.pt\/wp-content\/uploads\/2023\/05\/IMG_1633-300x200.jpg 300w, https:\/\/nsf.pt\/wp-content\/uploads\/2023\/05\/IMG_1633-768x512.jpg 768w, https:\/\/nsf.pt\/wp-content\/uploads\/2023\/05\/IMG_1633-1536x1024.jpg 1536w, https:\/\/nsf.pt\/wp-content\/uploads\/2023\/05\/IMG_1633-2048x1365.jpg 2048w\" sizes=\"(max-width: 1024px) 100vw, 1024px\" \/><\/figure>\n\n\n\n<figure class=\"wp-block-image size-large is-style-default\"><img decoding=\"async\" loading=\"lazy\" width=\"1024\" height=\"683\" data-id=\"9656\" src=\"https:\/\/semfronteiras.eu\/wp-content\/uploads\/2023\/05\/IMG_1627-1024x683.jpg\" alt=\"\" class=\"wp-image-9656\" srcset=\"https:\/\/nsf.pt\/wp-content\/uploads\/2023\/05\/IMG_1627-1024x683.jpg 1024w, https:\/\/nsf.pt\/wp-content\/uploads\/2023\/05\/IMG_1627-300x200.jpg 300w, https:\/\/nsf.pt\/wp-content\/uploads\/2023\/05\/IMG_1627-768x512.jpg 768w, https:\/\/nsf.pt\/wp-content\/uploads\/2023\/05\/IMG_1627-1536x1024.jpg 1536w, https:\/\/nsf.pt\/wp-content\/uploads\/2023\/05\/IMG_1627-2048x1365.jpg 2048w\" sizes=\"(max-width: 1024px) 100vw, 1024px\" \/><\/figure>\n<\/figure>\n\n\n\n<div style=\"height:15px\" aria-hidden=\"true\" class=\"wp-block-spacer\"><\/div>\n\n\n\n<figure class=\"wp-block-gallery has-nested-images columns-default is-cropped wp-block-gallery-7 is-layout-flex wp-block-gallery-is-layout-flex\">\n<figure class=\"wp-block-image size-large is-style-default\"><img decoding=\"async\" loading=\"lazy\" width=\"1024\" height=\"683\" data-id=\"9643\" src=\"https:\/\/semfronteiras.eu\/wp-content\/uploads\/2023\/05\/IMG_1611-1024x683.jpg\" alt=\"\" class=\"wp-image-9643\" srcset=\"https:\/\/nsf.pt\/wp-content\/uploads\/2023\/05\/IMG_1611-1024x683.jpg 1024w, https:\/\/nsf.pt\/wp-content\/uploads\/2023\/05\/IMG_1611-300x200.jpg 300w, https:\/\/nsf.pt\/wp-content\/uploads\/2023\/05\/IMG_1611-768x512.jpg 768w, https:\/\/nsf.pt\/wp-content\/uploads\/2023\/05\/IMG_1611-1536x1024.jpg 1536w, https:\/\/nsf.pt\/wp-content\/uploads\/2023\/05\/IMG_1611-2048x1365.jpg 2048w\" sizes=\"(max-width: 1024px) 100vw, 1024px\" \/><\/figure>\n\n\n\n<figure class=\"wp-block-image size-large is-style-default\"><img decoding=\"async\" loading=\"lazy\" width=\"1024\" height=\"683\" data-id=\"9644\" src=\"https:\/\/semfronteiras.eu\/wp-content\/uploads\/2023\/05\/IMG_1605-1024x683.jpg\" alt=\"\" class=\"wp-image-9644\" srcset=\"https:\/\/nsf.pt\/wp-content\/uploads\/2023\/05\/IMG_1605-1024x683.jpg 1024w, https:\/\/nsf.pt\/wp-content\/uploads\/2023\/05\/IMG_1605-300x200.jpg 300w, https:\/\/nsf.pt\/wp-content\/uploads\/2023\/05\/IMG_1605-768x512.jpg 768w, https:\/\/nsf.pt\/wp-content\/uploads\/2023\/05\/IMG_1605-1536x1024.jpg 1536w, https:\/\/nsf.pt\/wp-content\/uploads\/2023\/05\/IMG_1605-2048x1365.jpg 2048w\" sizes=\"(max-width: 1024px) 100vw, 1024px\" \/><\/figure>\n<\/figure>\n\n\n\n<p class=\"has-text-align-center\">Fernanda Marques, Maria Em\u00edlia Brederode Santos  e Beatriz Abrantes e Am\u00e9lia Resende <\/p>\n\n\n\n<div style=\"height:29px\" aria-hidden=\"true\" class=\"wp-block-spacer\"><\/div>\n\n\n\n<p>A sess\u00e3o contou com alguns momentos de poesia que sublinharam a for\u00e7a da palavra em Abril de 1974.<\/p>\n\n\n\n<p>O livro apresenta testemunhos muito fortes sobre uma procura constante de sete mulheres, como exemplo de muitas outras, que durante uma \u00e9poca regressiva, perseguidora e at\u00e9 vingativa, por um regime obsoleto e violentamente controlador, que conseguirem procurar novos \u00abmundos\u00bb, nunca baixando a cabe\u00e7a e erguendo, sempre, a voz numa tentativa de salvar o brio humano de ser portugu\u00eas, fosse homem ou mulher. <\/p>\n\n\n\n<p>\u00abEx\u00edlios no feminino\u00bb \u00e9 um livro que testemunha percursos de um tempo in\u00f3cuo, maltratado pelo motejo de um poder ign\u00f3bil, que o tempo provou que a raz\u00e3o s\u00f3 existe quando respeitamos a liberdade dos outros\u201d.<\/p>\n\n\n\n<p>A sess\u00e3o encerrou com as palavras do editor, Carlos Ribeiro, que deu a conhecer todo o processo da edi\u00e7\u00e3o do livro e consequente projeto sobre esta tem\u00e1tica do ex\u00edlio e as comemora\u00e7\u00f5es dos 50 anos do 25 de Abril.<\/p>\n\n\n\n<p><strong>Ad\u00e9lio Amaro<\/strong><\/p>\n\n\n\n<p><\/p>\n\n\n\n<h2 class=\"wp-block-heading\">Imagens da Tert\u00falia e de alguns intervenientes<\/h2>\n\n\n\n<div style=\"height:22px\" aria-hidden=\"true\" class=\"wp-block-spacer\"><\/div>\n\n\n\n<figure class=\"wp-block-gallery has-nested-images columns-default is-cropped wp-block-gallery-9 is-layout-flex wp-block-gallery-is-layout-flex\">\n<figure class=\"wp-block-image size-large is-style-default\"><img decoding=\"async\" loading=\"lazy\" width=\"1024\" height=\"683\" data-id=\"9655\" src=\"https:\/\/semfronteiras.eu\/wp-content\/uploads\/2023\/05\/IMG_1604-1-1024x683.jpg\" alt=\"\" class=\"wp-image-9655\" srcset=\"https:\/\/nsf.pt\/wp-content\/uploads\/2023\/05\/IMG_1604-1-1024x683.jpg 1024w, https:\/\/nsf.pt\/wp-content\/uploads\/2023\/05\/IMG_1604-1-300x200.jpg 300w, https:\/\/nsf.pt\/wp-content\/uploads\/2023\/05\/IMG_1604-1-768x512.jpg 768w, https:\/\/nsf.pt\/wp-content\/uploads\/2023\/05\/IMG_1604-1-1536x1024.jpg 1536w, https:\/\/nsf.pt\/wp-content\/uploads\/2023\/05\/IMG_1604-1-2048x1365.jpg 2048w\" sizes=\"(max-width: 1024px) 100vw, 1024px\" \/><\/figure>\n\n\n\n<figure class=\"wp-block-image size-large is-style-default\"><img decoding=\"async\" loading=\"lazy\" width=\"1024\" height=\"683\" data-id=\"9647\" src=\"https:\/\/semfronteiras.eu\/wp-content\/uploads\/2023\/05\/IMG_1622-1024x683.jpg\" alt=\"\" class=\"wp-image-9647\" srcset=\"https:\/\/nsf.pt\/wp-content\/uploads\/2023\/05\/IMG_1622-1024x683.jpg 1024w, https:\/\/nsf.pt\/wp-content\/uploads\/2023\/05\/IMG_1622-300x200.jpg 300w, https:\/\/nsf.pt\/wp-content\/uploads\/2023\/05\/IMG_1622-768x512.jpg 768w, https:\/\/nsf.pt\/wp-content\/uploads\/2023\/05\/IMG_1622-1536x1024.jpg 1536w, https:\/\/nsf.pt\/wp-content\/uploads\/2023\/05\/IMG_1622-2048x1365.jpg 2048w\" sizes=\"(max-width: 1024px) 100vw, 1024px\" \/><\/figure>\n<\/figure>\n\n\n\n<div style=\"height:17px\" aria-hidden=\"true\" class=\"wp-block-spacer\"><\/div>\n\n\n\n<figure class=\"wp-block-gallery has-nested-images columns-default is-cropped wp-block-gallery-11 is-layout-flex wp-block-gallery-is-layout-flex\">\n<figure class=\"wp-block-image size-large is-style-default\"><img decoding=\"async\" loading=\"lazy\" width=\"1024\" height=\"683\" data-id=\"9648\" src=\"https:\/\/semfronteiras.eu\/wp-content\/uploads\/2023\/05\/IMG_1640-1024x683.jpg\" alt=\"\" class=\"wp-image-9648\" srcset=\"https:\/\/nsf.pt\/wp-content\/uploads\/2023\/05\/IMG_1640-1024x683.jpg 1024w, https:\/\/nsf.pt\/wp-content\/uploads\/2023\/05\/IMG_1640-300x200.jpg 300w, https:\/\/nsf.pt\/wp-content\/uploads\/2023\/05\/IMG_1640-768x512.jpg 768w, https:\/\/nsf.pt\/wp-content\/uploads\/2023\/05\/IMG_1640-1536x1024.jpg 1536w, https:\/\/nsf.pt\/wp-content\/uploads\/2023\/05\/IMG_1640-2048x1365.jpg 2048w\" sizes=\"(max-width: 1024px) 100vw, 1024px\" \/><\/figure>\n\n\n\n<figure class=\"wp-block-image size-large is-style-default\"><img decoding=\"async\" loading=\"lazy\" width=\"1024\" height=\"683\" data-id=\"9650\" src=\"https:\/\/semfronteiras.eu\/wp-content\/uploads\/2023\/05\/IMG_1595-1024x683.jpg\" alt=\"\" class=\"wp-image-9650\" srcset=\"https:\/\/nsf.pt\/wp-content\/uploads\/2023\/05\/IMG_1595-1024x683.jpg 1024w, https:\/\/nsf.pt\/wp-content\/uploads\/2023\/05\/IMG_1595-300x200.jpg 300w, https:\/\/nsf.pt\/wp-content\/uploads\/2023\/05\/IMG_1595-768x512.jpg 768w, https:\/\/nsf.pt\/wp-content\/uploads\/2023\/05\/IMG_1595-1536x1024.jpg 1536w, https:\/\/nsf.pt\/wp-content\/uploads\/2023\/05\/IMG_1595-2048x1365.jpg 2048w\" sizes=\"(max-width: 1024px) 100vw, 1024px\" \/><\/figure>\n\n\n\n<figure class=\"wp-block-image size-large is-style-default\"><img decoding=\"async\" loading=\"lazy\" width=\"1024\" height=\"683\" data-id=\"9649\" src=\"https:\/\/semfronteiras.eu\/wp-content\/uploads\/2023\/05\/IMG_1662-1024x683.jpg\" alt=\"\" class=\"wp-image-9649\" srcset=\"https:\/\/nsf.pt\/wp-content\/uploads\/2023\/05\/IMG_1662-1024x683.jpg 1024w, https:\/\/nsf.pt\/wp-content\/uploads\/2023\/05\/IMG_1662-300x200.jpg 300w, https:\/\/nsf.pt\/wp-content\/uploads\/2023\/05\/IMG_1662-768x512.jpg 768w, https:\/\/nsf.pt\/wp-content\/uploads\/2023\/05\/IMG_1662-1536x1024.jpg 1536w, https:\/\/nsf.pt\/wp-content\/uploads\/2023\/05\/IMG_1662-2048x1365.jpg 2048w\" sizes=\"(max-width: 1024px) 100vw, 1024px\" \/><\/figure>\n<\/figure>\n\n\n\n<div style=\"height:20px\" aria-hidden=\"true\" class=\"wp-block-spacer\"><\/div>\n\n\n\n<figure class=\"wp-block-gallery has-nested-images columns-default is-cropped wp-block-gallery-13 is-layout-flex wp-block-gallery-is-layout-flex\">\n<figure class=\"wp-block-image size-large is-style-default\"><img decoding=\"async\" loading=\"lazy\" width=\"1024\" height=\"683\" data-id=\"9651\" src=\"https:\/\/semfronteiras.eu\/wp-content\/uploads\/2023\/05\/IMG_1650-1024x683.jpg\" alt=\"\" class=\"wp-image-9651\" srcset=\"https:\/\/nsf.pt\/wp-content\/uploads\/2023\/05\/IMG_1650-1024x683.jpg 1024w, https:\/\/nsf.pt\/wp-content\/uploads\/2023\/05\/IMG_1650-300x200.jpg 300w, https:\/\/nsf.pt\/wp-content\/uploads\/2023\/05\/IMG_1650-768x512.jpg 768w, https:\/\/nsf.pt\/wp-content\/uploads\/2023\/05\/IMG_1650-1536x1024.jpg 1536w, https:\/\/nsf.pt\/wp-content\/uploads\/2023\/05\/IMG_1650-2048x1365.jpg 2048w\" sizes=\"(max-width: 1024px) 100vw, 1024px\" \/><\/figure>\n\n\n\n<figure class=\"wp-block-image size-large is-style-default\"><img decoding=\"async\" loading=\"lazy\" width=\"1024\" height=\"683\" data-id=\"9653\" src=\"https:\/\/semfronteiras.eu\/wp-content\/uploads\/2023\/05\/IMG_1652-1024x683.jpg\" alt=\"\" class=\"wp-image-9653\" srcset=\"https:\/\/nsf.pt\/wp-content\/uploads\/2023\/05\/IMG_1652-1024x683.jpg 1024w, https:\/\/nsf.pt\/wp-content\/uploads\/2023\/05\/IMG_1652-300x200.jpg 300w, https:\/\/nsf.pt\/wp-content\/uploads\/2023\/05\/IMG_1652-768x512.jpg 768w, https:\/\/nsf.pt\/wp-content\/uploads\/2023\/05\/IMG_1652-1536x1024.jpg 1536w, https:\/\/nsf.pt\/wp-content\/uploads\/2023\/05\/IMG_1652-2048x1365.jpg 2048w\" sizes=\"(max-width: 1024px) 100vw, 1024px\" \/><\/figure>\n\n\n\n<figure class=\"wp-block-image size-large is-style-default\"><img decoding=\"async\" loading=\"lazy\" width=\"1024\" height=\"683\" data-id=\"9652\" src=\"https:\/\/semfronteiras.eu\/wp-content\/uploads\/2023\/05\/IMG_1657-1024x683.jpg\" alt=\"\" class=\"wp-image-9652\" srcset=\"https:\/\/nsf.pt\/wp-content\/uploads\/2023\/05\/IMG_1657-1024x683.jpg 1024w, https:\/\/nsf.pt\/wp-content\/uploads\/2023\/05\/IMG_1657-300x200.jpg 300w, https:\/\/nsf.pt\/wp-content\/uploads\/2023\/05\/IMG_1657-768x512.jpg 768w, https:\/\/nsf.pt\/wp-content\/uploads\/2023\/05\/IMG_1657-1536x1024.jpg 1536w, https:\/\/nsf.pt\/wp-content\/uploads\/2023\/05\/IMG_1657-2048x1365.jpg 2048w\" sizes=\"(max-width: 1024px) 100vw, 1024px\" \/><\/figure>\n<\/figure>\n\n\n\n<div style=\"height:37px\" aria-hidden=\"true\" class=\"wp-block-spacer\"><\/div>\n\n\n\n<figure class=\"wp-block-gallery has-nested-images columns-default is-cropped wp-block-gallery-15 is-layout-flex wp-block-gallery-is-layout-flex\">\n<figure class=\"wp-block-image size-large is-style-default\"><img decoding=\"async\" loading=\"lazy\" width=\"1024\" height=\"683\" data-id=\"9654\" src=\"https:\/\/semfronteiras.eu\/wp-content\/uploads\/2023\/05\/IMG_1590-1-1024x683.jpg\" alt=\"\" class=\"wp-image-9654\" srcset=\"https:\/\/nsf.pt\/wp-content\/uploads\/2023\/05\/IMG_1590-1-1024x683.jpg 1024w, https:\/\/nsf.pt\/wp-content\/uploads\/2023\/05\/IMG_1590-1-300x200.jpg 300w, https:\/\/nsf.pt\/wp-content\/uploads\/2023\/05\/IMG_1590-1-768x512.jpg 768w, https:\/\/nsf.pt\/wp-content\/uploads\/2023\/05\/IMG_1590-1-1536x1024.jpg 1536w, https:\/\/nsf.pt\/wp-content\/uploads\/2023\/05\/IMG_1590-1-2048x1365.jpg 2048w\" sizes=\"(max-width: 1024px) 100vw, 1024px\" \/><\/figure>\n<\/figure>\n\n\n\n<p>Fotos \u00a9 CR\/Caixam\u00e9dia<\/p>\n","protected":false},"excerpt":{"rendered":"<p>Opini\u00f5es, protagonistas e roteiro das apresenta\u00e7\u00f5es p\u00fablicas (3) | MARINHA GRANDE O que diz Ad\u00e9lio&#8230;<\/p>\n","protected":false},"author":2,"featured_media":9639,"comment_status":"open","ping_status":"open","sticky":true,"template":"","format":"standard","meta":{"sfsi_plus_gutenberg_text_before_share":"","sfsi_plus_gutenberg_show_text_before_share":"","sfsi_plus_gutenberg_icon_type":"","sfsi_plus_gutenberg_icon_alignemt":"","sfsi_plus_gutenburg_max_per_row":"","ngg_post_thumbnail":0,"footnotes":""},"categories":[238,381],"tags":[419],"featured_image_urls":{"full":["https:\/\/nsf.pt\/wp-content\/uploads\/2023\/05\/IMG_1592-scaled.jpg",2560,1707,false],"thumbnail":["https:\/\/nsf.pt\/wp-content\/uploads\/2023\/05\/IMG_1592-150x150.jpg",150,150,true],"medium":["https:\/\/nsf.pt\/wp-content\/uploads\/2023\/05\/IMG_1592-300x200.jpg",300,200,true],"medium_large":["https:\/\/nsf.pt\/wp-content\/uploads\/2023\/05\/IMG_1592-768x512.jpg",640,427,true],"large":["https:\/\/nsf.pt\/wp-content\/uploads\/2023\/05\/IMG_1592-1024x683.jpg",640,427,true],"1536x1536":["https:\/\/nsf.pt\/wp-content\/uploads\/2023\/05\/IMG_1592-1536x1024.jpg",1536,1024,true],"2048x2048":["https:\/\/nsf.pt\/wp-content\/uploads\/2023\/05\/IMG_1592-2048x1365.jpg",2048,1365,true],"covernews-slider-full":["https:\/\/nsf.pt\/wp-content\/uploads\/2023\/05\/IMG_1592-1115x715.jpg",1115,715,true],"covernews-slider-center":["https:\/\/nsf.pt\/wp-content\/uploads\/2023\/05\/IMG_1592-800x500.jpg",800,500,true],"covernews-featured":["https:\/\/nsf.pt\/wp-content\/uploads\/2023\/05\/IMG_1592-1024x683.jpg",1024,683,true],"covernews-medium":["https:\/\/nsf.pt\/wp-content\/uploads\/2023\/05\/IMG_1592-540x340.jpg",540,340,true],"covernews-medium-square":["https:\/\/nsf.pt\/wp-content\/uploads\/2023\/05\/IMG_1592-400x250.jpg",400,250,true]},"author_info":{"info":["Carlos Ribeiro"]},"category_info":"<a href=\"https:\/\/nsf.pt\/index.php\/category\/destaque\/\" rel=\"category tag\">DESTAQUE<\/a> <a href=\"https:\/\/nsf.pt\/index.php\/category\/livros-do-exilio\/\" rel=\"category tag\">Livros do Ex\u00edlio<\/a>","tag_info":"Livros do Ex\u00edlio","comment_count":"0","_links":{"self":[{"href":"https:\/\/nsf.pt\/index.php\/wp-json\/wp\/v2\/posts\/9638"}],"collection":[{"href":"https:\/\/nsf.pt\/index.php\/wp-json\/wp\/v2\/posts"}],"about":[{"href":"https:\/\/nsf.pt\/index.php\/wp-json\/wp\/v2\/types\/post"}],"author":[{"embeddable":true,"href":"https:\/\/nsf.pt\/index.php\/wp-json\/wp\/v2\/users\/2"}],"replies":[{"embeddable":true,"href":"https:\/\/nsf.pt\/index.php\/wp-json\/wp\/v2\/comments?post=9638"}],"version-history":[{"count":1,"href":"https:\/\/nsf.pt\/index.php\/wp-json\/wp\/v2\/posts\/9638\/revisions"}],"predecessor-version":[{"id":9657,"href":"https:\/\/nsf.pt\/index.php\/wp-json\/wp\/v2\/posts\/9638\/revisions\/9657"}],"wp:featuredmedia":[{"embeddable":true,"href":"https:\/\/nsf.pt\/index.php\/wp-json\/wp\/v2\/media\/9639"}],"wp:attachment":[{"href":"https:\/\/nsf.pt\/index.php\/wp-json\/wp\/v2\/media?parent=9638"}],"wp:term":[{"taxonomy":"category","embeddable":true,"href":"https:\/\/nsf.pt\/index.php\/wp-json\/wp\/v2\/categories?post=9638"},{"taxonomy":"post_tag","embeddable":true,"href":"https:\/\/nsf.pt\/index.php\/wp-json\/wp\/v2\/tags?post=9638"}],"curies":[{"name":"wp","href":"https:\/\/api.w.org\/{rel}","templated":true}]}}