{"id":9704,"date":"2023-05-22T21:10:15","date_gmt":"2023-05-22T21:10:15","guid":{"rendered":"https:\/\/semfronteiras.eu\/?p=9704"},"modified":"2023-05-22T21:13:28","modified_gmt":"2023-05-22T21:13:28","slug":"exilios-no-feminino-afinal-que-livro-e-este-4","status":"publish","type":"post","link":"https:\/\/nsf.pt\/index.php\/2023\/05\/22\/exilios-no-feminino-afinal-que-livro-e-este-4\/","title":{"rendered":"EX\u00cdLIOS NO FEMININO &#8211; Afinal que livro \u00e9 este?"},"content":{"rendered":"<div class=\"wp-block-post-date\"><time datetime=\"2023-05-22T21:10:15+00:00\">22 de Maio, 2023<\/time><\/div>\n\n\n<h2 class=\"wp-block-heading\">Opini\u00f5es, protagonistas e roteiro das apresenta\u00e7\u00f5es p\u00fablicas (5) | COIMBRA<\/h2>\n\n\n\n<h2 class=\"wp-block-heading\">O que diz Dina Soeiro?<\/h2>\n\n\n\n<div style=\"height:23px\" aria-hidden=\"true\" class=\"wp-block-spacer\"><\/div>\n\n\n\n<figure class=\"wp-block-gallery has-nested-images columns-default is-cropped wp-block-gallery-1 is-layout-flex wp-block-gallery-is-layout-flex\">\n<figure class=\"wp-block-image size-large is-style-default\"><img decoding=\"async\" loading=\"lazy\" width=\"1024\" height=\"683\" data-id=\"9708\" src=\"https:\/\/semfronteiras.eu\/wp-content\/uploads\/2023\/05\/IMG_1681-1024x683.jpg\" alt=\"\" class=\"wp-image-9708\" srcset=\"https:\/\/nsf.pt\/wp-content\/uploads\/2023\/05\/IMG_1681-1024x683.jpg 1024w, https:\/\/nsf.pt\/wp-content\/uploads\/2023\/05\/IMG_1681-300x200.jpg 300w, https:\/\/nsf.pt\/wp-content\/uploads\/2023\/05\/IMG_1681-768x512.jpg 768w, https:\/\/nsf.pt\/wp-content\/uploads\/2023\/05\/IMG_1681-1536x1024.jpg 1536w, https:\/\/nsf.pt\/wp-content\/uploads\/2023\/05\/IMG_1681-2048x1365.jpg 2048w\" sizes=\"(max-width: 1024px) 100vw, 1024px\" \/><\/figure>\n<\/figure>\n\n\n\n<div style=\"height:18px\" aria-hidden=\"true\" class=\"wp-block-spacer\"><\/div>\n\n\n\n<p>Departamento de Educa\u00e7\u00e3o, Desporto e Interven\u00e7\u00e3o Social. Docente das Licenciaturas em Anima\u00e7\u00e3o Socioeducativa, Gerontologia Social, dos Mestrados em Educa\u00e7\u00e3o de Adultos e Desenvolvimento Local, Gerontologia Social. Coordenadora do&nbsp;<a href=\"https:\/\/www.facebook.com\/letraspravida\/\">Projeto&nbsp;<em>Letras Pr\u00e1 Vida<\/em><\/a>.&nbsp; Membro do N\u00facleo de Investiga\u00e7\u00e3o em Ci\u00eancias Sociais e Humanas (NICSH), integrado no Centro de Desenvolvimento do Potencial Humano do Instituto de Investiga\u00e7\u00e3o Aplicada (i2a) do Polit\u00e9cnico de Coimbra. Membro da Comiss\u00e3o Directiva da&nbsp;<a href=\"http:\/\/www.apcep.pt\/\">Associa\u00e7\u00e3o Portuguesa para a Cultura e Educa\u00e7\u00e3o Permanente<\/a>. Executive Board Member da&nbsp;<a href=\"https:\/\/eaea.org\/\">European Association for the Education of Adults<\/a><\/p>\n\n\n\n<p><\/p>\n\n\n\n<h2 class=\"wp-block-heading\">Um livro que a minha filha tinha de ler<\/h2>\n\n\n\n<p>Quando o livro chegou pelo correio cheirava a livro novo e a liberdade, os p\u00e1ssaros a voar sobre as ondas, no desenho da capa lind\u00edssima, o sub-t\u00edtulo que prometia: &#8220;sete percursos de luta e de esperan\u00e7a&#8221;. Logo me perguntei: quem s\u00e3o estas mulheres, que hist\u00f3rias nos contam, o que podemos aprender com as suas lutas e as formas como as travaram e travam, que esperan\u00e7a nos oferecem para hoje e para o futuro?&nbsp;<\/p>\n\n\n\n<p>As fotografias, as frases, os t\u00edtulos de cada parte, tudo me tornou urgente a sua leitura atenta.<\/p>\n\n\n\n<p>Percebi que era muito mais do que um livro sobre os ex\u00edlios femininos no passado. As hist\u00f3rias \u00fanicas de cada uma das mulheres que, afinal,&nbsp;partilham tanto, falam-nos do passado, claro, mas tamb\u00e9m do presente, da necessidade da luta permanente, do pensamento e a\u00e7\u00e3o cr\u00edtica das mulheres na sociedade e do futuro, porque os direitos n\u00e3o est\u00e3o garantidos e a transforma\u00e7\u00e3o social precisa-se. No presente est\u00e1 tamb\u00e9m o processo de co-constru\u00e7\u00e3o do &#8220;mosaico&#8221;, com a riqueza das mem\u00f3rias, das pessoas, das vidas. Metodologicamente muito interessante para as e os estudantes de anima\u00e7\u00e3o socioeducativa, gerontologia social e educa\u00e7\u00e3o de adultos com quem eu trabalho. Levei logo o livro para as aulas.&nbsp;N\u00e3o resisti a adiantar-me, a ler com elas e eles excertos, e, simultaneamente, a convid\u00e1-las\/os a irem \u00e0 apresenta\u00e7\u00e3o. Estavam l\u00e1, participaram, ainda que timidamente, mas percebi, no espa\u00e7o de confian\u00e7a da aula seguinte, que tinha sido uma oportunidade significativa de aprendizagem e reflex\u00e3o cr\u00edtica.&nbsp;<\/p>\n\n\n\n<p>Perguntaram-me o que achava do livro e eu respondi que era um livro que a minha filha tinha de ler, as amigas e os amigos dela, as e os &#8216;meus&#8217; estudantes, toda a gente.&nbsp;<\/p>\n\n\n\n<p>Estive a discut\u00ed-lo \u00e0 mesa de domingo com a minha m\u00e3e, que \u00e9 da idade de algumas destas mulheres, o meu pai, dirigente associativo da Liga dos Combatentes, e a minha filha adolescente cheia de curiosidade e muitas opini\u00f5es..&nbsp;<\/p>\n\n\n\n<p>Nas oficinas de alfabetiza\u00e7\u00e3o do Projeto Letras Pr\u00e1 Vida l\u00e1 estava ele sobre a mesa, para comemorar abril, para ser explorado, discutido, partilhado, lido para &#8216;lermos o Mundo&#8217;.&nbsp;<\/p>\n\n\n\n<p>\u00c9 um livro humanista, pol\u00edtico, pedag\u00f3gico, educativo, no qual as vozes destas mulheres fortes e corajosas, que viveram vulnerabilidades, inseguran\u00e7as, mil aventuras, &#8216;saem do sil\u00eancio&#8217; e cantam a liberdade.&nbsp;<\/p>\n\n\n\n<p>Por isso me fez sentido imediato o convite ao Coro das Mulheres da F\u00e1brica para se juntarem a estas vozes, naquela tarde maravilhosa.<\/p>\n\n\n\n<p>O livro e a sua apresenta\u00e7\u00e3o foi s\u00f3 o in\u00edcio, temos de continuar a partilhar as &#8216;hist\u00f3rias pr\u00e1 Vida&#8217;, precisam ser lidas, contadas, cantadas&#8230; tanto que temos a aprender.<\/p>\n\n\n\n<div style=\"height:19px\" aria-hidden=\"true\" class=\"wp-block-spacer\"><\/div>\n\n\n\n<h2 class=\"wp-block-heading\">V\u00eddeo | Imagens da sess\u00e3o<\/h2>\n\n\n\n<div style=\"height:15px\" aria-hidden=\"true\" class=\"wp-block-spacer\"><\/div>\n\n\n\n<figure class=\"wp-block-embed is-type-video is-provider-youtube wp-block-embed-youtube wp-embed-aspect-16-9 wp-has-aspect-ratio\"><div class=\"wp-block-embed__wrapper\">\n<iframe loading=\"lazy\" title=\"EX\u00cdLIOS NO FEMININO EM COMBRA\" width=\"640\" height=\"360\" src=\"https:\/\/www.youtube.com\/embed\/M_UDxskYfmU?feature=oembed\" frameborder=\"0\" allow=\"accelerometer; autoplay; clipboard-write; encrypted-media; gyroscope; picture-in-picture; web-share\" allowfullscreen><\/iframe>\n<\/div><\/figure>\n\n\n\n<div style=\"height:20px\" aria-hidden=\"true\" class=\"wp-block-spacer\"><\/div>\n\n\n\n<figure class=\"wp-block-gallery has-nested-images columns-default is-cropped wp-block-gallery-3 is-layout-flex wp-block-gallery-is-layout-flex\">\n<figure class=\"wp-block-image size-large is-style-default\"><img decoding=\"async\" loading=\"lazy\" width=\"1024\" height=\"683\" data-id=\"9710\" src=\"https:\/\/semfronteiras.eu\/wp-content\/uploads\/2023\/05\/IMG_1692-1024x683.jpg\" alt=\"\" class=\"wp-image-9710\" srcset=\"https:\/\/nsf.pt\/wp-content\/uploads\/2023\/05\/IMG_1692-1024x683.jpg 1024w, https:\/\/nsf.pt\/wp-content\/uploads\/2023\/05\/IMG_1692-300x200.jpg 300w, https:\/\/nsf.pt\/wp-content\/uploads\/2023\/05\/IMG_1692-768x512.jpg 768w, https:\/\/nsf.pt\/wp-content\/uploads\/2023\/05\/IMG_1692-1536x1024.jpg 1536w, https:\/\/nsf.pt\/wp-content\/uploads\/2023\/05\/IMG_1692-2048x1365.jpg 2048w\" sizes=\"(max-width: 1024px) 100vw, 1024px\" \/><\/figure>\n\n\n\n<figure class=\"wp-block-image size-large is-style-default\"><img decoding=\"async\" loading=\"lazy\" width=\"1024\" height=\"683\" data-id=\"9713\" src=\"https:\/\/semfronteiras.eu\/wp-content\/uploads\/2023\/05\/IMG_1695-1024x683.jpg\" alt=\"\" class=\"wp-image-9713\" srcset=\"https:\/\/nsf.pt\/wp-content\/uploads\/2023\/05\/IMG_1695-1024x683.jpg 1024w, https:\/\/nsf.pt\/wp-content\/uploads\/2023\/05\/IMG_1695-300x200.jpg 300w, https:\/\/nsf.pt\/wp-content\/uploads\/2023\/05\/IMG_1695-768x512.jpg 768w, https:\/\/nsf.pt\/wp-content\/uploads\/2023\/05\/IMG_1695-1536x1024.jpg 1536w, https:\/\/nsf.pt\/wp-content\/uploads\/2023\/05\/IMG_1695-2048x1365.jpg 2048w\" sizes=\"(max-width: 1024px) 100vw, 1024px\" \/><\/figure>\n\n\n\n<figure class=\"wp-block-image size-large is-style-default\"><img decoding=\"async\" loading=\"lazy\" width=\"1024\" height=\"683\" data-id=\"9709\" src=\"https:\/\/semfronteiras.eu\/wp-content\/uploads\/2023\/05\/IMG_1699-1024x683.jpg\" alt=\"\" class=\"wp-image-9709\" srcset=\"https:\/\/nsf.pt\/wp-content\/uploads\/2023\/05\/IMG_1699-1024x683.jpg 1024w, https:\/\/nsf.pt\/wp-content\/uploads\/2023\/05\/IMG_1699-300x200.jpg 300w, https:\/\/nsf.pt\/wp-content\/uploads\/2023\/05\/IMG_1699-768x512.jpg 768w, https:\/\/nsf.pt\/wp-content\/uploads\/2023\/05\/IMG_1699-1536x1024.jpg 1536w, https:\/\/nsf.pt\/wp-content\/uploads\/2023\/05\/IMG_1699-2048x1365.jpg 2048w\" sizes=\"(max-width: 1024px) 100vw, 1024px\" \/><\/figure>\n\n\n\n<figure class=\"wp-block-image size-large is-style-default\"><img decoding=\"async\" loading=\"lazy\" width=\"1024\" height=\"683\" data-id=\"9715\" src=\"https:\/\/semfronteiras.eu\/wp-content\/uploads\/2023\/05\/IMG_1702-1024x683.jpg\" alt=\"\" class=\"wp-image-9715\" srcset=\"https:\/\/nsf.pt\/wp-content\/uploads\/2023\/05\/IMG_1702-1024x683.jpg 1024w, https:\/\/nsf.pt\/wp-content\/uploads\/2023\/05\/IMG_1702-300x200.jpg 300w, https:\/\/nsf.pt\/wp-content\/uploads\/2023\/05\/IMG_1702-768x512.jpg 768w, https:\/\/nsf.pt\/wp-content\/uploads\/2023\/05\/IMG_1702-1536x1024.jpg 1536w, https:\/\/nsf.pt\/wp-content\/uploads\/2023\/05\/IMG_1702-2048x1365.jpg 2048w\" sizes=\"(max-width: 1024px) 100vw, 1024px\" \/><\/figure>\n\n\n\n<figure class=\"wp-block-image size-large is-style-default\"><img decoding=\"async\" loading=\"lazy\" width=\"1024\" height=\"683\" data-id=\"9711\" src=\"https:\/\/semfronteiras.eu\/wp-content\/uploads\/2023\/05\/IMG_1708-1024x683.jpg\" alt=\"\" class=\"wp-image-9711\" srcset=\"https:\/\/nsf.pt\/wp-content\/uploads\/2023\/05\/IMG_1708-1024x683.jpg 1024w, https:\/\/nsf.pt\/wp-content\/uploads\/2023\/05\/IMG_1708-300x200.jpg 300w, https:\/\/nsf.pt\/wp-content\/uploads\/2023\/05\/IMG_1708-768x512.jpg 768w, https:\/\/nsf.pt\/wp-content\/uploads\/2023\/05\/IMG_1708-1536x1024.jpg 1536w, https:\/\/nsf.pt\/wp-content\/uploads\/2023\/05\/IMG_1708-2048x1365.jpg 2048w\" sizes=\"(max-width: 1024px) 100vw, 1024px\" \/><\/figure>\n<\/figure>\n\n\n\n<figure class=\"wp-block-gallery has-nested-images columns-default is-cropped wp-block-gallery-5 is-layout-flex wp-block-gallery-is-layout-flex\">\n<figure class=\"wp-block-image size-large is-style-default\"><img decoding=\"async\" loading=\"lazy\" width=\"1024\" height=\"683\" data-id=\"9716\" src=\"https:\/\/semfronteiras.eu\/wp-content\/uploads\/2023\/05\/IMG_1719-1024x683.jpg\" alt=\"\" class=\"wp-image-9716\" srcset=\"https:\/\/nsf.pt\/wp-content\/uploads\/2023\/05\/IMG_1719-1024x683.jpg 1024w, https:\/\/nsf.pt\/wp-content\/uploads\/2023\/05\/IMG_1719-300x200.jpg 300w, https:\/\/nsf.pt\/wp-content\/uploads\/2023\/05\/IMG_1719-768x512.jpg 768w, https:\/\/nsf.pt\/wp-content\/uploads\/2023\/05\/IMG_1719-1536x1024.jpg 1536w, https:\/\/nsf.pt\/wp-content\/uploads\/2023\/05\/IMG_1719-2048x1365.jpg 2048w\" sizes=\"(max-width: 1024px) 100vw, 1024px\" \/><\/figure>\n\n\n\n<figure class=\"wp-block-image size-large is-style-default\"><img decoding=\"async\" loading=\"lazy\" width=\"1024\" height=\"683\" data-id=\"9720\" src=\"https:\/\/semfronteiras.eu\/wp-content\/uploads\/2023\/05\/IMG_1730-1024x683.jpg\" alt=\"\" class=\"wp-image-9720\" srcset=\"https:\/\/nsf.pt\/wp-content\/uploads\/2023\/05\/IMG_1730-1024x683.jpg 1024w, https:\/\/nsf.pt\/wp-content\/uploads\/2023\/05\/IMG_1730-300x200.jpg 300w, https:\/\/nsf.pt\/wp-content\/uploads\/2023\/05\/IMG_1730-768x512.jpg 768w, https:\/\/nsf.pt\/wp-content\/uploads\/2023\/05\/IMG_1730-1536x1024.jpg 1536w, https:\/\/nsf.pt\/wp-content\/uploads\/2023\/05\/IMG_1730-2048x1365.jpg 2048w\" sizes=\"(max-width: 1024px) 100vw, 1024px\" \/><\/figure>\n\n\n\n<figure class=\"wp-block-image size-large is-style-default\"><img decoding=\"async\" loading=\"lazy\" width=\"1024\" height=\"683\" data-id=\"9721\" src=\"https:\/\/semfronteiras.eu\/wp-content\/uploads\/2023\/05\/IMG_1736-1024x683.jpg\" alt=\"\" class=\"wp-image-9721\" srcset=\"https:\/\/nsf.pt\/wp-content\/uploads\/2023\/05\/IMG_1736-1024x683.jpg 1024w, https:\/\/nsf.pt\/wp-content\/uploads\/2023\/05\/IMG_1736-300x200.jpg 300w, https:\/\/nsf.pt\/wp-content\/uploads\/2023\/05\/IMG_1736-768x512.jpg 768w, https:\/\/nsf.pt\/wp-content\/uploads\/2023\/05\/IMG_1736-1536x1024.jpg 1536w, https:\/\/nsf.pt\/wp-content\/uploads\/2023\/05\/IMG_1736-2048x1365.jpg 2048w\" sizes=\"(max-width: 1024px) 100vw, 1024px\" \/><\/figure>\n\n\n\n<figure class=\"wp-block-image size-large is-style-default\"><img decoding=\"async\" loading=\"lazy\" width=\"1024\" height=\"683\" data-id=\"9718\" src=\"https:\/\/semfronteiras.eu\/wp-content\/uploads\/2023\/05\/IMG_1740-1024x683.jpg\" alt=\"\" class=\"wp-image-9718\" srcset=\"https:\/\/nsf.pt\/wp-content\/uploads\/2023\/05\/IMG_1740-1024x683.jpg 1024w, https:\/\/nsf.pt\/wp-content\/uploads\/2023\/05\/IMG_1740-300x200.jpg 300w, https:\/\/nsf.pt\/wp-content\/uploads\/2023\/05\/IMG_1740-768x512.jpg 768w, https:\/\/nsf.pt\/wp-content\/uploads\/2023\/05\/IMG_1740-1536x1024.jpg 1536w, https:\/\/nsf.pt\/wp-content\/uploads\/2023\/05\/IMG_1740-2048x1365.jpg 2048w\" sizes=\"(max-width: 1024px) 100vw, 1024px\" \/><\/figure>\n\n\n\n<figure class=\"wp-block-image size-large is-style-default\"><img decoding=\"async\" loading=\"lazy\" width=\"1024\" height=\"683\" data-id=\"9717\" src=\"https:\/\/semfronteiras.eu\/wp-content\/uploads\/2023\/05\/IMG_1751-1024x683.jpg\" alt=\"\" class=\"wp-image-9717\" srcset=\"https:\/\/nsf.pt\/wp-content\/uploads\/2023\/05\/IMG_1751-1024x683.jpg 1024w, https:\/\/nsf.pt\/wp-content\/uploads\/2023\/05\/IMG_1751-300x200.jpg 300w, https:\/\/nsf.pt\/wp-content\/uploads\/2023\/05\/IMG_1751-768x512.jpg 768w, https:\/\/nsf.pt\/wp-content\/uploads\/2023\/05\/IMG_1751-1536x1024.jpg 1536w, https:\/\/nsf.pt\/wp-content\/uploads\/2023\/05\/IMG_1751-2048x1365.jpg 2048w\" sizes=\"(max-width: 1024px) 100vw, 1024px\" \/><\/figure>\n<\/figure>\n\n\n\n<div style=\"height:30px\" aria-hidden=\"true\" class=\"wp-block-spacer\"><\/div>\n\n\n\n<p><em>Fotos e V\u00eddeo de Carlos Ribeiro\/Caixam\u00e9dia<\/em><\/p>\n","protected":false},"excerpt":{"rendered":"<p>Opini\u00f5es, protagonistas e roteiro das apresenta\u00e7\u00f5es p\u00fablicas (5) | COIMBRA O que diz Dina Soeiro?&#8230;<\/p>\n","protected":false},"author":2,"featured_media":9724,"comment_status":"open","ping_status":"open","sticky":true,"template":"","format":"standard","meta":{"sfsi_plus_gutenberg_text_before_share":"","sfsi_plus_gutenberg_show_text_before_share":"","sfsi_plus_gutenberg_icon_type":"","sfsi_plus_gutenberg_icon_alignemt":"","sfsi_plus_gutenburg_max_per_row":"","ngg_post_thumbnail":0,"footnotes":""},"categories":[238,381],"tags":[419],"featured_image_urls":{"full":["https:\/\/nsf.pt\/wp-content\/uploads\/2023\/05\/IMG_1752-scaled.jpg",2560,1707,false],"thumbnail":["https:\/\/nsf.pt\/wp-content\/uploads\/2023\/05\/IMG_1752-150x150.jpg",150,150,true],"medium":["https:\/\/nsf.pt\/wp-content\/uploads\/2023\/05\/IMG_1752-300x200.jpg",300,200,true],"medium_large":["https:\/\/nsf.pt\/wp-content\/uploads\/2023\/05\/IMG_1752-768x512.jpg",640,427,true],"large":["https:\/\/nsf.pt\/wp-content\/uploads\/2023\/05\/IMG_1752-1024x683.jpg",640,427,true],"1536x1536":["https:\/\/nsf.pt\/wp-content\/uploads\/2023\/05\/IMG_1752-1536x1024.jpg",1536,1024,true],"2048x2048":["https:\/\/nsf.pt\/wp-content\/uploads\/2023\/05\/IMG_1752-2048x1365.jpg",2048,1365,true],"covernews-slider-full":["https:\/\/nsf.pt\/wp-content\/uploads\/2023\/05\/IMG_1752-1115x715.jpg",1115,715,true],"covernews-slider-center":["https:\/\/nsf.pt\/wp-content\/uploads\/2023\/05\/IMG_1752-800x500.jpg",800,500,true],"covernews-featured":["https:\/\/nsf.pt\/wp-content\/uploads\/2023\/05\/IMG_1752-1024x683.jpg",1024,683,true],"covernews-medium":["https:\/\/nsf.pt\/wp-content\/uploads\/2023\/05\/IMG_1752-540x340.jpg",540,340,true],"covernews-medium-square":["https:\/\/nsf.pt\/wp-content\/uploads\/2023\/05\/IMG_1752-400x250.jpg",400,250,true]},"author_info":{"info":["Carlos Ribeiro"]},"category_info":"<a href=\"https:\/\/nsf.pt\/index.php\/category\/destaque\/\" rel=\"category tag\">DESTAQUE<\/a> <a href=\"https:\/\/nsf.pt\/index.php\/category\/livros-do-exilio\/\" rel=\"category tag\">Livros do Ex\u00edlio<\/a>","tag_info":"Livros do Ex\u00edlio","comment_count":"0","_links":{"self":[{"href":"https:\/\/nsf.pt\/index.php\/wp-json\/wp\/v2\/posts\/9704"}],"collection":[{"href":"https:\/\/nsf.pt\/index.php\/wp-json\/wp\/v2\/posts"}],"about":[{"href":"https:\/\/nsf.pt\/index.php\/wp-json\/wp\/v2\/types\/post"}],"author":[{"embeddable":true,"href":"https:\/\/nsf.pt\/index.php\/wp-json\/wp\/v2\/users\/2"}],"replies":[{"embeddable":true,"href":"https:\/\/nsf.pt\/index.php\/wp-json\/wp\/v2\/comments?post=9704"}],"version-history":[{"count":2,"href":"https:\/\/nsf.pt\/index.php\/wp-json\/wp\/v2\/posts\/9704\/revisions"}],"predecessor-version":[{"id":9725,"href":"https:\/\/nsf.pt\/index.php\/wp-json\/wp\/v2\/posts\/9704\/revisions\/9725"}],"wp:featuredmedia":[{"embeddable":true,"href":"https:\/\/nsf.pt\/index.php\/wp-json\/wp\/v2\/media\/9724"}],"wp:attachment":[{"href":"https:\/\/nsf.pt\/index.php\/wp-json\/wp\/v2\/media?parent=9704"}],"wp:term":[{"taxonomy":"category","embeddable":true,"href":"https:\/\/nsf.pt\/index.php\/wp-json\/wp\/v2\/categories?post=9704"},{"taxonomy":"post_tag","embeddable":true,"href":"https:\/\/nsf.pt\/index.php\/wp-json\/wp\/v2\/tags?post=9704"}],"curies":[{"name":"wp","href":"https:\/\/api.w.org\/{rel}","templated":true}]}}