{"id":9747,"date":"2023-05-28T21:50:10","date_gmt":"2023-05-28T21:50:10","guid":{"rendered":"https:\/\/semfronteiras.eu\/?p=9747"},"modified":"2023-05-28T21:51:54","modified_gmt":"2023-05-28T21:51:54","slug":"exilios-no-feminino-afinal-que-livro-e-este-5","status":"publish","type":"post","link":"https:\/\/nsf.pt\/index.php\/2023\/05\/28\/exilios-no-feminino-afinal-que-livro-e-este-5\/","title":{"rendered":"EX\u00cdLIOS NO FEMININO &#8211; Afinal que livro \u00e9 este?"},"content":{"rendered":"<div class=\"wp-block-post-date\"><time datetime=\"2023-05-28T21:50:10+00:00\">28 de Maio, 2023<\/time><\/div>\n\n\n<h2 class=\"wp-block-heading\">Opini\u00f5es, protagonistas e roteiro das apresenta\u00e7\u00f5es p\u00fablicas (6) | LOUL\u00c9<\/h2>\n\n\n\n<p><\/p>\n\n\n\n<h2 class=\"wp-block-heading\">O que diz L\u00eddia Soares?<\/h2>\n\n\n\n<div style=\"height:14px\" aria-hidden=\"true\" class=\"wp-block-spacer\"><\/div>\n\n\n\n<figure class=\"wp-block-gallery has-nested-images columns-default is-cropped wp-block-gallery-1 is-layout-flex wp-block-gallery-is-layout-flex\">\n<figure class=\"wp-block-image size-large is-style-default\"><img decoding=\"async\" loading=\"lazy\" width=\"955\" height=\"500\" data-id=\"9751\" src=\"https:\/\/semfronteiras.eu\/wp-content\/uploads\/2023\/05\/lidi.jpg\" alt=\"\" class=\"wp-image-9751\" srcset=\"https:\/\/nsf.pt\/wp-content\/uploads\/2023\/05\/lidi.jpg 955w, https:\/\/nsf.pt\/wp-content\/uploads\/2023\/05\/lidi-300x157.jpg 300w, https:\/\/nsf.pt\/wp-content\/uploads\/2023\/05\/lidi-768x402.jpg 768w\" sizes=\"(max-width: 955px) 100vw, 955px\" \/><\/figure>\n<\/figure>\n\n\n\n<div style=\"height:21px\" aria-hidden=\"true\" class=\"wp-block-spacer\"><\/div>\n\n\n\n<p class=\"has-text-align-center\"><strong>De alguma forma todos n\u00f3s somos exilados. Nascemos, vivemos e morremos num mundo que \u00e9 s\u00f3 nosso e onde temos de nos proteger das agress\u00f5es dos outros. Vivemos a revolta de nos sentirmos sozinhos perante as injusti\u00e7as e as corre\u00e7\u00f5es que desejar\u00edamos ver introduzidas para que a fam\u00edlia humana seja mais equilibrada nos direitos, deveres e solidariedades.<\/strong><\/p>\n\n\n\n<p>Num mundo, mesmo nos pa\u00edses mais desenvolvidos, em que a igualdade do g\u00e9nero est\u00e1 longe de ser atingida e onde a escola continua a ser reprodutora das desigualdades, poucos, muitos poucos, tomaram consci\u00eancia das suas limita\u00e7\u00f5es e tiveram coragem para se libertar. Por\u00e9m, \u00e9 preciso mais que coragem quando se pretende, com a liberta\u00e7\u00e3o, usufruir de uma aprendizagem que contribua para um despertar de consci\u00eancias perante as injusti\u00e7as e desigualdades e fa\u00e7a dos percursos uma arma para o conhecimento e liberta\u00e7\u00e3o dos outros. Am\u00e9lia Resende, Beatriz Abrantes, Fernanda Oliveira Marques, Helena Cabe\u00e7adas, Helena Rato, Irene Pimentel e Maria Em\u00edlia Brederode Santos conseguiram isso. E tiveram a coragem de o dizer de forma desassombrada, de lutar e continuar para que as consci\u00eancias se despertem e as sociedades se harmonizem.<\/p>\n\n\n\n<p>&#8220;Ex\u00edlios no feminino&#8221; conta-nos as est\u00f3rias de 7 Mulheres que, antes do 25 de Abril, sa\u00edram do seu Pa\u00eds e viveram no ex\u00edlio que, Helena Cabe\u00e7adas, descreve assim: &#8221; (&#8230;) penso que a experi\u00eancia multicultural e de marginalidade que vivi no ex\u00edlio, ao longo de dez anos, me capacitou para compreender melhor a realidade das viv\u00eancias das popula\u00e7\u00f5es com as quais trabalhei, em geral marginalizadas e com dificuldades de inser\u00e7\u00e3o social. Isto porque o ex\u00edlio \u00e9 sempre uma experi\u00eancia de marginalidade. Adorno dizia: \u00abO ex\u00edlio \u00e9 sempre uma experi\u00eancia de mutila\u00e7\u00e3o\u00bb &#8211; o meu caso n\u00e3o ter\u00e1 sido t\u00e3o dram\u00e1tico como o dele, fugido \u00e0 persegui\u00e7\u00e3o nazi, mas n\u00e3o deixou de ser uma experi\u00eancia singular e dif\u00edcil&#8221; (p\u00e1g.212).<\/p>\n\n\n\n<p>Ex\u00edlios no Feminino&#8221; \u00e9, por isso, e n\u00e3o s\u00f3, uma obra coletiva de leitura obrigat\u00f3ria pela an\u00e1lise sociol\u00f3gica nela contida e pelos problemas do passado que o presente continua a n\u00e3o corrigir.<\/p>\n\n\n\n<h2 class=\"wp-block-heading\">L\u00eddia Soares<\/h2>\n\n\n\n<p><\/p>\n\n\n\n<hr class=\"wp-block-separator has-alpha-channel-opacity\"\/>\n\n\n\n<p><\/p>\n\n\n\n<h2 class=\"wp-block-heading\">IMAGENS DA APRESENTA\u00c7\u00c3O NA BIBLIOTECA MUNICIPAL DE LOUL\u00c9<\/h2>\n\n\n\n<p>A sess\u00e3o contou a presen\u00e7a de v\u00e1rias institui\u00e7\u00f5es e entidades do concelho com destaque para o  Presidente da Assembleia Municipal de Loul\u00e9 Carlos Jorge dos Santos Silva Gomes, da Vice-Presidente da C\u00e2mara Municipal de Loul\u00e9 Ana Isabel Carvalho Machado e da deputada municipal Ana Lu\u00edsa Poeta Sim\u00f5es que foi co-organizadora da sess\u00e3o com a Associa\u00e7\u00e3o de Exilados Pol\u00edticos Portugueses.<\/p>\n\n\n\n<p>Na anima\u00e7\u00e3o da sess\u00e3o estiveram a apresentadora do livro Priscila Soares e 3 coautoras, Am\u00e9lia Resende, Beatriz Abrantes e Fernanda Marques que foi a coordenadora do projeto Ex\u00edlios no Feminino.<\/p>\n\n\n\n<p>Ana Poeta juntou-se \u00e0 Mesa da Tert\u00falia na fase do debate com o p\u00fablico.<\/p>\n\n\n\n<div style=\"height:22px\" aria-hidden=\"true\" class=\"wp-block-spacer\"><\/div>\n\n\n\n<figure class=\"wp-block-gallery has-nested-images columns-default is-cropped wp-block-gallery-3 is-layout-flex wp-block-gallery-is-layout-flex\">\n<figure class=\"wp-block-image size-large is-style-default\"><img decoding=\"async\" loading=\"lazy\" width=\"1024\" height=\"683\" data-id=\"9761\" src=\"https:\/\/semfronteiras.eu\/wp-content\/uploads\/2023\/05\/IMG_1818-1-1024x683.jpg\" alt=\"\" class=\"wp-image-9761\" srcset=\"https:\/\/nsf.pt\/wp-content\/uploads\/2023\/05\/IMG_1818-1-1024x683.jpg 1024w, https:\/\/nsf.pt\/wp-content\/uploads\/2023\/05\/IMG_1818-1-300x200.jpg 300w, https:\/\/nsf.pt\/wp-content\/uploads\/2023\/05\/IMG_1818-1-768x512.jpg 768w, https:\/\/nsf.pt\/wp-content\/uploads\/2023\/05\/IMG_1818-1-1536x1024.jpg 1536w, https:\/\/nsf.pt\/wp-content\/uploads\/2023\/05\/IMG_1818-1-2048x1365.jpg 2048w\" sizes=\"(max-width: 1024px) 100vw, 1024px\" \/><\/figure>\n<\/figure>\n\n\n\n<p class=\"has-text-align-center\">Priscila Soares apresentou o livro aos participantes na sess\u00e3o<\/p>\n\n\n\n<figure class=\"wp-block-gallery has-nested-images columns-default is-cropped wp-block-gallery-5 is-layout-flex wp-block-gallery-is-layout-flex\">\n<figure class=\"wp-block-image size-large is-style-default\"><img decoding=\"async\" loading=\"lazy\" width=\"1024\" height=\"683\" data-id=\"9760\" src=\"https:\/\/semfronteiras.eu\/wp-content\/uploads\/2023\/05\/IMG_1844-1024x683.jpg\" alt=\"\" class=\"wp-image-9760\" srcset=\"https:\/\/nsf.pt\/wp-content\/uploads\/2023\/05\/IMG_1844-1024x683.jpg 1024w, https:\/\/nsf.pt\/wp-content\/uploads\/2023\/05\/IMG_1844-300x200.jpg 300w, https:\/\/nsf.pt\/wp-content\/uploads\/2023\/05\/IMG_1844-768x512.jpg 768w, https:\/\/nsf.pt\/wp-content\/uploads\/2023\/05\/IMG_1844-1536x1024.jpg 1536w, https:\/\/nsf.pt\/wp-content\/uploads\/2023\/05\/IMG_1844-2048x1365.jpg 2048w\" sizes=\"(max-width: 1024px) 100vw, 1024px\" \/><\/figure>\n\n\n\n<figure class=\"wp-block-image size-large is-style-default\"><img decoding=\"async\" loading=\"lazy\" width=\"1024\" height=\"683\" data-id=\"9755\" src=\"https:\/\/semfronteiras.eu\/wp-content\/uploads\/2023\/05\/IMG_1820-1024x683.jpg\" alt=\"\" class=\"wp-image-9755\" srcset=\"https:\/\/nsf.pt\/wp-content\/uploads\/2023\/05\/IMG_1820-1024x683.jpg 1024w, https:\/\/nsf.pt\/wp-content\/uploads\/2023\/05\/IMG_1820-300x200.jpg 300w, https:\/\/nsf.pt\/wp-content\/uploads\/2023\/05\/IMG_1820-768x512.jpg 768w, https:\/\/nsf.pt\/wp-content\/uploads\/2023\/05\/IMG_1820-1536x1024.jpg 1536w, https:\/\/nsf.pt\/wp-content\/uploads\/2023\/05\/IMG_1820-2048x1365.jpg 2048w\" sizes=\"(max-width: 1024px) 100vw, 1024px\" \/><\/figure>\n\n\n\n<figure class=\"wp-block-image size-large is-style-default\"><img decoding=\"async\" loading=\"lazy\" width=\"1024\" height=\"683\" data-id=\"9756\" src=\"https:\/\/semfronteiras.eu\/wp-content\/uploads\/2023\/05\/IMG_1817-1024x683.jpg\" alt=\"\" class=\"wp-image-9756\" srcset=\"https:\/\/nsf.pt\/wp-content\/uploads\/2023\/05\/IMG_1817-1024x683.jpg 1024w, https:\/\/nsf.pt\/wp-content\/uploads\/2023\/05\/IMG_1817-300x200.jpg 300w, https:\/\/nsf.pt\/wp-content\/uploads\/2023\/05\/IMG_1817-768x512.jpg 768w, https:\/\/nsf.pt\/wp-content\/uploads\/2023\/05\/IMG_1817-1536x1024.jpg 1536w, https:\/\/nsf.pt\/wp-content\/uploads\/2023\/05\/IMG_1817-2048x1365.jpg 2048w\" sizes=\"(max-width: 1024px) 100vw, 1024px\" \/><\/figure>\n<\/figure>\n\n\n\n<div style=\"height:27px\" aria-hidden=\"true\" class=\"wp-block-spacer\"><\/div>\n\n\n\n<h2 class=\"wp-block-heading\">Sess\u00e3o de apresenta\u00e7\u00e3o do livro Ex\u00edlios no Feminino em Loul\u00e9<\/h2>\n\n\n\n<h2 class=\"wp-block-heading\">por Am\u00e9lia Resende<\/h2>\n\n\n\n<p>Come\u00e7ou por ser feita uma apresenta\u00e7\u00e3o exaustiva pela professora\/ investigadora Priscila Soares que de uma forma minuciosa percorreu as narrativas de cada uma e de todas as autoras, salientando as situa\u00e7\u00f5es que a tinham impressionado mais: gestos de coragem, hesita\u00e7\u00f5es, medos, realiza\u00e7\u00f5es.<\/p>\n\n\n\n<p>Em seguida houve debate iniciado atrav\u00e9s de perguntas quer da apresentadora, quer do p\u00fablico.<\/p>\n\n\n\n<div style=\"height:15px\" aria-hidden=\"true\" class=\"wp-block-spacer\"><\/div>\n\n\n\n<figure class=\"wp-block-gallery has-nested-images columns-default is-cropped wp-block-gallery-7 is-layout-flex wp-block-gallery-is-layout-flex\">\n<figure class=\"wp-block-image size-large is-style-default\"><img decoding=\"async\" loading=\"lazy\" width=\"1024\" height=\"683\" data-id=\"9762\" src=\"https:\/\/semfronteiras.eu\/wp-content\/uploads\/2023\/05\/IMG_1819-1024x683.jpg\" alt=\"\" class=\"wp-image-9762\" srcset=\"https:\/\/nsf.pt\/wp-content\/uploads\/2023\/05\/IMG_1819-1024x683.jpg 1024w, https:\/\/nsf.pt\/wp-content\/uploads\/2023\/05\/IMG_1819-300x200.jpg 300w, https:\/\/nsf.pt\/wp-content\/uploads\/2023\/05\/IMG_1819-768x512.jpg 768w, https:\/\/nsf.pt\/wp-content\/uploads\/2023\/05\/IMG_1819-1536x1024.jpg 1536w, https:\/\/nsf.pt\/wp-content\/uploads\/2023\/05\/IMG_1819-2048x1365.jpg 2048w\" sizes=\"(max-width: 1024px) 100vw, 1024px\" \/><\/figure>\n<\/figure>\n\n\n\n<div style=\"height:100px\" aria-hidden=\"true\" class=\"wp-block-spacer\"><\/div>\n\n\n\n<h2 class=\"wp-block-heading\"><strong>1- <\/strong> Primeira quest\u00e3o<\/h2>\n\n\n\n<p class=\"has-white-color has-vivid-red-background-color has-text-color has-background\"><strong>Voltaria a fazer a mesma coisa?<\/strong><\/p>\n\n\n\n<p>V\u00e1rios registos surgiram.&nbsp;<\/p>\n\n\n\n<p><strong>Fernanda<\/strong>. Voltaria, mas h\u00e1 duas ou tr\u00eas coisas, que me ficaram: a partida, o desenho da curva do comboio que perto de Vilar Formoso deixava o pa\u00eds para tr\u00e1s e o pensamento- quando \u00e9 que eu vou voltar, n\u00e3o vou ver isto nunca mais&#8230;e l\u00e1, as saudades do sol, do mar, dos amigos, da fam\u00edlia..<\/p>\n\n\n\n<p>Ainda a m\u00e1goa do tempo n\u00e3o recuper\u00e1vel em que deixei de acompanhar os filhos, na dif\u00edcil tarefa de conciliar milit\u00e2ncia pol\u00edtica com maternidade&#8230;<\/p>\n\n\n\n<p><strong>Beatriz<\/strong>. Voltaria a fazer a mesma coisa, com excep\u00e7\u00e3o de duas ou tr\u00eas pequenas coisas&#8230;<\/p>\n\n\n\n<p>V\u00ea-se no rosto que ela foi mesmo aquela formiguinha laboriosa que por tr\u00e1s do palco batia os textos que levavam as raz\u00f5es da luta a todos aqueles a quem foi preciso chegar..<\/p>\n\n\n\n<p><strong>Am\u00e9lia<\/strong>. Voltava, voltaria a fazer tudo, porque n\u00e3o obstante as dificuldades materiais e outras, abriu- se um outro mundo para mim.<\/p>\n\n\n\n<h2 class=\"wp-block-heading\">2 &#8211; Segunda quest\u00e3o<\/h2>\n\n\n\n<p class=\"has-white-color has-vivid-red-background-color has-text-color has-background\">E o livro? A escrita destas narrativas, o que lhe trouxeram?<\/p>\n\n\n\n<p><strong>Am\u00e9lia<\/strong>. O refor\u00e7o das minhas convic\u00e7\u00f5es. Afinal eu tinha raz\u00e3o quando decidi partir. Tornei- me uma pessoa muito mais rica, mais livre. \u00c9 importante pensar fora da caixa. H\u00e1 vida para al\u00e9m disso.Importante assumir as suas diferen\u00e7as. Contrariar o que \u00e9 esperado de n\u00f3s, se isto n\u00e3o nos corresponde, sacudir a normalidade que ainda hoje nos enforma. Portugal ainda sufoca de certa forma, embora j\u00e1 se possa respirar.<\/p>\n\n\n\n<p><strong>Fernanda<\/strong>. A liberdade \u00e9 um bem inegoci\u00e1vel. Liberdade \u00e9 respirar. \u00c9 a condi\u00e7\u00e3o primeira.<\/p>\n\n\n\n<p>Este livro pacificou-me. Colocou as coisas no lugar.<\/p>\n\n\n\n<p><strong>Am\u00e9lia<\/strong>.&nbsp;Subscrevo.<\/p>\n\n\n\n<p>S\u00f3 h\u00e1 liberdade a s\u00e9rio quando houver paz, p\u00e3o, habita\u00e7\u00e3o&#8230;<\/p>\n\n\n\n<h2 class=\"wp-block-heading\">3 &#8211; Terceira quest\u00e3o<\/h2>\n\n\n\n<p class=\"has-white-color has-vivid-red-background-color has-text-color has-background\">Como foi a escrita deste livro?<\/p>\n\n\n\n<p>Foi por vagas. Por temas. Por momentos. Por exemplo, o momento do click. Quando nos come\u00e7\u00e1mos&nbsp; a aperceber do pa\u00eds real e desej\u00e1mos&nbsp;a mudan\u00e7a. E os outros. Desenvolvemos as nossas narrativas em ondas. As origens. O click. A partida. Os ex\u00edlios. E todas avan\u00e7\u00e1vamos nessas ondas. Essa partilha colectiva foi feita com escuta, ouvindo cada uma e todas com tempo e surpreendendo-nos mutuamente com tantas semelhan\u00e7as e algumas diferen\u00e7as. Cri\u00e1mos essa atmosfera de intimidade, de confian\u00e7a, onde reflect\u00edamos e confidenci\u00e1vamos.<\/p>\n\n\n\n<p>Depois mais tarde, houve o trabalho individual. A ideia agora era debru\u00e7armo-nos sobre cada momento da nossa narrativa e&nbsp; analis\u00e1-la sob tr\u00eas aspectos: o olhar feminino, as rela\u00e7\u00f5es de poder e a interculturalidade. E como essa reflex\u00e3o solit\u00e1ria nos ajudou a aprofundar a nossa pr\u00f3pria experi\u00eancia, a colocar em perspectiva os dados da mem\u00f3ria.<\/p>\n\n\n\n<p>Foi este processo de constru\u00e7\u00e3o do livro que desvend\u00e1mos juntos da nossa audi\u00eancia, tornando transparente para eles um processo que at\u00e9 ali era s\u00f3 nosso. Pontes. De novo cri\u00e1mos pontes. E provavelmente cri\u00e1mos o est\u00edmulo para eles pr\u00f3prios\/ elas pr\u00f3prias fazerem o mesmo.<\/p>\n\n\n\n<p>A utilidade e o interesse deste tipo de actividade.<\/p>\n\n\n\n<h2 class=\"wp-block-heading\">4 &#8211; Quarta quest\u00e3o<\/h2>\n\n\n\n<p class=\"has-white-color has-vivid-red-background-color has-text-color has-background\">Que conselho dariam&nbsp; voc\u00eas \u00e1 milha filha?<\/p>\n\n\n\n<p>Pergunta feita por um jovem pai acompanhado pela filha de 8 anos de idade. Sintetiza bem a import\u00e2ncia deste debate.<\/p>\n\n\n\n<p>\u00c9 a experi\u00eancia das nossas lutas e dos nossos percursos que pode conter alguma mat\u00e9ria que deve ser passada \u00e1s novas gera\u00e7\u00f5es.<\/p>\n\n\n\n<p><\/p>\n\n\n\n<h2 class=\"wp-block-heading\">5 &#8211; Quinta pergunta<\/h2>\n\n\n\n<p class=\"has-white-color has-vivid-red-background-color has-text-color has-background\">Como afrontaram voc\u00eas os poderes?<\/p>\n\n\n\n<p>Portanto, concluindo: estas apresenta\u00e7\u00f5es s\u00e3o \u00fateis porque a partir do livro e \u00e1 volta dele surgem as quest\u00f5es de todos os tempos: como reagir \u00e0 opress\u00e3o, ao conformismo, como querer um mundo novo para si e para os outros, como descobrir formas de realiza\u00e7\u00e3o pessoal e colectiva.<\/p>\n\n\n\n<p>Por outro lado, o testemunho em primeira pessoa das narrativas encoraja o di\u00e1logo e suscita as hist\u00f3rias comparativas dos outros. Ao libertar- se a palavra, \u00e9 um primeiro gesto de mudan\u00e7a que ocorre. Mudan\u00e7a para o p\u00fablico e para as autoras, que desafiadas com novas quest\u00f5es se reinventam. Estamos a falar de din\u00e2mica. De din\u00e2micas. De empatia.<\/p>\n\n\n\n<p><\/p>\n\n\n\n<h2 class=\"wp-block-heading\">V\u00cdDEO COM IMAGENS DA JORNADA <\/h2>\n\n\n\n<p>O livro em Loul\u00e9<\/p>\n\n\n\n<figure class=\"wp-block-embed is-type-video is-provider-youtube wp-block-embed-youtube wp-embed-aspect-16-9 wp-has-aspect-ratio\"><div class=\"wp-block-embed__wrapper\">\n<iframe loading=\"lazy\" title=\"Ex\u00edlios no feminino - Loul\u00e9\" width=\"640\" height=\"360\" src=\"https:\/\/www.youtube.com\/embed\/-ynafwkzQes?feature=oembed\" frameborder=\"0\" allow=\"accelerometer; autoplay; clipboard-write; encrypted-media; gyroscope; picture-in-picture; web-share\" allowfullscreen><\/iframe>\n<\/div><\/figure>\n\n\n\n<div style=\"height:63px\" aria-hidden=\"true\" class=\"wp-block-spacer\"><\/div>\n\n\n\n<p>Fotografias e imagens \u00a9 Carlos Ribeiro \/ caixam\u00e9dia<\/p>\n","protected":false},"excerpt":{"rendered":"<p>Opini\u00f5es, protagonistas e roteiro das apresenta\u00e7\u00f5es p\u00fablicas (6) | LOUL\u00c9 O que diz L\u00eddia Soares?&#8230;<\/p>\n","protected":false},"author":2,"featured_media":9761,"comment_status":"open","ping_status":"open","sticky":true,"template":"","format":"standard","meta":{"sfsi_plus_gutenberg_text_before_share":"","sfsi_plus_gutenberg_show_text_before_share":"","sfsi_plus_gutenberg_icon_type":"","sfsi_plus_gutenberg_icon_alignemt":"","sfsi_plus_gutenburg_max_per_row":"","ngg_post_thumbnail":0,"footnotes":""},"categories":[238,381],"tags":[419],"featured_image_urls":{"full":["https:\/\/nsf.pt\/wp-content\/uploads\/2023\/05\/IMG_1818-1-scaled.jpg",2560,1707,false],"thumbnail":["https:\/\/nsf.pt\/wp-content\/uploads\/2023\/05\/IMG_1818-1-150x150.jpg",150,150,true],"medium":["https:\/\/nsf.pt\/wp-content\/uploads\/2023\/05\/IMG_1818-1-300x200.jpg",300,200,true],"medium_large":["https:\/\/nsf.pt\/wp-content\/uploads\/2023\/05\/IMG_1818-1-768x512.jpg",640,427,true],"large":["https:\/\/nsf.pt\/wp-content\/uploads\/2023\/05\/IMG_1818-1-1024x683.jpg",640,427,true],"1536x1536":["https:\/\/nsf.pt\/wp-content\/uploads\/2023\/05\/IMG_1818-1-1536x1024.jpg",1536,1024,true],"2048x2048":["https:\/\/nsf.pt\/wp-content\/uploads\/2023\/05\/IMG_1818-1-2048x1365.jpg",2048,1365,true],"covernews-slider-full":["https:\/\/nsf.pt\/wp-content\/uploads\/2023\/05\/IMG_1818-1-1115x715.jpg",1115,715,true],"covernews-slider-center":["https:\/\/nsf.pt\/wp-content\/uploads\/2023\/05\/IMG_1818-1-800x500.jpg",800,500,true],"covernews-featured":["https:\/\/nsf.pt\/wp-content\/uploads\/2023\/05\/IMG_1818-1-1024x683.jpg",1024,683,true],"covernews-medium":["https:\/\/nsf.pt\/wp-content\/uploads\/2023\/05\/IMG_1818-1-540x340.jpg",540,340,true],"covernews-medium-square":["https:\/\/nsf.pt\/wp-content\/uploads\/2023\/05\/IMG_1818-1-400x250.jpg",400,250,true]},"author_info":{"info":["Carlos Ribeiro"]},"category_info":"<a href=\"https:\/\/nsf.pt\/index.php\/category\/destaque\/\" rel=\"category tag\">DESTAQUE<\/a> <a href=\"https:\/\/nsf.pt\/index.php\/category\/livros-do-exilio\/\" rel=\"category tag\">Livros do Ex\u00edlio<\/a>","tag_info":"Livros do Ex\u00edlio","comment_count":"0","_links":{"self":[{"href":"https:\/\/nsf.pt\/index.php\/wp-json\/wp\/v2\/posts\/9747"}],"collection":[{"href":"https:\/\/nsf.pt\/index.php\/wp-json\/wp\/v2\/posts"}],"about":[{"href":"https:\/\/nsf.pt\/index.php\/wp-json\/wp\/v2\/types\/post"}],"author":[{"embeddable":true,"href":"https:\/\/nsf.pt\/index.php\/wp-json\/wp\/v2\/users\/2"}],"replies":[{"embeddable":true,"href":"https:\/\/nsf.pt\/index.php\/wp-json\/wp\/v2\/comments?post=9747"}],"version-history":[{"count":3,"href":"https:\/\/nsf.pt\/index.php\/wp-json\/wp\/v2\/posts\/9747\/revisions"}],"predecessor-version":[{"id":9765,"href":"https:\/\/nsf.pt\/index.php\/wp-json\/wp\/v2\/posts\/9747\/revisions\/9765"}],"wp:featuredmedia":[{"embeddable":true,"href":"https:\/\/nsf.pt\/index.php\/wp-json\/wp\/v2\/media\/9761"}],"wp:attachment":[{"href":"https:\/\/nsf.pt\/index.php\/wp-json\/wp\/v2\/media?parent=9747"}],"wp:term":[{"taxonomy":"category","embeddable":true,"href":"https:\/\/nsf.pt\/index.php\/wp-json\/wp\/v2\/categories?post=9747"},{"taxonomy":"post_tag","embeddable":true,"href":"https:\/\/nsf.pt\/index.php\/wp-json\/wp\/v2\/tags?post=9747"}],"curies":[{"name":"wp","href":"https:\/\/api.w.org\/{rel}","templated":true}]}}