{"id":9771,"date":"2023-06-07T17:30:32","date_gmt":"2023-06-07T17:30:32","guid":{"rendered":"https:\/\/semfronteiras.eu\/?p=9771"},"modified":"2023-06-08T20:54:01","modified_gmt":"2023-06-08T20:54:01","slug":"agenda-miguel-cardina-na-feira-do-livro-de-lisboa","status":"publish","type":"post","link":"https:\/\/nsf.pt\/index.php\/2023\/06\/07\/agenda-miguel-cardina-na-feira-do-livro-de-lisboa\/","title":{"rendered":"AGENDA &#8211; Miguel Cardina na Feira do Livro de Lisboa"},"content":{"rendered":"<div class=\"wp-block-post-date\"><time datetime=\"2023-06-07T17:30:32+00:00\">7 de Junho, 2023<\/time><\/div>\n\n\n<h2 class=\"wp-block-heading\">Apresenta\u00e7\u00e3o do livro &#8220;Atrito da mem\u00f3ria &#8211; colonialismo, guerra e descoloniza\u00e7\u00e3o no Portugal contempor\u00e2neo&#8221; <\/h2>\n\n\n\n<div style=\"height:17px\" aria-hidden=\"true\" class=\"wp-block-spacer\"><\/div>\n\n\n\n<figure class=\"wp-block-gallery has-nested-images columns-default is-cropped wp-block-gallery-1 is-layout-flex wp-block-gallery-is-layout-flex\">\n<figure class=\"wp-block-image size-large is-style-default\"><img decoding=\"async\" loading=\"lazy\" width=\"963\" height=\"504\" data-id=\"9772\" src=\"https:\/\/semfronteiras.eu\/wp-content\/uploads\/2023\/06\/miguel.jpg\" alt=\"\" class=\"wp-image-9772\" srcset=\"https:\/\/nsf.pt\/wp-content\/uploads\/2023\/06\/miguel.jpg 963w, https:\/\/nsf.pt\/wp-content\/uploads\/2023\/06\/miguel-300x157.jpg 300w, https:\/\/nsf.pt\/wp-content\/uploads\/2023\/06\/miguel-768x402.jpg 768w\" sizes=\"(max-width: 963px) 100vw, 963px\" \/><\/figure>\n<\/figure>\n\n\n\n<div style=\"height:25px\" aria-hidden=\"true\" class=\"wp-block-spacer\"><\/div>\n\n\n\n<p>Na Feira do Livro de Lisboa no dia 10 de junho de 2023 \u00e0s 16h00 na Pra\u00e7a laranja.<\/p>\n\n\n\n<p>Apresenta\u00e7\u00e3o da editora Tinta da China<\/p>\n\n\n\n<h1 class=\"wp-block-heading\">O ATRITO DA MEM\u00d3RIA<\/h1>\n\n\n\n<p>COLONIALISMO, GUERRA E DESCOLONIZA\u00c7\u00c3O NO PORTUGAL CONTEMPOR\u00c2NEO<\/p>\n\n\n\n<p><strong>UMA REFLEX\u00c3O SOBRE AS M\u00daLTIPLAS VIDAS DO PASSADO COLONIAL PORTUGU\u00caS<\/strong><\/p>\n\n\n\n<p>Como se edificou o colonialismo portugu\u00eas? De que forma a guerra colonial se constituiu como a sua etapa derradeira? Qual a mem\u00f3ria dominante sobre este per\u00edodo hist\u00f3rico e que disputas p\u00fablicas se t\u00eam expressado nos \u00faltimos anos?<\/p>\n\n\n\n<p>A mem\u00f3ria da guerra, do colonialismo e da descoloniza\u00e7\u00e3o \u00e9 uma realidade viva no Portugal democr\u00e1tico, apesar de ainda ser necess\u00e1rio aprofundar o debate que uma quest\u00e3o desta magnitude convoca. Num momento em que nos preparamos para celebrar os 50 anos do 25 de Abril e da revolu\u00e7\u00e3o, enfrentar essa mem\u00f3ria e os efeitos do colonialismo implica fazer uma reflex\u00e3o indispens\u00e1vel sobre o Portugal de ontem, de hoje e de amanh\u00e3.<\/p>\n\n\n\n<div style=\"height:20px\" aria-hidden=\"true\" class=\"wp-block-spacer\"><\/div>\n\n\n\n<figure class=\"wp-block-gallery has-nested-images columns-default is-cropped wp-block-gallery-3 is-layout-flex wp-block-gallery-is-layout-flex\">\n<figure class=\"wp-block-image size-large is-style-default\"><img decoding=\"async\" loading=\"lazy\" width=\"1024\" height=\"1024\" data-id=\"9773\" src=\"https:\/\/semfronteiras.eu\/wp-content\/uploads\/2023\/06\/FLLX2023_IG_Individuais-112-1024x1024.jpg\" alt=\"\" class=\"wp-image-9773\" srcset=\"https:\/\/nsf.pt\/wp-content\/uploads\/2023\/06\/FLLX2023_IG_Individuais-112-1024x1024.jpg 1024w, https:\/\/nsf.pt\/wp-content\/uploads\/2023\/06\/FLLX2023_IG_Individuais-112-300x300.jpg 300w, https:\/\/nsf.pt\/wp-content\/uploads\/2023\/06\/FLLX2023_IG_Individuais-112-150x150.jpg 150w, https:\/\/nsf.pt\/wp-content\/uploads\/2023\/06\/FLLX2023_IG_Individuais-112-768x768.jpg 768w, https:\/\/nsf.pt\/wp-content\/uploads\/2023\/06\/FLLX2023_IG_Individuais-112-1536x1536.jpg 1536w, https:\/\/nsf.pt\/wp-content\/uploads\/2023\/06\/FLLX2023_IG_Individuais-112.jpg 1800w\" sizes=\"(max-width: 1024px) 100vw, 1024px\" \/><\/figure>\n<\/figure>\n","protected":false},"excerpt":{"rendered":"<p>Apresenta\u00e7\u00e3o do livro &#8220;Atrito da mem\u00f3ria &#8211; colonialismo, guerra e descoloniza\u00e7\u00e3o no Portugal contempor\u00e2neo&#8221; Na&#8230;<\/p>\n","protected":false},"author":2,"featured_media":9709,"comment_status":"open","ping_status":"open","sticky":true,"template":"","format":"standard","meta":{"sfsi_plus_gutenberg_text_before_share":"","sfsi_plus_gutenberg_show_text_before_share":"","sfsi_plus_gutenberg_icon_type":"","sfsi_plus_gutenberg_icon_alignemt":"","sfsi_plus_gutenburg_max_per_row":"","ngg_post_thumbnail":0,"footnotes":""},"categories":[238,242,317],"tags":[250],"featured_image_urls":{"full":["https:\/\/nsf.pt\/wp-content\/uploads\/2023\/05\/IMG_1699-scaled.jpg",2560,1707,false],"thumbnail":["https:\/\/nsf.pt\/wp-content\/uploads\/2023\/05\/IMG_1699-150x150.jpg",150,150,true],"medium":["https:\/\/nsf.pt\/wp-content\/uploads\/2023\/05\/IMG_1699-300x200.jpg",300,200,true],"medium_large":["https:\/\/nsf.pt\/wp-content\/uploads\/2023\/05\/IMG_1699-768x512.jpg",640,427,true],"large":["https:\/\/nsf.pt\/wp-content\/uploads\/2023\/05\/IMG_1699-1024x683.jpg",640,427,true],"1536x1536":["https:\/\/nsf.pt\/wp-content\/uploads\/2023\/05\/IMG_1699-1536x1024.jpg",1536,1024,true],"2048x2048":["https:\/\/nsf.pt\/wp-content\/uploads\/2023\/05\/IMG_1699-2048x1365.jpg",2048,1365,true],"covernews-slider-full":["https:\/\/nsf.pt\/wp-content\/uploads\/2023\/05\/IMG_1699-1115x715.jpg",1115,715,true],"covernews-slider-center":["https:\/\/nsf.pt\/wp-content\/uploads\/2023\/05\/IMG_1699-800x500.jpg",800,500,true],"covernews-featured":["https:\/\/nsf.pt\/wp-content\/uploads\/2023\/05\/IMG_1699-1024x683.jpg",1024,683,true],"covernews-medium":["https:\/\/nsf.pt\/wp-content\/uploads\/2023\/05\/IMG_1699-540x340.jpg",540,340,true],"covernews-medium-square":["https:\/\/nsf.pt\/wp-content\/uploads\/2023\/05\/IMG_1699-400x250.jpg",400,250,true]},"author_info":{"info":["Carlos Ribeiro"]},"category_info":"<a href=\"https:\/\/nsf.pt\/index.php\/category\/destaque\/\" rel=\"category tag\">DESTAQUE<\/a> <a href=\"https:\/\/nsf.pt\/index.php\/category\/livros-musica\/\" rel=\"category tag\">LIVROS &amp; M\u00daSICA<\/a> <a href=\"https:\/\/nsf.pt\/index.php\/category\/noticias\/\" rel=\"category tag\">NOTICIAS<\/a>","tag_info":"NOTICIAS","comment_count":"0","_links":{"self":[{"href":"https:\/\/nsf.pt\/index.php\/wp-json\/wp\/v2\/posts\/9771"}],"collection":[{"href":"https:\/\/nsf.pt\/index.php\/wp-json\/wp\/v2\/posts"}],"about":[{"href":"https:\/\/nsf.pt\/index.php\/wp-json\/wp\/v2\/types\/post"}],"author":[{"embeddable":true,"href":"https:\/\/nsf.pt\/index.php\/wp-json\/wp\/v2\/users\/2"}],"replies":[{"embeddable":true,"href":"https:\/\/nsf.pt\/index.php\/wp-json\/wp\/v2\/comments?post=9771"}],"version-history":[{"count":1,"href":"https:\/\/nsf.pt\/index.php\/wp-json\/wp\/v2\/posts\/9771\/revisions"}],"predecessor-version":[{"id":9774,"href":"https:\/\/nsf.pt\/index.php\/wp-json\/wp\/v2\/posts\/9771\/revisions\/9774"}],"wp:featuredmedia":[{"embeddable":true,"href":"https:\/\/nsf.pt\/index.php\/wp-json\/wp\/v2\/media\/9709"}],"wp:attachment":[{"href":"https:\/\/nsf.pt\/index.php\/wp-json\/wp\/v2\/media?parent=9771"}],"wp:term":[{"taxonomy":"category","embeddable":true,"href":"https:\/\/nsf.pt\/index.php\/wp-json\/wp\/v2\/categories?post=9771"},{"taxonomy":"post_tag","embeddable":true,"href":"https:\/\/nsf.pt\/index.php\/wp-json\/wp\/v2\/tags?post=9771"}],"curies":[{"name":"wp","href":"https:\/\/api.w.org\/{rel}","templated":true}]}}