{"id":9797,"date":"2023-06-09T20:55:41","date_gmt":"2023-06-09T20:55:41","guid":{"rendered":"https:\/\/semfronteiras.eu\/?p=9797"},"modified":"2023-06-09T21:13:26","modified_gmt":"2023-06-09T21:13:26","slug":"exilios-no-feminino-afinal-que-livro-e-este-7","status":"publish","type":"post","link":"https:\/\/nsf.pt\/index.php\/2023\/06\/09\/exilios-no-feminino-afinal-que-livro-e-este-7\/","title":{"rendered":"EX\u00cdLIOS NO FEMININO &#8211; Afinal que livro \u00e9 este?"},"content":{"rendered":"<div class=\"wp-block-post-date\"><time datetime=\"2023-06-09T20:55:41+00:00\">9 de Junho, 2023<\/time><\/div>\n\n\n<h2 class=\"wp-block-heading\">Opini\u00f5es, protagonistas e roteiro das apresenta\u00e7\u00f5es p\u00fablicas (8) | S. ANDR\u00c9<\/h2>\n\n\n\n<div style=\"height:23px\" aria-hidden=\"true\" class=\"wp-block-spacer\"><\/div>\n\n\n\n<figure class=\"wp-block-gallery has-nested-images columns-default is-cropped wp-block-gallery-1 is-layout-flex wp-block-gallery-is-layout-flex\">\n<figure class=\"wp-block-image size-large is-style-default\"><img decoding=\"async\" loading=\"lazy\" width=\"498\" height=\"279\" data-id=\"9798\" src=\"https:\/\/semfronteiras.eu\/wp-content\/uploads\/2023\/06\/arnaldo.jpg\" alt=\"\" class=\"wp-image-9798\" srcset=\"https:\/\/nsf.pt\/wp-content\/uploads\/2023\/06\/arnaldo.jpg 498w, https:\/\/nsf.pt\/wp-content\/uploads\/2023\/06\/arnaldo-300x168.jpg 300w\" sizes=\"(max-width: 498px) 100vw, 498px\" \/><\/figure>\n<\/figure>\n\n\n\n<p class=\"has-text-align-center\">Arnaldo Cunha da Silva na sess\u00e3o de apresenta\u00e7\u00e3o do livro em Santo Andr\u00e9<\/p>\n\n\n\n<div style=\"height:27px\" aria-hidden=\"true\" class=\"wp-block-spacer\"><\/div>\n\n\n\n<h3 class=\"wp-block-heading\"><strong>O que diz Arnaldo Cunha da Silva?<\/strong><\/h3>\n\n\n\n<h2 class=\"wp-block-heading\">Gostei do ambiente, emocionei-me, fiquei mais leve e honrado<\/h2>\n\n\n\n<p><\/p>\n\n\n\n<p>Fui convidado a apresentar no dia 5 maio, na Biblioteca da Vila Nova de Santo Andr\u00e9, o livro \u201cEx\u00edlios no Feminino\u201d. Hesitei, n\u00e3o por ter alguma dificuldade no tema, mas porque, para mim, \u00e9 muito dif\u00edcil e penoso falar de pris\u00f5es, torturas e ex\u00edlios.<\/p>\n\n\n\n<div style=\"height:17px\" aria-hidden=\"true\" class=\"wp-block-spacer\"><\/div>\n\n\n\n<figure class=\"wp-block-gallery has-nested-images columns-default is-cropped wp-block-gallery-3 is-layout-flex wp-block-gallery-is-layout-flex\">\n<figure class=\"wp-block-image size-large is-style-default\"><img decoding=\"async\" loading=\"lazy\" width=\"1024\" height=\"768\" data-id=\"9801\" src=\"https:\/\/semfronteiras.eu\/wp-content\/uploads\/2023\/06\/IMG_0904-1024x768.jpeg\" alt=\"\" class=\"wp-image-9801\" srcset=\"https:\/\/nsf.pt\/wp-content\/uploads\/2023\/06\/IMG_0904-1024x768.jpeg 1024w, https:\/\/nsf.pt\/wp-content\/uploads\/2023\/06\/IMG_0904-300x225.jpeg 300w, https:\/\/nsf.pt\/wp-content\/uploads\/2023\/06\/IMG_0904-768x576.jpeg 768w, https:\/\/nsf.pt\/wp-content\/uploads\/2023\/06\/IMG_0904-1536x1152.jpeg 1536w, https:\/\/nsf.pt\/wp-content\/uploads\/2023\/06\/IMG_0904-2048x1536.jpeg 2048w\" sizes=\"(max-width: 1024px) 100vw, 1024px\" \/><\/figure>\n\n\n\n<figure class=\"wp-block-image size-large is-style-default\"><img decoding=\"async\" loading=\"lazy\" width=\"1024\" height=\"768\" data-id=\"9802\" src=\"https:\/\/semfronteiras.eu\/wp-content\/uploads\/2023\/06\/IMG_0920-1024x768.jpeg\" alt=\"\" class=\"wp-image-9802\" srcset=\"https:\/\/nsf.pt\/wp-content\/uploads\/2023\/06\/IMG_0920-1024x768.jpeg 1024w, https:\/\/nsf.pt\/wp-content\/uploads\/2023\/06\/IMG_0920-300x225.jpeg 300w, https:\/\/nsf.pt\/wp-content\/uploads\/2023\/06\/IMG_0920-768x576.jpeg 768w, https:\/\/nsf.pt\/wp-content\/uploads\/2023\/06\/IMG_0920-1536x1152.jpeg 1536w, https:\/\/nsf.pt\/wp-content\/uploads\/2023\/06\/IMG_0920-2048x1536.jpeg 2048w\" sizes=\"(max-width: 1024px) 100vw, 1024px\" \/><\/figure>\n\n\n\n<figure class=\"wp-block-image size-large is-style-default\"><img decoding=\"async\" loading=\"lazy\" width=\"1024\" height=\"768\" data-id=\"9803\" src=\"https:\/\/semfronteiras.eu\/wp-content\/uploads\/2023\/06\/IMG_0930-1024x768.jpeg\" alt=\"\" class=\"wp-image-9803\" srcset=\"https:\/\/nsf.pt\/wp-content\/uploads\/2023\/06\/IMG_0930-1024x768.jpeg 1024w, https:\/\/nsf.pt\/wp-content\/uploads\/2023\/06\/IMG_0930-300x225.jpeg 300w, https:\/\/nsf.pt\/wp-content\/uploads\/2023\/06\/IMG_0930-768x576.jpeg 768w, https:\/\/nsf.pt\/wp-content\/uploads\/2023\/06\/IMG_0930-1536x1152.jpeg 1536w, https:\/\/nsf.pt\/wp-content\/uploads\/2023\/06\/IMG_0930-2048x1536.jpeg 2048w\" sizes=\"(max-width: 1024px) 100vw, 1024px\" \/><\/figure>\n<\/figure>\n\n\n\n<div style=\"height:31px\" aria-hidden=\"true\" class=\"wp-block-spacer\"><\/div>\n\n\n\n<p>Falar ou escrever sobre exiladas \u00e9 um grande feito, pelo que considero ser um ato muito corajoso destas 7 mulheres, testemunharem sobre um percurso da sua vida durante o qual desempenharam simultaneamente o papel de mulher combatente; esposa; trabalhadora e m\u00e3e.<\/p>\n\n\n\n<p>Durante muito tempo os seus companheiros de luta, os homens, esqueceram-se ou fizeram sil\u00eancio, do trabalho do tipo <em>formiguinha<\/em> executado por elas na luta contra a ditadura fascizante em Portugal.<\/p>\n\n\n\n<p>Tive a honra de conhecer algumas mulheres no ex\u00edlio, que tinham sido presas e torturadas pela PIDE e ap\u00f3s a sua liberta\u00e7\u00e3o decidiram continuar a lutar e partiram a <em><strong>salto<\/strong><\/em> sozinhas ou com os companheiros para um pa\u00eds desconhecido, onde havia mais liberdade, mas muita dureza em termos de trabalho, deveres e direitos. Eram estrangeiras.<\/p>\n\n\n\n<p>Uma vez no ex\u00edlio lutaram em v\u00e1rias frentes: contra a ditadura no seu pa\u00eds; contra desigualdade e pela integra\u00e7\u00e3o dos emigrantes nos pa\u00edses de acolhimento; pelo trabalho digno enquanto mulher exilada; contra a discrimina\u00e7\u00e3o sexual e o machismo ainda muito vincado na \u00e9poca.<\/p>\n\n\n\n<p>Muitas destas mulheres n\u00e3o tiveram tempo para elas, viveram para o trabalho; para cuidarem dos seus companheiros; dos seus filhos e da casa, prejudicaram ou adiaram a sua forma\u00e7\u00e3o acad\u00e9mica e a realiza\u00e7\u00e3o dos seus sonhos.<\/p>\n\n\n\n<p>Foi esta lembran\u00e7a que me levou a aceitar o convite. Considero que chegou tarde \u201cEx\u00edlios no Feminino\u201d, mas l\u00e1 vem a frase t\u00edpica \u201cAntes tarde que nunca\u201d.<br>Pois! \u00c9 assim que n\u00f3s estamos formatados.<\/p>\n\n\n\n<div style=\"height:23px\" aria-hidden=\"true\" class=\"wp-block-spacer\"><\/div>\n\n\n\n<figure class=\"wp-block-gallery has-nested-images columns-default is-cropped wp-block-gallery-5 is-layout-flex wp-block-gallery-is-layout-flex\">\n<figure class=\"wp-block-image size-large is-style-default\"><img decoding=\"async\" loading=\"lazy\" width=\"1024\" height=\"768\" data-id=\"9799\" src=\"https:\/\/semfronteiras.eu\/wp-content\/uploads\/2023\/06\/IMG_0885-1024x768.jpeg\" alt=\"\" class=\"wp-image-9799\" srcset=\"https:\/\/nsf.pt\/wp-content\/uploads\/2023\/06\/IMG_0885-1024x768.jpeg 1024w, https:\/\/nsf.pt\/wp-content\/uploads\/2023\/06\/IMG_0885-300x225.jpeg 300w, https:\/\/nsf.pt\/wp-content\/uploads\/2023\/06\/IMG_0885-768x576.jpeg 768w, https:\/\/nsf.pt\/wp-content\/uploads\/2023\/06\/IMG_0885-1536x1152.jpeg 1536w, https:\/\/nsf.pt\/wp-content\/uploads\/2023\/06\/IMG_0885-2048x1536.jpeg 2048w\" sizes=\"(max-width: 1024px) 100vw, 1024px\" \/><\/figure>\n\n\n\n<figure class=\"wp-block-image size-large is-style-default\"><img decoding=\"async\" loading=\"lazy\" width=\"1024\" height=\"768\" data-id=\"9800\" src=\"https:\/\/semfronteiras.eu\/wp-content\/uploads\/2023\/06\/IMG_0886-1024x768.jpeg\" alt=\"\" class=\"wp-image-9800\" srcset=\"https:\/\/nsf.pt\/wp-content\/uploads\/2023\/06\/IMG_0886-1024x768.jpeg 1024w, https:\/\/nsf.pt\/wp-content\/uploads\/2023\/06\/IMG_0886-300x225.jpeg 300w, https:\/\/nsf.pt\/wp-content\/uploads\/2023\/06\/IMG_0886-768x576.jpeg 768w, https:\/\/nsf.pt\/wp-content\/uploads\/2023\/06\/IMG_0886-1536x1152.jpeg 1536w, https:\/\/nsf.pt\/wp-content\/uploads\/2023\/06\/IMG_0886-2048x1536.jpeg 2048w\" sizes=\"(max-width: 1024px) 100vw, 1024px\" \/><\/figure>\n<\/figure>\n\n\n\n<div style=\"height:26px\" aria-hidden=\"true\" class=\"wp-block-spacer\"><\/div>\n\n\n\n<h2 class=\"wp-block-heading\">Sete mulheres<\/h2>\n\n\n\n<p><\/p>\n\n\n\n<p>Estas 7 mulheres com origens sociais e viv\u00eancias id\u00eanticas, apresentam um conjunto de depoimentos muito comum entre elas: a luta pela liberdade, igualdade social, o fim da discrimina\u00e7\u00e3o sexual e emancipa\u00e7\u00e3o da mulher em prol de uma Sociedade mais justa.<\/p>\n\n\n\n<p>A coragem de falarem de si e da sua fam\u00edlia, dar a conhecer os seus percursos e sofrimento muitas vezes escondido no seu interior, revela-nos a determina\u00e7\u00e3o de exercerem o dever de cidad\u00e3s para com a sociedade, em especial para com as atuais e novas gera\u00e7\u00f5es.<\/p>\n\n\n\n<p>Este livro \u00e9 tamb\u00e9m uma porta para que outras mulheres lutadoras e exiladas, possam entrar e dar a conhecer o seu contributo para a liberdade que Portugal conquistou.<\/p>\n\n\n\n<p>Afinal os homens n\u00e3o foram os \u00fanicos \u201cher\u00f3is\u201d.<\/p>\n\n\n\n<p>Obrigado pelo convite, gostei do ambiente, emocionei-me, fiquei mais leve e honrado.<\/p>\n\n\n\n<p>At\u00e9 sempre, mulheres do meu pa\u00eds.<\/p>\n\n\n\n<div style=\"height:23px\" aria-hidden=\"true\" class=\"wp-block-spacer\"><\/div>\n\n\n\n<figure class=\"wp-block-gallery has-nested-images columns-default is-cropped wp-block-gallery-7 is-layout-flex wp-block-gallery-is-layout-flex\">\n<figure class=\"wp-block-image size-large is-style-default\"><img decoding=\"async\" loading=\"lazy\" width=\"1024\" height=\"768\" data-id=\"9804\" src=\"https:\/\/semfronteiras.eu\/wp-content\/uploads\/2023\/06\/IMG_0925-1024x768.jpeg\" alt=\"\" class=\"wp-image-9804\" srcset=\"https:\/\/nsf.pt\/wp-content\/uploads\/2023\/06\/IMG_0925-1024x768.jpeg 1024w, https:\/\/nsf.pt\/wp-content\/uploads\/2023\/06\/IMG_0925-300x225.jpeg 300w, https:\/\/nsf.pt\/wp-content\/uploads\/2023\/06\/IMG_0925-768x576.jpeg 768w, https:\/\/nsf.pt\/wp-content\/uploads\/2023\/06\/IMG_0925-1536x1152.jpeg 1536w, https:\/\/nsf.pt\/wp-content\/uploads\/2023\/06\/IMG_0925-2048x1536.jpeg 2048w\" sizes=\"(max-width: 1024px) 100vw, 1024px\" \/><\/figure>\n\n\n\n<figure class=\"wp-block-image size-large is-style-default\"><img decoding=\"async\" loading=\"lazy\" width=\"1024\" height=\"768\" data-id=\"9805\" src=\"https:\/\/semfronteiras.eu\/wp-content\/uploads\/2023\/06\/IMG_0931-1024x768.jpeg\" alt=\"\" class=\"wp-image-9805\" srcset=\"https:\/\/nsf.pt\/wp-content\/uploads\/2023\/06\/IMG_0931-1024x768.jpeg 1024w, https:\/\/nsf.pt\/wp-content\/uploads\/2023\/06\/IMG_0931-300x225.jpeg 300w, https:\/\/nsf.pt\/wp-content\/uploads\/2023\/06\/IMG_0931-768x576.jpeg 768w, https:\/\/nsf.pt\/wp-content\/uploads\/2023\/06\/IMG_0931-1536x1152.jpeg 1536w, https:\/\/nsf.pt\/wp-content\/uploads\/2023\/06\/IMG_0931-2048x1536.jpeg 2048w\" sizes=\"(max-width: 1024px) 100vw, 1024px\" \/><\/figure>\n\n\n\n<figure class=\"wp-block-image size-large is-style-default\"><img decoding=\"async\" loading=\"lazy\" width=\"1024\" height=\"768\" data-id=\"9806\" src=\"https:\/\/semfronteiras.eu\/wp-content\/uploads\/2023\/06\/IMG_0932-1024x768.jpeg\" alt=\"\" class=\"wp-image-9806\" srcset=\"https:\/\/nsf.pt\/wp-content\/uploads\/2023\/06\/IMG_0932-1024x768.jpeg 1024w, https:\/\/nsf.pt\/wp-content\/uploads\/2023\/06\/IMG_0932-300x225.jpeg 300w, https:\/\/nsf.pt\/wp-content\/uploads\/2023\/06\/IMG_0932-768x576.jpeg 768w, https:\/\/nsf.pt\/wp-content\/uploads\/2023\/06\/IMG_0932-1536x1152.jpeg 1536w, https:\/\/nsf.pt\/wp-content\/uploads\/2023\/06\/IMG_0932-2048x1536.jpeg 2048w\" sizes=\"(max-width: 1024px) 100vw, 1024px\" \/><\/figure>\n<\/figure>\n\n\n\n<h2 class=\"wp-block-heading\">Arnaldo Cunha da Silva<\/h2>\n\n\n\n<p>Nascido em 1953 | Vila Franca de Xira &#8211; Paris, a sua segunda terra Cidad\u00e3o politicamente ativo e profissionalmente muito exigente, hoje jubilado.<\/p>\n\n\n\n<p><\/p>\n\n\n\n<p>V\u00cdDEO | IRENE PIMENTEL &#8211; CONSELHO SUPERIOR DE DEFESA NACIONAL &#8211; Interven\u00e7\u00e3o no contexto da apresenta\u00e7\u00e3o do livro e do debate.<\/p>\n\n\n\n<div style=\"height:35px\" aria-hidden=\"true\" class=\"wp-block-spacer\"><\/div>\n\n\n\n<figure class=\"wp-block-embed is-type-video is-provider-youtube wp-block-embed-youtube wp-embed-aspect-16-9 wp-has-aspect-ratio\"><div class=\"wp-block-embed__wrapper\">\n<iframe loading=\"lazy\" title=\"Ex\u00edlios no Feminino em Santo Andr\u00e9 - Irene Pimentel | O Conselho Superior de Defesa Nacional\" width=\"640\" height=\"360\" src=\"https:\/\/www.youtube.com\/embed\/qkt5jSTCVzM?feature=oembed\" frameborder=\"0\" allow=\"accelerometer; autoplay; clipboard-write; encrypted-media; gyroscope; picture-in-picture; web-share\" allowfullscreen><\/iframe>\n<\/div><\/figure>\n","protected":false},"excerpt":{"rendered":"<p>Opini\u00f5es, protagonistas e roteiro das apresenta\u00e7\u00f5es p\u00fablicas (8) | S. ANDR\u00c9 Arnaldo Cunha da Silva&#8230;<\/p>\n","protected":false},"author":2,"featured_media":9798,"comment_status":"open","ping_status":"open","sticky":true,"template":"","format":"standard","meta":{"sfsi_plus_gutenberg_text_before_share":"","sfsi_plus_gutenberg_show_text_before_share":"","sfsi_plus_gutenberg_icon_type":"","sfsi_plus_gutenberg_icon_alignemt":"","sfsi_plus_gutenburg_max_per_row":"","ngg_post_thumbnail":0,"footnotes":""},"categories":[238,381],"tags":[419],"featured_image_urls":{"full":["https:\/\/nsf.pt\/wp-content\/uploads\/2023\/06\/arnaldo.jpg",498,279,false],"thumbnail":["https:\/\/nsf.pt\/wp-content\/uploads\/2023\/06\/arnaldo-150x150.jpg",150,150,true],"medium":["https:\/\/nsf.pt\/wp-content\/uploads\/2023\/06\/arnaldo-300x168.jpg",300,168,true],"medium_large":["https:\/\/nsf.pt\/wp-content\/uploads\/2023\/06\/arnaldo.jpg",498,279,false],"large":["https:\/\/nsf.pt\/wp-content\/uploads\/2023\/06\/arnaldo.jpg",498,279,false],"1536x1536":["https:\/\/nsf.pt\/wp-content\/uploads\/2023\/06\/arnaldo.jpg",498,279,false],"2048x2048":["https:\/\/nsf.pt\/wp-content\/uploads\/2023\/06\/arnaldo.jpg",498,279,false],"covernews-slider-full":["https:\/\/nsf.pt\/wp-content\/uploads\/2023\/06\/arnaldo.jpg",498,279,false],"covernews-slider-center":["https:\/\/nsf.pt\/wp-content\/uploads\/2023\/06\/arnaldo.jpg",498,279,false],"covernews-featured":["https:\/\/nsf.pt\/wp-content\/uploads\/2023\/06\/arnaldo.jpg",498,279,false],"covernews-medium":["https:\/\/nsf.pt\/wp-content\/uploads\/2023\/06\/arnaldo.jpg",498,279,false],"covernews-medium-square":["https:\/\/nsf.pt\/wp-content\/uploads\/2023\/06\/arnaldo-400x250.jpg",400,250,true]},"author_info":{"info":["Carlos Ribeiro"]},"category_info":"<a href=\"https:\/\/nsf.pt\/index.php\/category\/destaque\/\" rel=\"category tag\">DESTAQUE<\/a> <a href=\"https:\/\/nsf.pt\/index.php\/category\/livros-do-exilio\/\" rel=\"category tag\">Livros do Ex\u00edlio<\/a>","tag_info":"Livros do Ex\u00edlio","comment_count":"0","_links":{"self":[{"href":"https:\/\/nsf.pt\/index.php\/wp-json\/wp\/v2\/posts\/9797"}],"collection":[{"href":"https:\/\/nsf.pt\/index.php\/wp-json\/wp\/v2\/posts"}],"about":[{"href":"https:\/\/nsf.pt\/index.php\/wp-json\/wp\/v2\/types\/post"}],"author":[{"embeddable":true,"href":"https:\/\/nsf.pt\/index.php\/wp-json\/wp\/v2\/users\/2"}],"replies":[{"embeddable":true,"href":"https:\/\/nsf.pt\/index.php\/wp-json\/wp\/v2\/comments?post=9797"}],"version-history":[{"count":4,"href":"https:\/\/nsf.pt\/index.php\/wp-json\/wp\/v2\/posts\/9797\/revisions"}],"predecessor-version":[{"id":9810,"href":"https:\/\/nsf.pt\/index.php\/wp-json\/wp\/v2\/posts\/9797\/revisions\/9810"}],"wp:featuredmedia":[{"embeddable":true,"href":"https:\/\/nsf.pt\/index.php\/wp-json\/wp\/v2\/media\/9798"}],"wp:attachment":[{"href":"https:\/\/nsf.pt\/index.php\/wp-json\/wp\/v2\/media?parent=9797"}],"wp:term":[{"taxonomy":"category","embeddable":true,"href":"https:\/\/nsf.pt\/index.php\/wp-json\/wp\/v2\/categories?post=9797"},{"taxonomy":"post_tag","embeddable":true,"href":"https:\/\/nsf.pt\/index.php\/wp-json\/wp\/v2\/tags?post=9797"}],"curies":[{"name":"wp","href":"https:\/\/api.w.org\/{rel}","templated":true}]}}