{"id":9813,"date":"2023-06-16T09:21:07","date_gmt":"2023-06-16T09:21:07","guid":{"rendered":"https:\/\/semfronteiras.eu\/?p=9813"},"modified":"2023-06-16T09:21:11","modified_gmt":"2023-06-16T09:21:11","slug":"agenda-cabral","status":"publish","type":"post","link":"https:\/\/nsf.pt\/index.php\/2023\/06\/16\/agenda-cabral\/","title":{"rendered":"AGENDA &#8211; Cabral"},"content":{"rendered":"<div class=\"wp-block-post-date\"><time datetime=\"2023-06-16T09:21:07+00:00\">16 de Junho, 2023<\/time><\/div>\n\n\n<h2 class=\"wp-block-heading\">Dia 16, pelas 18h00, no Pal\u00e1cio Baldaya<\/h2>\n\n\n\n<div style=\"height:31px\" aria-hidden=\"true\" class=\"wp-block-spacer\"><\/div>\n\n\n\n<figure class=\"wp-block-gallery has-nested-images columns-default is-cropped wp-block-gallery-1 is-layout-flex wp-block-gallery-is-layout-flex\">\n<figure class=\"wp-block-image size-large is-style-default\"><img decoding=\"async\" loading=\"lazy\" width=\"599\" height=\"338\" data-id=\"9814\" src=\"https:\/\/semfronteiras.eu\/wp-content\/uploads\/2023\/06\/bral.jpg\" alt=\"\" class=\"wp-image-9814\" srcset=\"https:\/\/nsf.pt\/wp-content\/uploads\/2023\/06\/bral.jpg 599w, https:\/\/nsf.pt\/wp-content\/uploads\/2023\/06\/bral-300x169.jpg 300w\" sizes=\"(max-width: 599px) 100vw, 599px\" \/><\/figure>\n<\/figure>\n\n\n\n<div style=\"height:15px\" aria-hidden=\"true\" class=\"wp-block-spacer\"><\/div>\n\n\n\n<p>Tem lugar esta sexta-feira, dia 16, pelas 18h00, no Pal\u00e1cio Baldaya, em Benfica, a\u00a0<a rel=\"noreferrer noopener\" href=\"https:\/\/mkt.a25abril.pt\/go\/af3893f9e415-2daac77998d2d2dfc6263c5dcc46ef847-d-28be1e27wme1cCtbefle4Ac\" target=\"_blank\">Mesa-redonda: \u201cA luta continua! Que Luta? A luta anticolonial em \u00c1frica como inspira\u00e7\u00e3o para a luta contra o racismo na Europa. Da gera\u00e7\u00e3o de Cabral, \u00e0 gera\u00e7\u00e3o dos netos de Cabral\u201d<\/a>. Uma conversa entre \u00c2ngela Benoliel Coutinho, Igor Lima e Apolo de Carvalho, moderada por Diana Palma Duarte. Esta iniciativa decorre no \u00e2mbito de \u00abAm\u00edlcar Cabral, uma Exposi\u00e7\u00e3o\u00bb.<\/p>\n\n\n\n<p><\/p>\n\n\n\n<p>Fonte Associa\u00e7\u00e3o 25 de Abril<\/p>\n","protected":false},"excerpt":{"rendered":"<p>Dia 16, pelas 18h00, no Pal\u00e1cio Baldaya Tem lugar esta sexta-feira, dia 16, pelas 18h00,&#8230;<\/p>\n","protected":false},"author":2,"featured_media":9814,"comment_status":"open","ping_status":"open","sticky":true,"template":"","format":"standard","meta":{"sfsi_plus_gutenberg_text_before_share":"","sfsi_plus_gutenberg_show_text_before_share":"","sfsi_plus_gutenberg_icon_type":"","sfsi_plus_gutenberg_icon_alignemt":"","sfsi_plus_gutenburg_max_per_row":"","ngg_post_thumbnail":0,"footnotes":""},"categories":[421,207,317],"tags":[277],"featured_image_urls":{"full":["https:\/\/nsf.pt\/wp-content\/uploads\/2023\/06\/bral.jpg",599,338,false],"thumbnail":["https:\/\/nsf.pt\/wp-content\/uploads\/2023\/06\/bral-150x150.jpg",150,150,true],"medium":["https:\/\/nsf.pt\/wp-content\/uploads\/2023\/06\/bral-300x169.jpg",300,169,true],"medium_large":["https:\/\/nsf.pt\/wp-content\/uploads\/2023\/06\/bral.jpg",599,338,false],"large":["https:\/\/nsf.pt\/wp-content\/uploads\/2023\/06\/bral.jpg",599,338,false],"1536x1536":["https:\/\/nsf.pt\/wp-content\/uploads\/2023\/06\/bral.jpg",599,338,false],"2048x2048":["https:\/\/nsf.pt\/wp-content\/uploads\/2023\/06\/bral.jpg",599,338,false],"covernews-slider-full":["https:\/\/nsf.pt\/wp-content\/uploads\/2023\/06\/bral.jpg",599,338,false],"covernews-slider-center":["https:\/\/nsf.pt\/wp-content\/uploads\/2023\/06\/bral.jpg",599,338,false],"covernews-featured":["https:\/\/nsf.pt\/wp-content\/uploads\/2023\/06\/bral.jpg",599,338,false],"covernews-medium":["https:\/\/nsf.pt\/wp-content\/uploads\/2023\/06\/bral-540x338.jpg",540,338,true],"covernews-medium-square":["https:\/\/nsf.pt\/wp-content\/uploads\/2023\/06\/bral-400x250.jpg",400,250,true]},"author_info":{"info":["Carlos Ribeiro"]},"category_info":"<a href=\"https:\/\/nsf.pt\/index.php\/category\/50anos25abril\/\" rel=\"category tag\">50ANOS25abril<\/a> <a href=\"https:\/\/nsf.pt\/index.php\/category\/agenda-2\/\" rel=\"category tag\">AGENDA<\/a> <a href=\"https:\/\/nsf.pt\/index.php\/category\/noticias\/\" rel=\"category tag\">NOTICIAS<\/a>","tag_info":"NOTICIAS","comment_count":"0","_links":{"self":[{"href":"https:\/\/nsf.pt\/index.php\/wp-json\/wp\/v2\/posts\/9813"}],"collection":[{"href":"https:\/\/nsf.pt\/index.php\/wp-json\/wp\/v2\/posts"}],"about":[{"href":"https:\/\/nsf.pt\/index.php\/wp-json\/wp\/v2\/types\/post"}],"author":[{"embeddable":true,"href":"https:\/\/nsf.pt\/index.php\/wp-json\/wp\/v2\/users\/2"}],"replies":[{"embeddable":true,"href":"https:\/\/nsf.pt\/index.php\/wp-json\/wp\/v2\/comments?post=9813"}],"version-history":[{"count":1,"href":"https:\/\/nsf.pt\/index.php\/wp-json\/wp\/v2\/posts\/9813\/revisions"}],"predecessor-version":[{"id":9815,"href":"https:\/\/nsf.pt\/index.php\/wp-json\/wp\/v2\/posts\/9813\/revisions\/9815"}],"wp:featuredmedia":[{"embeddable":true,"href":"https:\/\/nsf.pt\/index.php\/wp-json\/wp\/v2\/media\/9814"}],"wp:attachment":[{"href":"https:\/\/nsf.pt\/index.php\/wp-json\/wp\/v2\/media?parent=9813"}],"wp:term":[{"taxonomy":"category","embeddable":true,"href":"https:\/\/nsf.pt\/index.php\/wp-json\/wp\/v2\/categories?post=9813"},{"taxonomy":"post_tag","embeddable":true,"href":"https:\/\/nsf.pt\/index.php\/wp-json\/wp\/v2\/tags?post=9813"}],"curies":[{"name":"wp","href":"https:\/\/api.w.org\/{rel}","templated":true}]}}