{"id":9834,"date":"2023-06-20T19:45:48","date_gmt":"2023-06-20T19:45:48","guid":{"rendered":"https:\/\/semfronteiras.eu\/?p=9834"},"modified":"2023-06-20T19:45:52","modified_gmt":"2023-06-20T19:45:52","slug":"nam-pretende-estabelecer-parcerias-com-organizacoes-que-prossigam-fins-complementares","status":"publish","type":"post","link":"https:\/\/nsf.pt\/index.php\/2023\/06\/20\/nam-pretende-estabelecer-parcerias-com-organizacoes-que-prossigam-fins-complementares\/","title":{"rendered":"NAM pretende estabelecer parcerias com organiza\u00e7\u00f5es que prossigam fins complementares"},"content":{"rendered":"<div class=\"wp-block-post-date\"><time datetime=\"2023-06-20T19:45:48+00:00\">20 de Junho, 2023<\/time><\/div>\n\n\n<h2 class=\"wp-block-heading\">A Associa\u00e7\u00e3o Movimento  C\u00edvico N\u00e3o Apaguem a Mem\u00f3ria vai a votos para eleger novos corpos sociais<\/h2>\n\n\n\n<div style=\"height:24px\" aria-hidden=\"true\" class=\"wp-block-spacer\"><\/div>\n\n\n\n<figure class=\"wp-block-gallery has-nested-images columns-default is-cropped wp-block-gallery-1 is-layout-flex wp-block-gallery-is-layout-flex\">\n<figure class=\"wp-block-image size-large is-style-default\"><img decoding=\"async\" loading=\"lazy\" width=\"678\" height=\"318\" data-id=\"9835\" src=\"https:\/\/semfronteiras.eu\/wp-content\/uploads\/2023\/06\/nam.jpg\" alt=\"\" class=\"wp-image-9835\" srcset=\"https:\/\/nsf.pt\/wp-content\/uploads\/2023\/06\/nam.jpg 678w, https:\/\/nsf.pt\/wp-content\/uploads\/2023\/06\/nam-300x141.jpg 300w\" sizes=\"(max-width: 678px) 100vw, 678px\" \/><\/figure>\n<\/figure>\n\n\n\n<div style=\"height:20px\" aria-hidden=\"true\" class=\"wp-block-spacer\"><\/div>\n\n\n\n<p>Eurico Reis e um conjunto alargado de associados e amigos do NAM reuniram vontades e novas energias para &#8220;divulgar as mem\u00f3rias das lutas pela Liberdade e pelas liberdades, pela Democracia e pelo Estado de Direito&#8221; e v\u00e3o dar continuidade a este esfor\u00e7o de agrega\u00e7\u00e3o viabilizando novas iniciativas nos pr\u00f3ximos tempos.<\/p>\n\n\n\n<p>A Carta de Inten\u00e7\u00f5es, ou bases program\u00e1ticas da lista candidata s\u00e3o claras quanto aos objetivos a atingir e enfatizam a import\u00e2ncia da coopera\u00e7\u00e3o entre organiza\u00e7\u00f5es com fins similares ou bastante &#8220;vizinhos&#8221;.<\/p>\n\n\n\n<p class=\"has-luminous-vivid-amber-background-color has-background\">A Associa\u00e7\u00e3o Movimento C\u00edvico\u00a0<strong>N\u00e3o Apaguem a Mem\u00f3ria<\/strong>\u00a0\u2013\u00a0<strong>NAM<\/strong>, constituiu-se em 17 de Maio de 2008, com a elei\u00e7\u00e3o dos seus corpos sociais. A Associa\u00e7\u00e3o resultou da transforma\u00e7\u00e3o do Movimento com o mesmo nome que teve a sua origem em 5 de Outubro de 2005<\/p>\n\n\n\n<h2 class=\"wp-block-heading\">Programa<\/h2>\n\n\n\n<p><strong>Programa da lista de candidatos aos corpos sociais do NAM (bi\u00e9nio 2023\/25)<\/strong><\/p>\n\n\n\n<p>Em termos estatut\u00e1rios, constitui objecto e objectivo da Associa\u00e7\u00e3o \u2013 Movimento C\u00edvico N\u00e3o Apaguem a Mem\u00f3ria (NAM) <em>\u201ca salvaguarda, investiga\u00e7\u00e3o e divulga\u00e7\u00e3o da mem\u00f3ria da resist\u00eancia \u00e0 ditadura e da liberdade conquistada em 25 de Abril de 1974\u201d<\/em>.<\/p>\n\n\n\n<p>Acontece que, infelizmente, nos tempos que correm, a prossecu\u00e7\u00e3o desse objectivo ganhou uma maior e mais especial relev\u00e2ncia.<\/p>\n\n\n\n<p>Efectivamente, como resultado de uma sistem\u00e1tica e lamentavelmente muito eficiente destrui\u00e7\u00e3o da mem\u00f3ria e da capacidade cr\u00edtica (e at\u00e9 de outras compet\u00eancias intelectuais) da popula\u00e7\u00e3o portuguesa, t\u00eam surgido n\u00e3o apenas no campo pol\u00edtico, mas tamb\u00e9m, ou sobretudo, neste, arautos de pseudo-modernidades e novidades que mais n\u00e3o s\u00e3o do que a repeti\u00e7\u00e3o, \u00e0s vezes nem sequer com novas roupagens, de propostas cujos tr\u00e1gicos efeitos sociais e humanos est\u00e3o bem demonstrados e documentados na Hist\u00f3ria da Humanidade e na Hist\u00f3ria de Portugal.<\/p>\n\n\n\n<p>Mas essas terr\u00edveis e desastrosas realidades t\u00eam a vindo a ser ocultadas e s\u00e3o muitos os que querem que elas sejam completamente esquecidas.<\/p>\n\n\n\n<p>O trabalho do NAM tem, por isso, de ser refor\u00e7ado.<\/p>\n\n\n\n<p>Para tanto, o NAM tem de constituir, ao mesmo tempo, um polo agregador e um dinamizador de iniciativas, com a maior abrang\u00eancia poss\u00edvel, que visem a divulga\u00e7\u00e3o das mem\u00f3rias das lutas pela Liberdade e pelas liberdades, pela Democracia e pelo Estado de Direito.<\/p>\n\n\n\n<p>Uma maior visibilidade do NAM ser\u00e1 &#8211; ter\u00e1 de ser \u2013 um meio para dar uma maior visibilidade a todas essas iniciativas.<\/p>\n\n\n\n<p>Para tal, o NAM prop\u00f5e-se divulgar por todos os meios anal\u00f3gicos, incluindo <em>press release<\/em> e digitais dispon\u00edveis, as suas iniciativas; manifestar a sua disponibilidade para responder aos convites que lhe sejam endere\u00e7ados, assim como individualmente aos seus membros; estabelecer parcerias com organiza\u00e7\u00f5es que prossigam fins complementares.<\/p>\n\n\n\n<p>E, com a ajuda de todos os associados e amigos do NAM, \u00e9 a isso que esta Candidatura se prop\u00f5e.<\/p>\n\n\n\n<h2 class=\"wp-block-heading\">Lista de candidatos aos \u00f3rg\u00e3os sociais do NAM para o bi\u00e9nio 2023\/25<\/h2>\n\n\n\n<p><strong>ASSEMBLEIA GERAL<\/strong><\/p>\n\n\n\n<p>Ab\u00edlio Hernandez Cardoso (Presidente)<\/p>\n\n\n\n<p>Sara Am\u00e2ncio (Vice-Presidente)<\/p>\n\n\n\n<p>Lu\u00edsa Semedo (Secret\u00e1ria)<\/p>\n\n\n\n<p><strong>CONSELHO FISCAL<\/strong><\/p>\n\n\n\n<p>Artur Pinto (Presidente)<\/p>\n\n\n\n<p>Ant\u00f3nio Cris\u00f3stomo Teixeira (Vice-Presidente)<\/p>\n\n\n\n<p>Carlos Pereira Martins (Secret\u00e1rio)<\/p>\n\n\n\n<p><strong>DIREC\u00c7\u00c3O<\/strong><\/p>\n\n\n\n<p>Eurico Reis (Presidente)<\/p>\n\n\n\n<p>Maria Jorgete Teixeira (Vice-Presidente)<\/p>\n\n\n\n<p>Marcos S\u00e1 (Secret\u00e1rio)<\/p>\n\n\n\n<p>Helena Malaquias (Tesoureira)<\/p>\n\n\n\n<p>Jos\u00e9 Zaluar (Vogal)<\/p>\n\n\n\n<p>Ant\u00f3nio Rosado da Luz (Vogal)<\/p>\n\n\n\n<p>No\u00e9mia Arizt\u00eda (Vogal)<\/p>\n\n\n\n<p>Helena Pato (Vogal)<\/p>\n\n\n\n<p>C\u00e9sar Lino Lopes (Vogal)<\/p>\n\n\n\n<p><\/p>\n\n\n\n<p><\/p>\n\n\n\n<h2 class=\"wp-block-heading\"><strong>Subscritores da lista de candidatos aos corpos sociais do NAM (2023\/25)<\/strong><\/h2>\n\n\n\n<p>Alice Vieira<\/p>\n\n\n\n<p>Ana Benavente<\/p>\n\n\n\n<p>An\u00e1lia Gomes<\/p>\n\n\n\n<p>Ant\u00f3nio Avel\u00e3s<\/p>\n\n\n\n<p>Ant\u00f3nio Borges Coelho<\/p>\n\n\n\n<p>Ant\u00f3nio Ferra<\/p>\n\n\n\n<p>Ant\u00f3nio Maria de Sousa Almeida<\/p>\n\n\n\n<p>Ant\u00f3nio Ver\u00edssimo<\/p>\n\n\n\n<p>Armandina Maia<\/p>\n\n\n\n<p>B\u00e1rbara Tengarrinha<\/p>\n\n\n\n<p>Carlos Ribeiro<\/p>\n\n\n\n<p>Elsa Oliveira<\/p>\n\n\n\n<p>Eug\u00e9nia Malheiros<\/p>\n\n\n\n<p>Fernando Cardeira<\/p>\n\n\n\n<p>Filipe do Carmo<\/p>\n\n\n\n<p>Georgina Palma<\/p>\n\n\n\n<p>Helena Cabe\u00e7adas<\/p>\n\n\n\n<p>In\u00eas Furtado<\/p>\n\n\n\n<p>Isabel do Carmo<\/p>\n\n\n\n<p>J. Eduardo Brissos<\/p>\n\n\n\n<p>Joana Lopes<\/p>\n\n\n\n<p>Jo\u00e3o Cara\u00e7a<\/p>\n\n\n\n<p>Jorge Martins<\/p>\n\n\n\n<p>Jorge Vasconcelos<\/p>\n\n\n\n<p>Jos\u00e9 Ant\u00f3nio Palma<\/p>\n\n\n\n<p>Jos\u00e9 Dias<\/p>\n\n\n\n<p>Jos\u00e9 Lopes Cordeiro<\/p>\n\n\n\n<p>Jos\u00e9 Rebelo<\/p>\n\n\n\n<p>L\u00facia Ezaguy<\/p>\n\n\n\n<p>Lu\u00eds C\u00edlia<\/p>\n\n\n\n<p>Lu\u00eds Farinha<\/p>\n\n\n\n<p>Lu\u00edsa Corte Real Nogueira<\/p>\n\n\n\n<p>Lu\u00edsa Tito de Morais<\/p>\n\n\n\n<p>M Martins Guerreiro<\/p>\n\n\n\n<p>Manuel Maca\u00edsta Malheiros<\/p>\n\n\n\n<p>Manuel Pedroso Marques<\/p>\n\n\n\n<p>Manuela Almeida<\/p>\n\n\n\n<p>Maria do Ros\u00e1rio Gama<\/p>\n\n\n\n<p>M\u00e1rio de Carvalho<\/p>\n\n\n\n<p>Miguel Cardina<\/p>\n\n\n\n<p>Nat\u00e9rcio Afonso<\/p>\n\n\n\n<p>Raimundo Narciso<\/p>\n\n\n\n<p>Raquel Varela<\/p>\n\n\n\n<p>Rosa Tengarrinha<\/p>\n\n\n\n<p>Rui Namorado<\/p>\n\n\n\n<p>Rui Pato<\/p>\n\n\n\n<p>S\u00e9rgio Palma Brito<\/p>\n\n\n\n<p>Tereza Spranger<\/p>\n\n\n\n<p>V\u00edtor Sarmento<\/p>\n","protected":false},"excerpt":{"rendered":"<p>A Associa\u00e7\u00e3o Movimento C\u00edvico N\u00e3o Apaguem a Mem\u00f3ria vai a votos para eleger novos corpos&#8230;<\/p>\n","protected":false},"author":2,"featured_media":9835,"comment_status":"open","ping_status":"open","sticky":true,"template":"","format":"standard","meta":{"sfsi_plus_gutenberg_text_before_share":"","sfsi_plus_gutenberg_show_text_before_share":"","sfsi_plus_gutenberg_icon_type":"","sfsi_plus_gutenberg_icon_alignemt":"","sfsi_plus_gutenburg_max_per_row":"","ngg_post_thumbnail":0,"footnotes":""},"categories":[3,238],"tags":[384],"featured_image_urls":{"full":["https:\/\/nsf.pt\/wp-content\/uploads\/2023\/06\/nam.jpg",678,318,false],"thumbnail":["https:\/\/nsf.pt\/wp-content\/uploads\/2023\/06\/nam-150x150.jpg",150,150,true],"medium":["https:\/\/nsf.pt\/wp-content\/uploads\/2023\/06\/nam-300x141.jpg",300,141,true],"medium_large":["https:\/\/nsf.pt\/wp-content\/uploads\/2023\/06\/nam.jpg",640,300,false],"large":["https:\/\/nsf.pt\/wp-content\/uploads\/2023\/06\/nam.jpg",640,300,false],"1536x1536":["https:\/\/nsf.pt\/wp-content\/uploads\/2023\/06\/nam.jpg",678,318,false],"2048x2048":["https:\/\/nsf.pt\/wp-content\/uploads\/2023\/06\/nam.jpg",678,318,false],"covernews-slider-full":["https:\/\/nsf.pt\/wp-content\/uploads\/2023\/06\/nam.jpg",678,318,false],"covernews-slider-center":["https:\/\/nsf.pt\/wp-content\/uploads\/2023\/06\/nam.jpg",678,318,false],"covernews-featured":["https:\/\/nsf.pt\/wp-content\/uploads\/2023\/06\/nam.jpg",678,318,false],"covernews-medium":["https:\/\/nsf.pt\/wp-content\/uploads\/2023\/06\/nam-540x318.jpg",540,318,true],"covernews-medium-square":["https:\/\/nsf.pt\/wp-content\/uploads\/2023\/06\/nam-400x250.jpg",400,250,true]},"author_info":{"info":["Carlos Ribeiro"]},"category_info":"<a href=\"https:\/\/nsf.pt\/index.php\/category\/cooperacao\/\" rel=\"category tag\">COOPERA\u00c7\u00c3O<\/a> <a href=\"https:\/\/nsf.pt\/index.php\/category\/destaque\/\" rel=\"category tag\">DESTAQUE<\/a>","tag_info":"DESTAQUE","comment_count":"0","_links":{"self":[{"href":"https:\/\/nsf.pt\/index.php\/wp-json\/wp\/v2\/posts\/9834"}],"collection":[{"href":"https:\/\/nsf.pt\/index.php\/wp-json\/wp\/v2\/posts"}],"about":[{"href":"https:\/\/nsf.pt\/index.php\/wp-json\/wp\/v2\/types\/post"}],"author":[{"embeddable":true,"href":"https:\/\/nsf.pt\/index.php\/wp-json\/wp\/v2\/users\/2"}],"replies":[{"embeddable":true,"href":"https:\/\/nsf.pt\/index.php\/wp-json\/wp\/v2\/comments?post=9834"}],"version-history":[{"count":1,"href":"https:\/\/nsf.pt\/index.php\/wp-json\/wp\/v2\/posts\/9834\/revisions"}],"predecessor-version":[{"id":9836,"href":"https:\/\/nsf.pt\/index.php\/wp-json\/wp\/v2\/posts\/9834\/revisions\/9836"}],"wp:featuredmedia":[{"embeddable":true,"href":"https:\/\/nsf.pt\/index.php\/wp-json\/wp\/v2\/media\/9835"}],"wp:attachment":[{"href":"https:\/\/nsf.pt\/index.php\/wp-json\/wp\/v2\/media?parent=9834"}],"wp:term":[{"taxonomy":"category","embeddable":true,"href":"https:\/\/nsf.pt\/index.php\/wp-json\/wp\/v2\/categories?post=9834"},{"taxonomy":"post_tag","embeddable":true,"href":"https:\/\/nsf.pt\/index.php\/wp-json\/wp\/v2\/tags?post=9834"}],"curies":[{"name":"wp","href":"https:\/\/api.w.org\/{rel}","templated":true}]}}