{"id":9857,"date":"2023-06-24T22:52:05","date_gmt":"2023-06-24T22:52:05","guid":{"rendered":"https:\/\/semfronteiras.eu\/?p=9857"},"modified":"2023-06-24T22:54:19","modified_gmt":"2023-06-24T22:54:19","slug":"agenda-de-ouvido-e-coracao","status":"publish","type":"post","link":"https:\/\/nsf.pt\/index.php\/2023\/06\/24\/agenda-de-ouvido-e-coracao\/","title":{"rendered":"AGENDA &#8211; De ouvido e cora\u00e7\u00e3o"},"content":{"rendered":"<div class=\"wp-block-post-date\"><time datetime=\"2023-06-24T22:52:05+00:00\">24 de Junho, 2023<\/time><\/div>\n\n\n<h2 class=\"wp-block-heading\">No dia 27 de Junho. Liceu Cam\u00f5es<\/h2>\n\n\n\n<div style=\"height:23px\" aria-hidden=\"true\" class=\"wp-block-spacer\"><\/div>\n\n\n\n<figure class=\"wp-block-gallery has-nested-images columns-default is-cropped wp-block-gallery-1 is-layout-flex wp-block-gallery-is-layout-flex\">\n<figure class=\"wp-block-image size-large is-style-default\"><img decoding=\"async\" loading=\"lazy\" width=\"640\" height=\"426\" data-id=\"9858\" src=\"https:\/\/semfronteiras.eu\/wp-content\/uploads\/2023\/06\/convite-co\u0301pia.jpeg\" alt=\"\" class=\"wp-image-9858\" srcset=\"https:\/\/nsf.pt\/wp-content\/uploads\/2023\/06\/convite-co\u0301pia.jpeg 640w, https:\/\/nsf.pt\/wp-content\/uploads\/2023\/06\/convite-co\u0301pia-300x200.jpeg 300w\" sizes=\"(max-width: 640px) 100vw, 640px\" \/><\/figure>\n<\/figure>\n\n\n\n<div style=\"height:23px\" aria-hidden=\"true\" class=\"wp-block-spacer\"><\/div>\n\n\n\n<p>No dia 27 de Junho, o N\u00facleo AJA Lisboa \u2013 Associa\u00e7\u00e3o Jos\u00e9 Afonso apresenta, no Liceu Cam\u00f5es, o projeto musical de Am\u00edlcar Vasques-Dias e Lu\u00eds Pacheco Cunha, \u201cDe ouvido e cora\u00e7\u00e3o\u201d.<\/p>\n\n\n\n<p>\u201cDe ouvido e cora\u00e7\u00e3o\u201d \u00e9 um projeto musical da autoria do compositor e pianista Am\u00edlcar Vasques-Dias em parceria com Lu\u00eds Pacheco Cunha, que recria e reinventa a obra de Jos\u00e9 Afonso, movendo-se num universo entre a m\u00fasica erudita, o jazz e o flamenco, mas permanecendo fiel \u00e0 sua matriz original.<\/p>\n\n\n\n<p>Am\u00edlcar Vasques-Dias conheceu e acompanhou Jos\u00e9 Afonso em 1978, na Holanda, tendo vindo, desde ent\u00e3o, a dedicar-se ao estudo e recria\u00e7\u00e3o da sua m\u00fasica, o que se veio a concretizar no projecto De ouvido e cora\u00e7\u00e3o, criado em parceria com o violinista Lu\u00eds Pacheco Cunha, para o qual tem contado com as colabora\u00e7\u00f5es da cantaora espanhola Esther Merino, e dos cantores l\u00edricos Carlos Guilherme e Natasa Sibalic, em concertos em Portugal, Espanha e Holanda.<\/p>\n\n\n\n<p>Para os que ainda n\u00e3o tiveram a oportunidade de assistir ao vivo a estes espet\u00e1culos, e para todos os que gostariam de os reviver, \u201cDe ouvido e cora\u00e7\u00e3o\u201d foi editado em CD e em vers\u00e3o digital, incluindo interpreta\u00e7\u00f5es de doze temas de Jos\u00e9 Afonso, como sejam os emblem\u00e1ticos \u201cQue amor n\u00e3o me engana\u201d, \u201cVenham mais cinco\u201d, \u201cVejam bem\u201d, \u201cTraz outro amigo tamb\u00e9m\u201d, \u201cCantigas do Maio\u201d, ou \u201cEu fui ver a minha amada\u201d, e outras composi\u00e7\u00f5es, tais como \u201cA mulher da erva\u201d, \u201cBalada do Outono\u201d ou \u201cCantar Alentejano (Catarina Euf\u00e9mia)\u201d.<br>Al\u00e9m dos artistas referidos, este \u00e1lbum conta ainda com a participa\u00e7\u00e3o do cantor Ricardo Ribeiro.<\/p>\n\n\n\n<p>Segundo as palavras de Rui Mota, da Associa\u00e7\u00e3o Jos\u00e9 Afonso: \u201cVer e ouvir De ouvido e cora\u00e7\u00e3o hoje, continua a ser uma experi\u00eancia \u00fanica, porque irrepet\u00edvel na sua riqueza harm\u00f3nica e mel\u00f3dica, s\u00f3 ao alcance de int\u00e9rpretes de excep\u00e7\u00e3o. A recria\u00e7\u00e3o da grande m\u00fasica de Jos\u00e9 Afonso conhece, desta forma, a dimens\u00e3o que sempre lhe esteve subjacente, mas \u00e0 qual n\u00e3o t\u00ednhamos tido, at\u00e9 agora, acesso\u201d<\/p>\n\n\n\n<p><\/p>\n\n\n\n<p><em><strong>FONTE AJA -Lisboa<\/strong><\/em><\/p>\n","protected":false},"excerpt":{"rendered":"<p>No dia 27 de Junho. Liceu Cam\u00f5es No dia 27 de Junho, o N\u00facleo AJA&#8230;<\/p>\n","protected":false},"author":2,"featured_media":9858,"comment_status":"open","ping_status":"open","sticky":true,"template":"","format":"standard","meta":{"sfsi_plus_gutenberg_text_before_share":"","sfsi_plus_gutenberg_show_text_before_share":"","sfsi_plus_gutenberg_icon_type":"","sfsi_plus_gutenberg_icon_alignemt":"","sfsi_plus_gutenburg_max_per_row":"","ngg_post_thumbnail":0,"footnotes":""},"categories":[207,3,317],"tags":[104],"featured_image_urls":{"full":["https:\/\/nsf.pt\/wp-content\/uploads\/2023\/06\/convite-co\u0301pia.jpeg",640,426,false],"thumbnail":["https:\/\/nsf.pt\/wp-content\/uploads\/2023\/06\/convite-co\u0301pia-150x150.jpeg",150,150,true],"medium":["https:\/\/nsf.pt\/wp-content\/uploads\/2023\/06\/convite-co\u0301pia-300x200.jpeg",300,200,true],"medium_large":["https:\/\/nsf.pt\/wp-content\/uploads\/2023\/06\/convite-co\u0301pia.jpeg",640,426,false],"large":["https:\/\/nsf.pt\/wp-content\/uploads\/2023\/06\/convite-co\u0301pia.jpeg",640,426,false],"1536x1536":["https:\/\/nsf.pt\/wp-content\/uploads\/2023\/06\/convite-co\u0301pia.jpeg",640,426,false],"2048x2048":["https:\/\/nsf.pt\/wp-content\/uploads\/2023\/06\/convite-co\u0301pia.jpeg",640,426,false],"covernews-slider-full":["https:\/\/nsf.pt\/wp-content\/uploads\/2023\/06\/convite-co\u0301pia.jpeg",640,426,false],"covernews-slider-center":["https:\/\/nsf.pt\/wp-content\/uploads\/2023\/06\/convite-co\u0301pia.jpeg",640,426,false],"covernews-featured":["https:\/\/nsf.pt\/wp-content\/uploads\/2023\/06\/convite-co\u0301pia.jpeg",640,426,false],"covernews-medium":["https:\/\/nsf.pt\/wp-content\/uploads\/2023\/06\/convite-co\u0301pia-540x340.jpeg",540,340,true],"covernews-medium-square":["https:\/\/nsf.pt\/wp-content\/uploads\/2023\/06\/convite-co\u0301pia-400x250.jpeg",400,250,true]},"author_info":{"info":["Carlos Ribeiro"]},"category_info":"<a href=\"https:\/\/nsf.pt\/index.php\/category\/agenda-2\/\" rel=\"category tag\">AGENDA<\/a> <a href=\"https:\/\/nsf.pt\/index.php\/category\/cooperacao\/\" rel=\"category tag\">COOPERA\u00c7\u00c3O<\/a> <a href=\"https:\/\/nsf.pt\/index.php\/category\/noticias\/\" rel=\"category tag\">NOTICIAS<\/a>","tag_info":"NOTICIAS","comment_count":"0","_links":{"self":[{"href":"https:\/\/nsf.pt\/index.php\/wp-json\/wp\/v2\/posts\/9857"}],"collection":[{"href":"https:\/\/nsf.pt\/index.php\/wp-json\/wp\/v2\/posts"}],"about":[{"href":"https:\/\/nsf.pt\/index.php\/wp-json\/wp\/v2\/types\/post"}],"author":[{"embeddable":true,"href":"https:\/\/nsf.pt\/index.php\/wp-json\/wp\/v2\/users\/2"}],"replies":[{"embeddable":true,"href":"https:\/\/nsf.pt\/index.php\/wp-json\/wp\/v2\/comments?post=9857"}],"version-history":[{"count":1,"href":"https:\/\/nsf.pt\/index.php\/wp-json\/wp\/v2\/posts\/9857\/revisions"}],"predecessor-version":[{"id":9859,"href":"https:\/\/nsf.pt\/index.php\/wp-json\/wp\/v2\/posts\/9857\/revisions\/9859"}],"wp:featuredmedia":[{"embeddable":true,"href":"https:\/\/nsf.pt\/index.php\/wp-json\/wp\/v2\/media\/9858"}],"wp:attachment":[{"href":"https:\/\/nsf.pt\/index.php\/wp-json\/wp\/v2\/media?parent=9857"}],"wp:term":[{"taxonomy":"category","embeddable":true,"href":"https:\/\/nsf.pt\/index.php\/wp-json\/wp\/v2\/categories?post=9857"},{"taxonomy":"post_tag","embeddable":true,"href":"https:\/\/nsf.pt\/index.php\/wp-json\/wp\/v2\/tags?post=9857"}],"curies":[{"name":"wp","href":"https:\/\/api.w.org\/{rel}","templated":true}]}}