{"id":9942,"date":"2023-07-05T23:18:19","date_gmt":"2023-07-05T23:18:19","guid":{"rendered":"https:\/\/semfronteiras.eu\/?p=9942"},"modified":"2023-07-06T22:38:43","modified_gmt":"2023-07-06T22:38:43","slug":"associacoes-nam-elegeu-corpos-sociais-e-consolidou-nucleo-dinamizador","status":"publish","type":"post","link":"https:\/\/nsf.pt\/index.php\/2023\/07\/05\/associacoes-nam-elegeu-corpos-sociais-e-consolidou-nucleo-dinamizador\/","title":{"rendered":"ASSOCIA\u00c7\u00d5ES &#8211; NAM elegeu corpos sociais e consolidou n\u00facleo dinamizador"},"content":{"rendered":"<div class=\"wp-block-post-date\"><time datetime=\"2023-07-05T23:18:19+00:00\">5 de Julho, 2023<\/time><\/div>\n\n\n<h2 class=\"wp-block-heading\">Presidente do J\u00fari do Tribunal de Consci\u00eancia &#8220;Eu Acuso&#8221;  realizado em 2008, Eurico Reis, lidera a Dire\u00e7\u00e3o do NAM<\/h2>\n\n\n\n<div style=\"height:22px\" aria-hidden=\"true\" class=\"wp-block-spacer\"><\/div>\n\n\n\n<figure class=\"wp-block-gallery has-nested-images columns-default is-cropped wp-block-gallery-1 is-layout-flex wp-block-gallery-is-layout-flex\">\n<figure class=\"wp-block-image size-large is-style-default\"><img decoding=\"async\" loading=\"lazy\" width=\"728\" height=\"613\" data-id=\"9943\" src=\"https:\/\/semfronteiras.eu\/wp-content\/uploads\/2023\/07\/ereis.jpg\" alt=\"\" class=\"wp-image-9943\" srcset=\"https:\/\/nsf.pt\/wp-content\/uploads\/2023\/07\/ereis.jpg 728w, https:\/\/nsf.pt\/wp-content\/uploads\/2023\/07\/ereis-300x253.jpg 300w\" sizes=\"(max-width: 728px) 100vw, 728px\" \/><\/figure>\n<\/figure>\n\n\n\n<p class=\"has-text-align-center\">Eurico Reis, Presidente da Dire\u00e7\u00e3o do NAM<\/p>\n\n\n\n<div style=\"height:33px\" aria-hidden=\"true\" class=\"wp-block-spacer\"><\/div>\n\n\n\n<p>Com 44 votos a favor da lista \u00fanica que se apresentou a sufr\u00e1gio, sendo que 16 foram presenciais e os restantes por correspond\u00eancia, os Corpos Sociais do NAM para o bi\u00e9nio 2023\/2025 foram eleitos e uma nova lideran\u00e7a assumiu a responsabilidade de conduzir a Associa\u00e7\u00e3o Movimento em torno de um programa simples mas abarcando as ideias essenciais das inten\u00e7\u00f5es de iniciativas que o n\u00facleo dirigente se prop\u00f5e dinamizar.<\/p>\n\n\n\n<p>Eurico Reis \u00e9 o novo Presidente da Dire\u00e7\u00e3o. <\/p>\n\n\n\n<h2 class=\"wp-block-heading\">Ativismo e milit\u00e2ncia pol\u00edtica <\/h2>\n\n\n\n<p>Foi activista do movimento associativo estudantil no ensino secund\u00e1rio de Lisboa entre 1970 e 1974 e activista associativo no ensino superior entre 1975 e 1980. Foi activista e militante pol\u00edtico entre 1970 e 1978.<\/p>\n\n\n\n<p>Exerceu a fun\u00e7\u00e3o de Presidente da Mesa da Assembleia Geral do NAM no bi\u00e9nio 2010\/12.<\/p>\n\n\n\n<p>Foi Presidente do J\u00fari do Tribunal de Consci\u00eancia &#8220;Eu Acuso&#8221; organizado pela Plataforma Portuguesa das ONG, destinado a apreciar qual o grau de cumprimento dos acordos e outros compromissos firmados entre a Uni\u00e3o Europeia e \u00c1frica, cujas sess\u00f5es tiveram lugar em Lisboa nos dias 9 e 10 de dezembro de 2008.<\/p>\n\n\n\n<p><\/p>\n\n\n\n<h2 class=\"wp-block-heading\">Conhe\u00e7a um pouco melhor o Presidente da Dire\u00e7\u00e3o do NAM<\/h2>\n\n\n\n<p>Recorde-se que foi presidente da Comiss\u00e3o da Carteira Profissional de Jornalista, de um Grupo de Trabalho sobre Estat\u00edsticas da Justi\u00e7a do Conselho Superior de Estat\u00edstica (INE), e do Conselho Nacional de Procria\u00e7\u00e3o Medicamente Assistida (CNPMA), tendo presidido a duas Comiss\u00f5es Arbitrais relativas a acidentes de sa\u00fade ocorridos um no Hospital de Santa Maria e outro no Hospital Garcia de Orta. Participou, entre 8\/02\/2008 e 3\/02\/2012, no Grupo Consultivo Informal de Peritos que aconselhou o, \u00e0 data, Directorado Geral da Economia Baseada no Conhecimento, da Direc\u00e7\u00e3o Geral do Mercado Interno e Servi\u00e7os da Comiss\u00e3o Europeia em mat\u00e9rias relativas \u00e0 cria\u00e7\u00e3o de um Tribunal da Uni\u00e3o Europeia para as Patentes e \u00e0 elabora\u00e7\u00e3o da Directiva relativa ao estabelecimento de uma protec\u00e7\u00e3o unit\u00e1ria para as patentes europeias.<\/p>\n\n\n\n<p>Eurico Reis esteve ainda diretamente ligado \u00e0 elabora\u00e7\u00e3o de legisla\u00e7\u00e3o relativa a essas \u00e1reas, e, quanto \u00e0 \u00faltima, em concreto, quanto a quest\u00f5es de interrup\u00e7\u00e3o volunt\u00e1ria da gravidez, de procria\u00e7\u00e3o medicamente assistida (e no alargamento do acesso a essas t\u00e9cnicas por parte de casais de l\u00e9sbicas e mulheres sem parceiro ou parceira), de gesta\u00e7\u00e3o de substitui\u00e7\u00e3o e de insemina\u00e7\u00e3o post mortem.<\/p>\n\n\n\n<h2 class=\"wp-block-heading\">Recordamos a lista dos (e das) que se fizeram eleger no passado dia 1 de julho<\/h2>\n\n\n\n<ul><li><strong>ASSEMBLEIA GERAL<\/strong><\/li><\/ul>\n\n\n\n<ul><li>Ab\u00edlio Hernandez Cardoso (Presidente)<\/li><li>Sara Am\u00e2ncio (Vice-Presidente)<\/li><li>Lu\u00edsa Semedo (Secret\u00e1ria)<\/li><\/ul>\n\n\n\n<p><\/p>\n\n\n\n<ul><li><strong>CONSELHO FISCAL<\/strong><\/li><\/ul>\n\n\n\n<ul><li>Artur Pinto (Presidente)<\/li><li>Ant\u00f3nio Cris\u00f3stomo Teixeira (Vice-Presidente)<\/li><li>Carlos Pereira Martins (Secret\u00e1rio)<\/li><\/ul>\n\n\n\n<p><\/p>\n\n\n\n<ul><li><strong>DIREC\u00c7\u00c3O<\/strong><\/li><\/ul>\n\n\n\n<ul><li>Eurico Reis (Presidente)<\/li><li>Maria Jorgete Teixeira (Vice-Presidente)<\/li><li>Marcos S\u00e1 (Secret\u00e1rio)<\/li><li>Helena Malaquias (Tesoureira)<\/li><li>Jos\u00e9 Zaluar (Vogal)<\/li><li>Ant\u00f3nio Rosado da Luz (Vogal)<\/li><li>No\u00e9mia Arizt\u00eda (Vogal)<\/li><li>Helena Pato (Vogal)<\/li><li>C\u00e9sar Lino Lopes (Vogal)<\/li><\/ul>\n\n\n\n<p><em>Fonte: NAM<\/em><\/p>\n","protected":false},"excerpt":{"rendered":"<p>Presidente do J\u00fari do Tribunal de Consci\u00eancia &#8220;Eu Acuso&#8221; realizado em 2008, Eurico Reis, lidera&#8230;<\/p>\n","protected":false},"author":2,"featured_media":9943,"comment_status":"open","ping_status":"open","sticky":true,"template":"","format":"standard","meta":{"sfsi_plus_gutenberg_text_before_share":"","sfsi_plus_gutenberg_show_text_before_share":"","sfsi_plus_gutenberg_icon_type":"","sfsi_plus_gutenberg_icon_alignemt":"","sfsi_plus_gutenburg_max_per_row":"","ngg_post_thumbnail":0,"footnotes":""},"categories":[3,238,317],"tags":[384],"featured_image_urls":{"full":["https:\/\/nsf.pt\/wp-content\/uploads\/2023\/07\/ereis.jpg",728,613,false],"thumbnail":["https:\/\/nsf.pt\/wp-content\/uploads\/2023\/07\/ereis-150x150.jpg",150,150,true],"medium":["https:\/\/nsf.pt\/wp-content\/uploads\/2023\/07\/ereis-300x253.jpg",300,253,true],"medium_large":["https:\/\/nsf.pt\/wp-content\/uploads\/2023\/07\/ereis.jpg",640,539,false],"large":["https:\/\/nsf.pt\/wp-content\/uploads\/2023\/07\/ereis.jpg",640,539,false],"1536x1536":["https:\/\/nsf.pt\/wp-content\/uploads\/2023\/07\/ereis.jpg",728,613,false],"2048x2048":["https:\/\/nsf.pt\/wp-content\/uploads\/2023\/07\/ereis.jpg",728,613,false],"covernews-slider-full":["https:\/\/nsf.pt\/wp-content\/uploads\/2023\/07\/ereis.jpg",728,613,false],"covernews-slider-center":["https:\/\/nsf.pt\/wp-content\/uploads\/2023\/07\/ereis-728x500.jpg",728,500,true],"covernews-featured":["https:\/\/nsf.pt\/wp-content\/uploads\/2023\/07\/ereis.jpg",728,613,false],"covernews-medium":["https:\/\/nsf.pt\/wp-content\/uploads\/2023\/07\/ereis-540x340.jpg",540,340,true],"covernews-medium-square":["https:\/\/nsf.pt\/wp-content\/uploads\/2023\/07\/ereis-400x250.jpg",400,250,true]},"author_info":{"info":["Carlos Ribeiro"]},"category_info":"<a href=\"https:\/\/nsf.pt\/index.php\/category\/cooperacao\/\" rel=\"category tag\">COOPERA\u00c7\u00c3O<\/a> <a href=\"https:\/\/nsf.pt\/index.php\/category\/destaque\/\" rel=\"category tag\">DESTAQUE<\/a> <a href=\"https:\/\/nsf.pt\/index.php\/category\/noticias\/\" rel=\"category tag\">NOTICIAS<\/a>","tag_info":"NOTICIAS","comment_count":"0","_links":{"self":[{"href":"https:\/\/nsf.pt\/index.php\/wp-json\/wp\/v2\/posts\/9942"}],"collection":[{"href":"https:\/\/nsf.pt\/index.php\/wp-json\/wp\/v2\/posts"}],"about":[{"href":"https:\/\/nsf.pt\/index.php\/wp-json\/wp\/v2\/types\/post"}],"author":[{"embeddable":true,"href":"https:\/\/nsf.pt\/index.php\/wp-json\/wp\/v2\/users\/2"}],"replies":[{"embeddable":true,"href":"https:\/\/nsf.pt\/index.php\/wp-json\/wp\/v2\/comments?post=9942"}],"version-history":[{"count":2,"href":"https:\/\/nsf.pt\/index.php\/wp-json\/wp\/v2\/posts\/9942\/revisions"}],"predecessor-version":[{"id":9945,"href":"https:\/\/nsf.pt\/index.php\/wp-json\/wp\/v2\/posts\/9942\/revisions\/9945"}],"wp:featuredmedia":[{"embeddable":true,"href":"https:\/\/nsf.pt\/index.php\/wp-json\/wp\/v2\/media\/9943"}],"wp:attachment":[{"href":"https:\/\/nsf.pt\/index.php\/wp-json\/wp\/v2\/media?parent=9942"}],"wp:term":[{"taxonomy":"category","embeddable":true,"href":"https:\/\/nsf.pt\/index.php\/wp-json\/wp\/v2\/categories?post=9942"},{"taxonomy":"post_tag","embeddable":true,"href":"https:\/\/nsf.pt\/index.php\/wp-json\/wp\/v2\/tags?post=9942"}],"curies":[{"name":"wp","href":"https:\/\/api.w.org\/{rel}","templated":true}]}}